{"id":675947,"date":"2026-04-29T14:54:31","date_gmt":"2026-04-29T18:54:31","guid":{"rendered":"https:\/\/diariodominicano.com\/?p=675947"},"modified":"2026-04-29T14:54:41","modified_gmt":"2026-04-29T18:54:41","slug":"mirex-convoca-a-postulacion-para-la-8-a-edicion-del-premio-al-emigrante-dominicano-sr-oscar-de-la-renta","status":"publish","type":"post","link":"https:\/\/diariodominicano.com\/?p=675947","title":{"rendered":"Mirex convoca a postulaci\u00f3n para la 8. \u00aa edici\u00f3n del Premio al Emigrante Dominicano Sr. Oscar de la Renta"},"content":{"rendered":"\n<p>diariodominicano.com<\/p>\n\n\n\n<p>Santo\u00a0Domingo, R. D., 29 de abril, 2026.\u2013\u00a0 <strong>El Ministerio de Relaciones Exteriores<\/strong>\u00a0(Mirex) dej\u00f3 abierta hoy, 29 de abril, la convocatoria para la postulaci\u00f3n de dominicanas y dominicanos<strong>\u00a0residentes en el exterior\u00a0<\/strong>a la 8. \u00aa edici\u00f3n del\u00a0<strong>Premio al Emigrante Dominicano Sr. Oscar de la Renta<\/strong>, una premiaci\u00f3n que reconoce aquellos aportes que dejan\u00a0<strong>huellas positivas<\/strong>\u00a0en las comunidades donde se radican, as\u00ed como en Rep\u00fablica Dominicana.\u00a0<\/p>\n\n\n\n<p>El&nbsp;Mirex&nbsp;exhort\u00f3 a todas las personas o instituciones que conozcan perfiles para ser postulados a depositar sus propuestas de candidaturas en las&nbsp;<strong>embajadas y consulados dominicanos<\/strong>; en las oficinas del Instituto de Dominicanos y&nbsp;Dominicanas&nbsp;en el Exterior (Index); asimismo, en la&nbsp;<strong>Direcci\u00f3n de Diplomacia Especializada,<\/strong>&nbsp;ubicada en la Canciller\u00eda.&nbsp;<\/p>\n\n\n\n<p>El plazo de presentaci\u00f3n de las propuestas finalizar\u00e1 el pr\u00f3ximo&nbsp;<strong>11 de septiembre de 2026<\/strong>, por lo cual, el&nbsp;Mirex&nbsp;hace un llamado a las distintas entidades&nbsp;<strong>acad\u00e9micas, religiosas y empresariales<\/strong>; organizaciones de la sociedad&nbsp;<strong>civil, sociales y personas individuales,<\/strong>&nbsp;a que postulen a emigrantes que cuenten con m\u00e9ritos para optar por dicho Premio.&nbsp;&nbsp;<\/p>\n\n\n\n<p>Cada a\u00f1o, el&nbsp;Mirex&nbsp;entrega el Premio al Emigrante Dominicano Sr. Oscar de la Renta,&nbsp;<strong>la m\u00e1s importante premiaci\u00f3n del Estado<\/strong>&nbsp;a las dominicanas y dominicanos y sus descendientes de primera y segunda generaci\u00f3n, que tienen una trayectoria destacada en el exterior en el \u00e1rea&nbsp;<strong>cient\u00edfica, art\u00edstica, humanista, laboral, profesional y acad\u00e9mica<\/strong>, contribuyendo positivamente a la comunidad donde residen, manteniendo sus v\u00ednculos con el pa\u00eds.&nbsp;<\/p>\n\n\n\n<p>Este galard\u00f3n est\u00e1 inspirado en la trayectoria de vida de un dominicano ejemplar,&nbsp;<strong>el Sr. Oscar de la Renta<\/strong>, quien logr\u00f3&nbsp;<strong>admiraci\u00f3n, cari\u00f1o y respeto internacional<\/strong>, convirti\u00e9ndose en uno de los dominicanos&nbsp;<strong>de mayor renombre<\/strong>&nbsp;a nivel mundial y un ejemplo de marca pa\u00eds.&nbsp;<\/p>\n\n\n\n<p>Para m\u00e1s informaci\u00f3n sobre las bases de la premiaci\u00f3n, la Canciller\u00eda tiene a la disposici\u00f3n el portal web www.premioemigrantedominicano.gob.do y los tel\u00e9fonos, en oficina 1-809-987-7001 (ext. 7761, 7769, 7427, 7190), y en WhatsApp 1-829-257-4258.&nbsp;<\/p>\n\n\n\n<p><a href=\"https:\/\/presidencia.gob.do\/taxonomy\/term\/73\">MIREX<\/a><\/p>\n","protected":false},"excerpt":{"rendered":"<p>diariodominicano.com Santo\u00a0Domingo, R. D., 29 de abril, 2026.\u2013\u00a0 El Ministerio de Relaciones Exteriores\u00a0(Mirex) dej\u00f3 abierta hoy, 29 de abril, la convocatoria para la postulaci\u00f3n de dominicanas y dominicanos\u00a0residentes en el exterior\u00a0a la 8. \u00aa edici\u00f3n del\u00a0Premio al Emigrante Dominicano Sr. Oscar de la Renta, una premiaci\u00f3n que reconoce aquellos aportes que dejan\u00a0huellas positivas\u00a0en las comunidades [&hellip;]<\/p>\n","protected":false},"author":5,"featured_media":675948,"comment_status":"closed","ping_status":"closed","sticky":false,"template":"","format":"standard","meta":{"footnotes":""},"categories":[20,27],"tags":[],"class_list":["post-675947","post","type-post","status-publish","format-standard","has-post-thumbnail","hentry","category-dominicana-hoy","category-portada"],"_links":{"self":[{"href":"https:\/\/diariodominicano.com\/index.php?rest_route=\/wp\/v2\/posts\/675947","targetHints":{"allow":["GET"]}}],"collection":[{"href":"https:\/\/diariodominicano.com\/index.php?rest_route=\/wp\/v2\/posts"}],"about":[{"href":"https:\/\/diariodominicano.com\/index.php?rest_route=\/wp\/v2\/types\/post"}],"author":[{"embeddable":true,"href":"https:\/\/diariodominicano.com\/index.php?rest_route=\/wp\/v2\/users\/5"}],"replies":[{"embeddable":true,"href":"https:\/\/diariodominicano.com\/index.php?rest_route=%2Fwp%2Fv2%2Fcomments&post=675947"}],"version-history":[{"count":1,"href":"https:\/\/diariodominicano.com\/index.php?rest_route=\/wp\/v2\/posts\/675947\/revisions"}],"predecessor-version":[{"id":675949,"href":"https:\/\/diariodominicano.com\/index.php?rest_route=\/wp\/v2\/posts\/675947\/revisions\/675949"}],"wp:featuredmedia":[{"embeddable":true,"href":"https:\/\/diariodominicano.com\/index.php?rest_route=\/wp\/v2\/media\/675948"}],"wp:attachment":[{"href":"https:\/\/diariodominicano.com\/index.php?rest_route=%2Fwp%2Fv2%2Fmedia&parent=675947"}],"wp:term":[{"taxonomy":"category","embeddable":true,"href":"https:\/\/diariodominicano.com\/index.php?rest_route=%2Fwp%2Fv2%2Fcategories&post=675947"},{"taxonomy":"post_tag","embeddable":true,"href":"https:\/\/diariodominicano.com\/index.php?rest_route=%2Fwp%2Fv2%2Ftags&post=675947"}],"curies":[{"name":"wp","href":"https:\/\/api.w.org\/{rel}","templated":true}]}}