{"id":675936,"date":"2026-04-29T16:51:29","date_gmt":"2026-04-29T20:51:29","guid":{"rendered":"https:\/\/diariodominicano.com\/?p=675936"},"modified":"2026-04-29T16:59:37","modified_gmt":"2026-04-29T20:59:37","slug":"una-cantaleta-anonima-con-sello-institucional","status":"publish","type":"post","link":"https:\/\/diariodominicano.com\/?p=675936","title":{"rendered":"UNA CANTALETA AN\u00d3NIMA CON SELLO INSTITUCIONAL"},"content":{"rendered":"\n<p>Est\u00e1 circulando en las redes un art\u00edculo acerca de la Revoluci\u00f3n de Abril, sin firma responsable, pero con el sello de \u201cTexto UASD\u201d. Algo, por decir lo menos, extra\u00f1o, porque los autores de trabajos acad\u00e9micos suelen colocar sus nombres, y m\u00e1s a\u00fan si provienen de una instituci\u00f3n como la universidad.<\/p>\n\n\n\n<p>Llama poderosamente la atenci\u00f3n el siguiente p\u00e1rrafo:<\/p>\n\n\n\n<p>\u201cBosch y Balaguer organizaron una conspiraci\u00f3n c\u00edvico-militar, en la cual militares j\u00f3venes y de baja graduaci\u00f3n, vinculados al Partido Revolucionario Dominicano, pero con una conciencia democr\u00e1tica y constitucionalista, se unieron con militares trujillistas-balagueristas, como el llamado Clan de San Crist\u00f3bal, encabezado por Ney Nivar Seijas y que respond\u00eda al liderazgo del Dr. Balaguer\u201d.<\/p>\n\n\n\n<p>(Texto UASD)<\/p>\n\n\n\n<p>Al parecer, el autor an\u00f3nimo ha confundido procesos distintos, probablemente mezclando ese planteamiento con el Pacto de R\u00edo Piedras entre el PRD y el PRSC. A esto se suma la confusi\u00f3n posterior en torno a las siglas partidarias vinculadas al doctor Joaqu\u00edn Balaguer tras los doce a\u00f1os de gobierno.<\/p>\n\n\n\n<p>Aquel acuerdo respond\u00eda a una l\u00f3gica pol\u00edtica espec\u00edfica, pero no puede extrapolarse mec\u00e1nicamente como prueba de una conspiraci\u00f3n conjunta, ni mucho menos como base de una acci\u00f3n militar coordinada en el terreno.<\/p>\n\n\n\n<p>En ese art\u00edculo se le atribuye a Balaguer un protagonismo como actor y coautor de la gesta constitucionalista, lo cual distorsiona el proceso hist\u00f3rico. El llamado Clan de San Crist\u00f3bal no persegu\u00eda los mismos objetivos que Juan Bosch y Rafael Tom\u00e1s Fern\u00e1ndez Dom\u00ednguez, aunque en determinados momentos pudieran coincidir en alg\u00fan punto.<\/p>\n\n\n\n<p>Bosch no conspir\u00f3 con Balaguer; su v\u00ednculo pol\u00edtico y conspirativo fue con Fern\u00e1ndez Dom\u00ednguez y sus compa\u00f1eros del grupo Enriquillo.<\/p>\n\n\n\n<p>Ese tipo de formulaci\u00f3n no es inocente: reordena el sentido pol\u00edtico de los hechos y diluye responsabilidades hist\u00f3ricas.<\/p>\n\n\n\n<p>La afirmaci\u00f3n de que Bosch y Balaguer organizaron conjuntamente una \u201cconspiraci\u00f3n c\u00edvico-militar\u201d no solo es imprecisa, sino que introduce una distorsi\u00f3n grave del proceso hist\u00f3rico, al sugerir una convergencia estrat\u00e9gica que no existi\u00f3 en los t\u00e9rminos planteados.<\/p>\n\n\n\n<p>Con ese argumento se sobredimensiona el papel de Balaguer, coloc\u00e1ndolo como coactor de la gesta constitucionalista, lo que en la pr\u00e1ctica desplaza el eje real del movimiento: la restituci\u00f3n del orden democr\u00e1tico encabezado por Bosch y defendido por militares como Francisco Alberto Caama\u00f1o De\u00f1\u00f3 y Rafael Tom\u00e1s Fern\u00e1ndez Dom\u00ednguez, junto a numerosos oficiales y combatientes comprometidos con la constitucionalidad.<\/p>\n\n\n\n<p>El llamado Clan de San Crist\u00f3bal, vinculado a Ney Nivar Seijas, no respond\u00eda a los mismos objetivos pol\u00edticos que el n\u00facleo constitucionalista. Aunque en determinados momentos coincidieran en acciones puntuales contra un enemigo com\u00fan, sus motivaciones, lealtades y proyecto de poder eran distintos. Equipararlos bajo una misma \u201cconspiraci\u00f3n\u201d es desconocer esas diferencias y simplificar, de manera interesada, la complejidad del proceso.<\/p>\n\n\n\n<p>En el fondo, este tipo de narrativa busca instalar una idea recurrente: diluir el car\u00e1cter democr\u00e1tico y constitucional del movimiento de abril y, al mismo tiempo, redistribuir protagonismos para relativizar el papel de Bosch. Es una forma m\u00e1s de la conocida \u201ccantaleta\u201d que intenta desdibujar su liderazgo hist\u00f3rico.<\/p>\n\n\n\n<p>La historia, sin embargo, es m\u00e1s clara: no hubo una conspiraci\u00f3n homog\u00e9nea, sino la confluencia \u2014a veces contradictoria\u2014 de distintos sectores, donde el proyecto constitucionalista ten\u00eda un objetivo definido que no puede ser confundido con otras agendas.<\/p>\n\n\n\n<p>FS<\/p>\n\n\n\n<p><\/p>\n","protected":false},"excerpt":{"rendered":"<p>Est\u00e1 circulando en las redes un art\u00edculo acerca de la Revoluci\u00f3n de Abril, sin firma responsable, pero con el sello de \u201cTexto UASD\u201d. Algo, por decir lo menos, extra\u00f1o, porque los autores de trabajos acad\u00e9micos suelen colocar sus nombres, y m\u00e1s a\u00fan si provienen de una instituci\u00f3n como la universidad. Llama poderosamente la atenci\u00f3n el [&hellip;]<\/p>\n","protected":false},"author":7,"featured_media":434336,"comment_status":"closed","ping_status":"closed","sticky":false,"template":"","format":"standard","meta":{"footnotes":""},"categories":[21],"tags":[5746],"class_list":["post-675936","post","type-post","status-publish","format-standard","has-post-thumbnail","hentry","category-cultura","tag-revolucion-de-abril"],"_links":{"self":[{"href":"https:\/\/diariodominicano.com\/index.php?rest_route=\/wp\/v2\/posts\/675936","targetHints":{"allow":["GET"]}}],"collection":[{"href":"https:\/\/diariodominicano.com\/index.php?rest_route=\/wp\/v2\/posts"}],"about":[{"href":"https:\/\/diariodominicano.com\/index.php?rest_route=\/wp\/v2\/types\/post"}],"author":[{"embeddable":true,"href":"https:\/\/diariodominicano.com\/index.php?rest_route=\/wp\/v2\/users\/7"}],"replies":[{"embeddable":true,"href":"https:\/\/diariodominicano.com\/index.php?rest_route=%2Fwp%2Fv2%2Fcomments&post=675936"}],"version-history":[{"count":2,"href":"https:\/\/diariodominicano.com\/index.php?rest_route=\/wp\/v2\/posts\/675936\/revisions"}],"predecessor-version":[{"id":675962,"href":"https:\/\/diariodominicano.com\/index.php?rest_route=\/wp\/v2\/posts\/675936\/revisions\/675962"}],"wp:featuredmedia":[{"embeddable":true,"href":"https:\/\/diariodominicano.com\/index.php?rest_route=\/wp\/v2\/media\/434336"}],"wp:attachment":[{"href":"https:\/\/diariodominicano.com\/index.php?rest_route=%2Fwp%2Fv2%2Fmedia&parent=675936"}],"wp:term":[{"taxonomy":"category","embeddable":true,"href":"https:\/\/diariodominicano.com\/index.php?rest_route=%2Fwp%2Fv2%2Fcategories&post=675936"},{"taxonomy":"post_tag","embeddable":true,"href":"https:\/\/diariodominicano.com\/index.php?rest_route=%2Fwp%2Fv2%2Ftags&post=675936"}],"curies":[{"name":"wp","href":"https:\/\/api.w.org\/{rel}","templated":true}]}}