{"id":675935,"date":"2026-04-29T16:28:01","date_gmt":"2026-04-29T20:28:01","guid":{"rendered":"https:\/\/diariodominicano.com\/?p=675935"},"modified":"2026-04-29T16:28:03","modified_gmt":"2026-04-29T20:28:03","slug":"en-menos-de-cuatro-anos-gobierno-reinaugura-por-segunda-vez-museo-nacional-de-historia-y-geografia","status":"publish","type":"post","link":"https:\/\/diariodominicano.com\/?p=675935","title":{"rendered":"En menos de cuatro a\u00f1os, Gobierno reinaugura por segunda vez Museo Nacional de Historia y Geograf\u00eda"},"content":{"rendered":"\n<p>Las declaraciones de Salcedo y Guerrero ignoran el acto celebrado en diciembre del 2022, encabezado en esa oportunidad por la vicepresidenta Raquel Pe\u00f1a y su antecesora en el puesto, la exministra de Cultura, Milagros Germ\u00e1n.<\/p>\n\n\n\n<p>Javier Flores<\/p>\n\n\n\n<p>Santo Domingo, RD .- Por segunda vez en menos de cuatro a\u00f1os, el Gobierno del presidente Luis Abinader \u00abreinaugur\u00f3\u00bb el Museo Nacional de Historia y Geograf\u00eda.<\/p>\n\n\n\n<p>Al pronunciar las palabras centrales del acto, el ministro de Cultura, Roberto \u00c1ngel Salcedo manifest\u00f3 que \u00abaunque no precisa\u00bb el tiempo exacto, el lugar llevaba \u00abm\u00e1s de una d\u00e9cada\u00bb clausurado.<\/p>\n\n\n\n<p>\u00abPreguntaba el se\u00f1or presidente, el tiempo que ten\u00eda esto cerrado, en efecto yo no ten\u00eda la precisi\u00f3n de la respuesta, s\u00ed sab\u00eda que ya ten\u00eda un tiempo prudente y que el museo no aguantaba m\u00e1s con sus puertas cerradas; m\u00e1s de una d\u00e9cada dur\u00f3 el Museo de Historia y Geograf\u00eda sin tener un contacto directo con la sociedad dominicana\u00bb, exclam\u00f3 Salcedo.<\/p>\n\n\n\n<p>\u00abHoy, martes 28 de abril del 2026, es un d\u00eda memorable para la Rep\u00fablica Dominicana debido a que el Museo reabre sus puertas. Por da\u00f1os a la infraestructura la instituci\u00f3n cerr\u00f3 por m\u00e1s de 12 a\u00f1os por lo que la administraci\u00f3n del presidente Abinader la reabre remozando su parte f\u00edsica, que incluye aire acondicionado, impermeabilizaci\u00f3n de techos y paredes, 13 nuevas salas, etc\u00e9tera\u00bb, manifest\u00f3 Guerrero<\/p>\n\n\n\n<p>Las declaraciones de Salcedo y Guerrero ignoran el acto celebrado en diciembre del 2022, encabezado en esa oportunidad por la vicepresidenta Raquel Pe\u00f1a y su antecesora en el puesto, la exministra de Cultura, Milagros Germ\u00e1n.<\/p>\n\n\n\n<p>En esa ocasi\u00f3n, se inform\u00f3 que el mismo se mantuvo cerrado al p\u00fablico por 17 a\u00f1os debido a \u00abprocesos de remodelaci\u00f3n\u00bb hasta esa fecha y que funcionar\u00eda de manera regular a partir de ese momento.<\/p>\n\n\n\n<p>\u00c1reas remodeladas o nuevas<\/p>\n\n\n\n<p>En ese diciembre del 2022, se indic\u00f3 que las \u00abnuevas \u00e1reas instaladas\u00bb eran salas de la Patria y de los Presidentes, de la Era de Trujillo, de la guerrilla de Caama\u00f1o y de la colecci\u00f3n de las piezas museogr\u00e1ficas, as\u00ed como el espacio El jard\u00edn de Hostos.<\/p>\n\n\n\n<p>Durante la actividad de este martes, encabezada por el presidente Abinader, se indic\u00f3 que esas mismas \u00e1reas (La Patria, Los Presidentes, Trujillo: una era de terror, La Guerrilla de Caama\u00f1o, la colecci\u00f3n de piezas museogr\u00e1ficas y El Jard\u00edn de Hostos) como \u00abnuevas salas. La \u00fanica variaci\u00f3n con la del 2022 fue el anuncio de la incorporaci\u00f3n de una sala dedicada a la Guerra de Abril.<\/p>\n\n\n\n<p>Sin dar detalles de inversi\u00f3n<\/p>\n\n\n\n<p>Al igual que en diciembre del 2022, en esta oportunidad tampoco dieron a conocer hasta cu\u00e1nto asciende el monto de inversi\u00f3n en los trabajos realizados para la \u00abreinauguraci\u00f3n\u00bb del Museo.<\/p>\n\n\n\n<p>Puertas \u00ababiertas\u00bb pero cerradas<\/p>\n\n\n\n<p>A pesar de que se indic\u00f3 que \u00ababr\u00eda sus puertas\u00bb, el Museo se manten\u00eda funcionando.<\/p>\n\n\n\n<p>En noviembre del 2023, la Fundaci\u00f3n Jos\u00e9 Francisco Pe\u00f1a G\u00f3mez realiz\u00f3 una exposici\u00f3n de sus pertenencias y lanz\u00f3 el libro \u201cHistoria pol\u00edtica de la naci\u00f3n desde la \u00f3ptica del Dr. Jos\u00e9 Francisco Pe\u00f1a G\u00f3mez\u201d para conmemorar el 25 aniversario del fallecimiento del l\u00edder pol\u00edtico y social, en esa actividad tambi\u00e9n estuvo presente el presidente Abinader.<\/p>\n\n\n\n<p>Tan reciente como la pasada semana, el museo estaba realizando una serie conmemorativas a la revoluci\u00f3n de Abril.<\/p>\n\n\n\n<p>Listin Diario<\/p>\n\n\n\n<p><\/p>\n","protected":false},"excerpt":{"rendered":"<p>Las declaraciones de Salcedo y Guerrero ignoran el acto celebrado en diciembre del 2022, encabezado en esa oportunidad por la vicepresidenta Raquel Pe\u00f1a y su antecesora en el puesto, la exministra de Cultura, Milagros Germ\u00e1n. Javier Flores Santo Domingo, RD .- Por segunda vez en menos de cuatro a\u00f1os, el Gobierno del presidente Luis Abinader [&hellip;]<\/p>\n","protected":false},"author":7,"featured_media":675955,"comment_status":"closed","ping_status":"closed","sticky":false,"template":"","format":"standard","meta":{"footnotes":""},"categories":[21],"tags":[414],"class_list":["post-675935","post","type-post","status-publish","format-standard","has-post-thumbnail","hentry","category-cultura","tag-museo-nacional-de-historia-y-geografia"],"_links":{"self":[{"href":"https:\/\/diariodominicano.com\/index.php?rest_route=\/wp\/v2\/posts\/675935","targetHints":{"allow":["GET"]}}],"collection":[{"href":"https:\/\/diariodominicano.com\/index.php?rest_route=\/wp\/v2\/posts"}],"about":[{"href":"https:\/\/diariodominicano.com\/index.php?rest_route=\/wp\/v2\/types\/post"}],"author":[{"embeddable":true,"href":"https:\/\/diariodominicano.com\/index.php?rest_route=\/wp\/v2\/users\/7"}],"replies":[{"embeddable":true,"href":"https:\/\/diariodominicano.com\/index.php?rest_route=%2Fwp%2Fv2%2Fcomments&post=675935"}],"version-history":[{"count":1,"href":"https:\/\/diariodominicano.com\/index.php?rest_route=\/wp\/v2\/posts\/675935\/revisions"}],"predecessor-version":[{"id":675956,"href":"https:\/\/diariodominicano.com\/index.php?rest_route=\/wp\/v2\/posts\/675935\/revisions\/675956"}],"wp:featuredmedia":[{"embeddable":true,"href":"https:\/\/diariodominicano.com\/index.php?rest_route=\/wp\/v2\/media\/675955"}],"wp:attachment":[{"href":"https:\/\/diariodominicano.com\/index.php?rest_route=%2Fwp%2Fv2%2Fmedia&parent=675935"}],"wp:term":[{"taxonomy":"category","embeddable":true,"href":"https:\/\/diariodominicano.com\/index.php?rest_route=%2Fwp%2Fv2%2Fcategories&post=675935"},{"taxonomy":"post_tag","embeddable":true,"href":"https:\/\/diariodominicano.com\/index.php?rest_route=%2Fwp%2Fv2%2Ftags&post=675935"}],"curies":[{"name":"wp","href":"https:\/\/api.w.org\/{rel}","templated":true}]}}