{"id":675932,"date":"2026-04-29T13:27:11","date_gmt":"2026-04-29T17:27:11","guid":{"rendered":"https:\/\/diariodominicano.com\/?p=675932"},"modified":"2026-04-29T13:27:21","modified_gmt":"2026-04-29T17:27:21","slug":"mescyt-fortalece-cooperacion-academica-con-francia-en-areas-estrategicas-del-conocimiento","status":"publish","type":"post","link":"https:\/\/diariodominicano.com\/?p=675932","title":{"rendered":"MESCyT fortalece cooperaci\u00f3n acad\u00e9mica con Francia en \u00e1reas estrat\u00e9gicas del conocimiento"},"content":{"rendered":"\n<p>diariodominicano.com<\/p>\n\n\n\n<p>Santo Domingo, R. D.,  29 de abril, 2026.\u2013 El ministro de Educaci\u00f3n Superior, Ciencia y Tecnolog\u00eda (MESCyT), Rafael Santos Bad\u00eda, recibi\u00f3 la visita de la embajadora de Francia en Rep\u00fablica Dominicana, Sonia Barbry, en un encuentro orientado a ampliar y fortalecer los v\u00ednculos educativos, cient\u00edficos y culturales entre ambas naciones.<\/p>\n\n\n\n<p>Durante la reuni\u00f3n, el titular del MESCyT destac\u00f3 el inter\u00e9s de promover acuerdos de cooperaci\u00f3n entre universidades dominicanas y francesas que faciliten el intercambio acad\u00e9mico, as\u00ed como el desarrollo de programas de doble titulaci\u00f3n en \u00e1reas estrat\u00e9gicas del conocimiento.<\/p>\n\n\n\n<p>\u201cEstamos promoviendo que universidades de la Rep\u00fablica Dominicana suscriban acuerdos con universidades francesas, a fin de facilitar la llegada de catedr\u00e1ticos de Francia a nuestras instituciones de educaci\u00f3n superior IES y desarrollar proyectos conjuntos de doble titulaci\u00f3n en \u00e1reas vinculadas al futuro, tales como la investigaci\u00f3n espacial, los semiconductores y las transformaciones del empleo\u201d, expres\u00f3 el ministro Santos Bad\u00eda.<\/p>\n\n\n\n<p>Asimismo, explic\u00f3 que el di\u00e1logo abarc\u00f3 aspectos clave relacionados con la educaci\u00f3n y la cultura, en el contexto del proceso de transformaci\u00f3n del sistema educativo que impulsa el pa\u00eds.<\/p>\n\n\n\n<p>\u201cHemos pasado revista a las relaciones y compromisos acad\u00e9micos existentes con Francia, as\u00ed como a los acuerdos suscritos por el presidente Luis Abinader con su hom\u00f3logo franc\u00e9s, Emmanuel Macron, durante la visita oficial realizada a ese pa\u00eds europeo\u201d, se\u00f1al\u00f3 el funcionario.<\/p>\n\n\n\n<p>El ministro subray\u00f3 que este acercamiento abre nuevas oportunidades de cooperaci\u00f3n regional, incluyendo iniciativas conjuntas con territorios del Caribe donde Francia mantiene presencia, lo que permitir\u00e1 desarrollar proyectos innovadores y fortalecer una relaci\u00f3n hist\u00f3rica que ha contribuido a la formaci\u00f3n acad\u00e9mica de relevantes figuras dominicanas.<\/p>\n\n\n\n<p>Por su parte, la embajadora Sonia Barbry reafirm\u00f3 el compromiso del Gobierno franc\u00e9s con el fortalecimiento de las relaciones bilaterales y su disposici\u00f3n de seguir apoyando el desarrollo educativo y econ\u00f3mico de la Rep\u00fablica Dominicana.<\/p>\n\n\n\n<p>\u201cFrancia est\u00e1 comprometida en acompa\u00f1ar a la Rep\u00fablica Dominicana en su crecimiento econ\u00f3mico y en la reforma de su sistema educativo. Hemos conversado sobre los proyectos de cooperaci\u00f3n actualmente en curso y sobre las oportunidades para ampliarlos de manera conjunta con el MESCyT\u201d, manifest\u00f3 la diplom\u00e1tica.<\/p>\n\n\n\n<p>La visita consolida la agenda de cooperaci\u00f3n internacional que impulsa el Ministerio de Educaci\u00f3n Superior, Ciencia y Tecnolog\u00eda, orientada a elevar la calidad de la educaci\u00f3n superior, fortalecer la investigaci\u00f3n cient\u00edfica y promover la innovaci\u00f3n en \u00e1reas clave para el desarrollo sostenible del pa\u00eds.<\/p>\n\n\n\n<p><strong>Direcci\u00f3n Comunicaciones<\/strong> MESCyT<\/p>\n","protected":false},"excerpt":{"rendered":"<p>diariodominicano.com Santo Domingo, R. D., 29 de abril, 2026.\u2013 El ministro de Educaci\u00f3n Superior, Ciencia y Tecnolog\u00eda (MESCyT), Rafael Santos Bad\u00eda, recibi\u00f3 la visita de la embajadora de Francia en Rep\u00fablica Dominicana, Sonia Barbry, en un encuentro orientado a ampliar y fortalecer los v\u00ednculos educativos, cient\u00edficos y culturales entre ambas naciones. Durante la reuni\u00f3n, el [&hellip;]<\/p>\n","protected":false},"author":5,"featured_media":675933,"comment_status":"closed","ping_status":"closed","sticky":false,"template":"","format":"standard","meta":{"footnotes":""},"categories":[20,27],"tags":[],"class_list":["post-675932","post","type-post","status-publish","format-standard","has-post-thumbnail","hentry","category-dominicana-hoy","category-portada"],"_links":{"self":[{"href":"https:\/\/diariodominicano.com\/index.php?rest_route=\/wp\/v2\/posts\/675932","targetHints":{"allow":["GET"]}}],"collection":[{"href":"https:\/\/diariodominicano.com\/index.php?rest_route=\/wp\/v2\/posts"}],"about":[{"href":"https:\/\/diariodominicano.com\/index.php?rest_route=\/wp\/v2\/types\/post"}],"author":[{"embeddable":true,"href":"https:\/\/diariodominicano.com\/index.php?rest_route=\/wp\/v2\/users\/5"}],"replies":[{"embeddable":true,"href":"https:\/\/diariodominicano.com\/index.php?rest_route=%2Fwp%2Fv2%2Fcomments&post=675932"}],"version-history":[{"count":1,"href":"https:\/\/diariodominicano.com\/index.php?rest_route=\/wp\/v2\/posts\/675932\/revisions"}],"predecessor-version":[{"id":675934,"href":"https:\/\/diariodominicano.com\/index.php?rest_route=\/wp\/v2\/posts\/675932\/revisions\/675934"}],"wp:featuredmedia":[{"embeddable":true,"href":"https:\/\/diariodominicano.com\/index.php?rest_route=\/wp\/v2\/media\/675933"}],"wp:attachment":[{"href":"https:\/\/diariodominicano.com\/index.php?rest_route=%2Fwp%2Fv2%2Fmedia&parent=675932"}],"wp:term":[{"taxonomy":"category","embeddable":true,"href":"https:\/\/diariodominicano.com\/index.php?rest_route=%2Fwp%2Fv2%2Fcategories&post=675932"},{"taxonomy":"post_tag","embeddable":true,"href":"https:\/\/diariodominicano.com\/index.php?rest_route=%2Fwp%2Fv2%2Ftags&post=675932"}],"curies":[{"name":"wp","href":"https:\/\/api.w.org\/{rel}","templated":true}]}}