{"id":675923,"date":"2026-04-29T12:38:12","date_gmt":"2026-04-29T16:38:12","guid":{"rendered":"https:\/\/diariodominicano.com\/?p=675923"},"modified":"2026-04-29T12:38:21","modified_gmt":"2026-04-29T16:38:21","slug":"pld-celebra-el-dia-de-la-secretaria-con-reconocimiento-a-su-labor","status":"publish","type":"post","link":"https:\/\/diariodominicano.com\/?p=675923","title":{"rendered":"PLD celebra el D\u00eda de la Secretaria con reconocimiento a su labor"},"content":{"rendered":"\n<p>diariodominicano.com<\/p>\n\n\n\n<p>Santo Domingo, R. D.,  29 de abril, 2026.-  Alejandrina Germ\u00e1n y Margarita Pimentel, ambas integrantes del Comit\u00e9 Pol\u00edtico del Partido de la Liberaci\u00f3n Dominicana (PLD) resaltaron el valor del trabajo de las secretarias en la Casa Nacional Reinaldo Pared P\u00e9rez y la Oficina Presidencial de esa organizaci\u00f3n pol\u00edtica en el fortalecimiento institucional del Partido, subrayando sus aportes a la calidad organizativa y al desarrollo interno del PLD<\/p>\n\n\n\n<p>Ambas dirigentes representaron la direcci\u00f3n partidaria en la Celebraci\u00f3n del D\u00eda de las Secretarias, movido para el martes, porque su celebraci\u00f3n correspondi\u00f3 al pasado domingo.<\/p>\n\n\n\n<p>La celebraci\u00f3n organizada por la Secretaria General y la direcci\u00f3n de Recursos Humanos se hizo en reconocimiento a la entrega, compromiso y dedicaci\u00f3n de estas colaboradoras fundamentales en el funcionamiento de la organizaci\u00f3n.<\/p>\n\n\n\n<p>La actividad cont\u00f3 con la presencia de Alejandrina Germ\u00e1n, Margarita Pimentel y H\u00e9ctor Olivo, miembros del Comit\u00e9 Pol\u00edtico; la representaci\u00f3n de la Secretaria General, las diferentes secretarias y la gobernaci\u00f3n de la sede pelede\u00edsta, quienes compartieron con las secretarias en este homenaje.<\/p>\n\n\n\n<p>En su intervenci\u00f3n, Alejandrina Germ\u00e1n apunt\u00f3 sobre rol de las secretarias respaldando la direcci\u00f3n partidaria en las tareas que desarrolla el Partido de la Liberaci\u00f3n Dominicana<\/p>\n\n\n\n<p>De su lado, Margarita Pimentel resalt\u00f3 la disciplina, entrega y compromiso de las secretarias, clasific\u00e1ndolas como un soporte fundamental en la estructura partidaria. Se\u00f1al\u00f3 que su labor es clave para la articulaci\u00f3n del trabajo pol\u00edtico y la conexi\u00f3n con las necesidades del pueblo dominicano.<\/p>\n\n\n\n<p>En nombre del secretario general, Johnny Pujols, fue transmitido un mensaje de reconocimiento y gratitud hacia las secretarias, valorando su dedicaci\u00f3n diaria y su contribuci\u00f3n al buen funcionamiento de la Casa Nacional.<\/p>\n\n\n\n<p>En el marco de la actividad, tambi\u00e9n se record\u00f3 que esta celebraci\u00f3n forma parte de una tradici\u00f3n institucional impulsada por el fenecido dirigente y exsecretario general Reinaldo Pared P\u00e9rez, quien promovi\u00f3 este tipo de reconocimientos al personal administrativo del partido.<\/p>\n\n\n\n<p>El acto cont\u00f3 adem\u00e1s con la participaci\u00f3n de dirigentes y colaboradores de la Casa Nacional, entre ellos Audilio Vargas, Alexis V\u00e1squez, Celenia Vidal, Yulibelis Wandelpool, del Comit\u00e9 Central, del Encargado de Recursos Humanos, Bienvenido Ubr\u00ed y Yoselin Lebr\u00f3n,&nbsp;quienes valoraron el compromiso y la dedicaci\u00f3n de las homenajeadas.<\/p>\n\n\n\n<p>En representaci\u00f3n del Departamento de Recursos Humanos, Bienvenido Ubr\u00ed destac\u00f3 que las secretarias constituyen una pieza clave en cada proceso institucional, resaltando su vocaci\u00f3n de servicio y trato humano.<\/p>\n\n\n\n<p>Como parte de la actividad, las secretarias recibieron obsequios personalizados en reconocimiento a su esfuerzo y dedicaci\u00f3n. La jornada concluy\u00f3 con un compartir en un ambiente de integraci\u00f3n y agradecimiento.<\/p>\n\n\n\n<p>Con esta celebraci\u00f3n, el PLD reafirma su compromiso de valorar el trabajo de quienes contribuyen d\u00eda a d\u00eda al funcionamiento y fortalecimiento de la organizaci\u00f3n.<\/p>\n\n\n\n<p><strong>SECRETAR\u00cdA DE COMUNICACIONES<\/strong> PLD<\/p>\n\n\n\n<p><strong>29 DE ABRIL DE 2026<\/strong><\/p>\n","protected":false},"excerpt":{"rendered":"<p>diariodominicano.com Santo Domingo, R. D., 29 de abril, 2026.- Alejandrina Germ\u00e1n y Margarita Pimentel, ambas integrantes del Comit\u00e9 Pol\u00edtico del Partido de la Liberaci\u00f3n Dominicana (PLD) resaltaron el valor del trabajo de las secretarias en la Casa Nacional Reinaldo Pared P\u00e9rez y la Oficina Presidencial de esa organizaci\u00f3n pol\u00edtica en el fortalecimiento institucional del Partido, [&hellip;]<\/p>\n","protected":false},"author":5,"featured_media":675924,"comment_status":"closed","ping_status":"closed","sticky":false,"template":"","format":"standard","meta":{"footnotes":""},"categories":[20,27],"tags":[],"class_list":["post-675923","post","type-post","status-publish","format-standard","has-post-thumbnail","hentry","category-dominicana-hoy","category-portada"],"_links":{"self":[{"href":"https:\/\/diariodominicano.com\/index.php?rest_route=\/wp\/v2\/posts\/675923","targetHints":{"allow":["GET"]}}],"collection":[{"href":"https:\/\/diariodominicano.com\/index.php?rest_route=\/wp\/v2\/posts"}],"about":[{"href":"https:\/\/diariodominicano.com\/index.php?rest_route=\/wp\/v2\/types\/post"}],"author":[{"embeddable":true,"href":"https:\/\/diariodominicano.com\/index.php?rest_route=\/wp\/v2\/users\/5"}],"replies":[{"embeddable":true,"href":"https:\/\/diariodominicano.com\/index.php?rest_route=%2Fwp%2Fv2%2Fcomments&post=675923"}],"version-history":[{"count":1,"href":"https:\/\/diariodominicano.com\/index.php?rest_route=\/wp\/v2\/posts\/675923\/revisions"}],"predecessor-version":[{"id":675925,"href":"https:\/\/diariodominicano.com\/index.php?rest_route=\/wp\/v2\/posts\/675923\/revisions\/675925"}],"wp:featuredmedia":[{"embeddable":true,"href":"https:\/\/diariodominicano.com\/index.php?rest_route=\/wp\/v2\/media\/675924"}],"wp:attachment":[{"href":"https:\/\/diariodominicano.com\/index.php?rest_route=%2Fwp%2Fv2%2Fmedia&parent=675923"}],"wp:term":[{"taxonomy":"category","embeddable":true,"href":"https:\/\/diariodominicano.com\/index.php?rest_route=%2Fwp%2Fv2%2Fcategories&post=675923"},{"taxonomy":"post_tag","embeddable":true,"href":"https:\/\/diariodominicano.com\/index.php?rest_route=%2Fwp%2Fv2%2Ftags&post=675923"}],"curies":[{"name":"wp","href":"https:\/\/api.w.org\/{rel}","templated":true}]}}