{"id":675920,"date":"2026-04-29T12:27:34","date_gmt":"2026-04-29T16:27:34","guid":{"rendered":"https:\/\/diariodominicano.com\/?p=675920"},"modified":"2026-04-29T12:27:44","modified_gmt":"2026-04-29T16:27:44","slug":"brasil-supera-los-60-146-millones-de-dolares-en-inversiones-en-energia-solar","status":"publish","type":"post","link":"https:\/\/diariodominicano.com\/?p=675920","title":{"rendered":"Brasil supera los 60.146 millones de d\u00f3lares en inversiones en energ\u00eda solar"},"content":{"rendered":"\n<p>diariodominicano.com<\/p>\n\n\n\n<p>SAO PAULO, 29 abr (Xinhua) &#8212; El sector de energ\u00eda solar de Brasil super\u00f3 los 300.000 millones de reales (unos 60.146 millones de d\u00f3lares) en inversiones acumuladas y ya aporta cerca de una cuarta parte de la electricidad generada en el pa\u00eds, inform\u00f3 este mi\u00e9rcoles la Asociaci\u00f3n Brasile\u00f1a de Energ\u00eda Solar Fotovoltaica (Absolar). Seg\u00fan el m\u00e1s reciente mapeo de la entidad, la fuente fotovoltaica ha impulsado la creaci\u00f3n de m\u00e1s de 2 millones de empleos verdes en la \u00faltima d\u00e9cada, consolid\u00e1ndose como uno de los pilares de la transici\u00f3n energ\u00e9tica brasile\u00f1a. El sector suma actualmente m\u00e1s de 68,6 gigavatios (GW) de capacidad instalada en operaci\u00f3n y ha generado m\u00e1s de 95.900 millones de reales (unos 19.226 millones de d\u00f3lares) en ingresos fiscales. Con esos avances, la energ\u00eda solar se posiciona como la segunda fuente de la matriz el\u00e9ctrica del pa\u00eds, con una participaci\u00f3n cercana al 25,3 por ciento. No obstante, el crecimiento reciente muestra se\u00f1ales de desaceleraci\u00f3n, de acuerdo con Absolar. En 2025, la potencia a\u00f1adida cay\u00f3 un 25,6 por ciento, con 11,6 GW incorporados frente a los 15,6 GW del a\u00f1o anterior, tanto en grandes plantas como en sistemas de generaci\u00f3n distribuida. Entre los factores que explican esta retracci\u00f3n figuran los recortes de generaci\u00f3n renovable sin compensaci\u00f3n para los inversores y las dificultades de conexi\u00f3n para peque\u00f1os sistemas, derivadas de limitaciones en las redes el\u00e9ctricas y problemas de flujo de potencia. La tecnolog\u00eda fotovoltaica est\u00e1 presente en todas las regiones del pa\u00eds mediante grandes centrales, y en m\u00e1s de 5.000 municipios a trav\u00e9s de sistemas instalados en techos y peque\u00f1os terrenos. En generaci\u00f3n centralizada, el estado de Minas Gerais lidera con 8,6 GW de capacidad instalada, seguido por Bah\u00eda (2,9 GW) y Piau\u00ed (2,4 GW). En generaci\u00f3n distribuida, Sao Paulo encabeza el ranking con 6,5 GW, seguida por Minas Gerais (5,8 GW) y Paran\u00e1 (4,2 GW).<\/p>\n","protected":false},"excerpt":{"rendered":"<p>diariodominicano.com SAO PAULO, 29 abr (Xinhua) &#8212; El sector de energ\u00eda solar de Brasil super\u00f3 los 300.000 millones de reales (unos 60.146 millones de d\u00f3lares) en inversiones acumuladas y ya aporta cerca de una cuarta parte de la electricidad generada en el pa\u00eds, inform\u00f3 este mi\u00e9rcoles la Asociaci\u00f3n Brasile\u00f1a de Energ\u00eda Solar Fotovoltaica (Absolar). Seg\u00fan [&hellip;]<\/p>\n","protected":false},"author":5,"featured_media":675921,"comment_status":"closed","ping_status":"closed","sticky":false,"template":"","format":"standard","meta":{"footnotes":""},"categories":[23,27],"tags":[],"class_list":["post-675920","post","type-post","status-publish","format-standard","has-post-thumbnail","hentry","category-internacional","category-portada"],"_links":{"self":[{"href":"https:\/\/diariodominicano.com\/index.php?rest_route=\/wp\/v2\/posts\/675920","targetHints":{"allow":["GET"]}}],"collection":[{"href":"https:\/\/diariodominicano.com\/index.php?rest_route=\/wp\/v2\/posts"}],"about":[{"href":"https:\/\/diariodominicano.com\/index.php?rest_route=\/wp\/v2\/types\/post"}],"author":[{"embeddable":true,"href":"https:\/\/diariodominicano.com\/index.php?rest_route=\/wp\/v2\/users\/5"}],"replies":[{"embeddable":true,"href":"https:\/\/diariodominicano.com\/index.php?rest_route=%2Fwp%2Fv2%2Fcomments&post=675920"}],"version-history":[{"count":1,"href":"https:\/\/diariodominicano.com\/index.php?rest_route=\/wp\/v2\/posts\/675920\/revisions"}],"predecessor-version":[{"id":675922,"href":"https:\/\/diariodominicano.com\/index.php?rest_route=\/wp\/v2\/posts\/675920\/revisions\/675922"}],"wp:featuredmedia":[{"embeddable":true,"href":"https:\/\/diariodominicano.com\/index.php?rest_route=\/wp\/v2\/media\/675921"}],"wp:attachment":[{"href":"https:\/\/diariodominicano.com\/index.php?rest_route=%2Fwp%2Fv2%2Fmedia&parent=675920"}],"wp:term":[{"taxonomy":"category","embeddable":true,"href":"https:\/\/diariodominicano.com\/index.php?rest_route=%2Fwp%2Fv2%2Fcategories&post=675920"},{"taxonomy":"post_tag","embeddable":true,"href":"https:\/\/diariodominicano.com\/index.php?rest_route=%2Fwp%2Fv2%2Ftags&post=675920"}],"curies":[{"name":"wp","href":"https:\/\/api.w.org\/{rel}","templated":true}]}}