{"id":675887,"date":"2026-04-29T01:14:52","date_gmt":"2026-04-29T05:14:52","guid":{"rendered":"https:\/\/diariodominicano.com\/?p=675887"},"modified":"2026-04-29T01:14:57","modified_gmt":"2026-04-29T05:14:57","slug":"mas-del-40-de-los-australianos-considera-que-ee-uu-e-israel-son-los-principales-responsables-de-la-crisis-del-combustible","status":"publish","type":"post","link":"https:\/\/diariodominicano.com\/?p=675887","title":{"rendered":"M\u00e1s del 40 % de los australianos considera que EE. UU. e Israel son los principales responsables de la crisis del combustible"},"content":{"rendered":"\n<p><em>spanish.news.cn<\/em>|<em>&nbsp;2026-04-29 09:22:30<\/em>|<\/p>\n\n\n\n<p>CANBERRA, 29 abr (Xinhua) &#8212; M\u00e1s del 40 por ciento de los australianos culpa a Estados Unidos e Israel por la actual crisis del combustible y una mayor\u00eda espera que la econom\u00eda nacional empeore en los pr\u00f3ximos seis meses, seg\u00fan una encuesta publicada hoy mi\u00e9rcoles.<\/p>\n\n\n\n<p>En la \u00faltima edici\u00f3n del Essential Report, una encuesta mensual sobre temas sociales y pol\u00edticos realizada por la empresa independiente Essential Research, se pregunt\u00f3 a los encuestados a qui\u00e9n consideraban el principal responsable de la actual crisis del combustible, y el 42 por ciento se\u00f1al\u00f3 a Estados Unidos e Israel por iniciar ataques contra Ir\u00e1n.<\/p>\n\n\n\n<p>En comparaci\u00f3n, el 32 por ciento de los encuestados dijo que culpa principalmente al Gobierno australiano por no planificar con antelaci\u00f3n, y el 17 por ciento afirm\u00f3 que Ir\u00e1n tiene la mayor responsabilidad por cerrar el estrecho de Ormuz.<\/p>\n\n\n\n<p>El conflicto en Medio Oriente provoc\u00f3 que los precios del combustible en Australia se dispararan a niveles r\u00e9cord en marzo, lo que llev\u00f3 a los gobiernos federal y estatales a reducir temporalmente el impuesto a la venta de combustible.<\/p>\n\n\n\n<p>Antes de que el tesorero Jim Chalmers presentara el presupuesto federal para 2026-27 en mayo, el 68 por ciento de los encuestados en el sondeo de Essential afirm\u00f3 que apoyar\u00eda totalmente o en cierta medida una propuesta para extender el recorte del impuesto al combustible.<\/p>\n\n\n\n<p>Consultados sobre la econom\u00eda australiana en los pr\u00f3ximos seis meses, el 55 por ciento predijo que empeorar\u00e1 y el 14 por ciento dijo que mejorar\u00e1.<\/p>\n\n\n\n<p>Cuando la misma pregunta se plante\u00f3 por \u00faltima vez en la edici\u00f3n de agosto de 2025 de la encuesta, el 35 por ciento de los participantes dijo que la econom\u00eda empeorar\u00eda en los siguientes seis meses y el 22 por ciento afirm\u00f3 que mejorar\u00eda.<\/p>\n\n\n\n<p>La \u00faltima edici\u00f3n del sondeo revel\u00f3 que el 54 por ciento de los australianos cree que, en general, el pa\u00eds va por mal camino, lo que supone un aumento con respecto al 49 por ciento registrado en febrero, frente al 30 por ciento que afirm\u00f3 que la naci\u00f3n va por buen camino.&nbsp;<\/p>\n\n\n\n<p><a href=\"https:\/\/www.facebook.com\/sharer\/sharer.php?u=https:\/\/spanish.xinhuanet.com\/20260429\/10a0d2cf102d4bdba8e741b11296e0c4\/c.html\" target=\"_blank\" rel=\"noreferrer noopener\"><\/a>&nbsp;<a href=\"https:\/\/twitter.com\/intent\/tweet?text=M%C3%A1s%20del%2040%20%25%20de%20los%20australianos%20considera%20que%20EE.%20UU.%20e%20Israel%20son%20los%20principales%20responsables%20de%20la%20crisis%20del%20combustible&amp;url=https:\/\/spanish.xinhuanet.com\/20260429\/10a0d2cf102d4bdba8e741b11296e0c4\/c.html\" target=\"_blank\" rel=\"noreferrer noopener\"><\/a>&nbsp;<a target=\"_blank\" href=\"https:\/\/service.weibo.com\/share\/share.php?title=M%C3%A1s%20del%2040%20%25%20de%20los%20australianos%20considera%20que%20EE.%20UU.%20e%20Israel%20son%20los%20principales%20responsables%20de%20la%20crisis%20del%20combustible&amp;url=https:\/\/spanish.xinhuanet.com\/20260429\/10a0d2cf102d4bdba8e741b11296e0c4\/c.html\" rel=\"noreferrer noopener\"><\/a>&nbsp;<a><\/a><\/p>\n\n\n\n<figure class=\"wp-block-image\"><img decoding=\"async\" src=\"https:\/\/imgs.news.cn\/res\/xhwimg\/spanish\/20170522\/img\/jc-xfa.png\" alt=\"\"\/><\/figure>\n","protected":false},"excerpt":{"rendered":"<p>spanish.news.cn|&nbsp;2026-04-29 09:22:30| CANBERRA, 29 abr (Xinhua) &#8212; M\u00e1s del 40 por ciento de los australianos culpa a Estados Unidos e Israel por la actual crisis del combustible y una mayor\u00eda espera que la econom\u00eda nacional empeore en los pr\u00f3ximos seis meses, seg\u00fan una encuesta publicada hoy mi\u00e9rcoles. En la \u00faltima edici\u00f3n del Essential Report, una [&hellip;]<\/p>\n","protected":false},"author":2,"featured_media":0,"comment_status":"open","ping_status":"closed","sticky":false,"template":"","format":"standard","meta":{"footnotes":""},"categories":[23],"tags":[4730,2909],"class_list":["post-675887","post","type-post","status-publish","format-standard","hentry","category-internacional","tag-ee-uu","tag-israel"],"_links":{"self":[{"href":"https:\/\/diariodominicano.com\/index.php?rest_route=\/wp\/v2\/posts\/675887","targetHints":{"allow":["GET"]}}],"collection":[{"href":"https:\/\/diariodominicano.com\/index.php?rest_route=\/wp\/v2\/posts"}],"about":[{"href":"https:\/\/diariodominicano.com\/index.php?rest_route=\/wp\/v2\/types\/post"}],"author":[{"embeddable":true,"href":"https:\/\/diariodominicano.com\/index.php?rest_route=\/wp\/v2\/users\/2"}],"replies":[{"embeddable":true,"href":"https:\/\/diariodominicano.com\/index.php?rest_route=%2Fwp%2Fv2%2Fcomments&post=675887"}],"version-history":[{"count":1,"href":"https:\/\/diariodominicano.com\/index.php?rest_route=\/wp\/v2\/posts\/675887\/revisions"}],"predecessor-version":[{"id":675888,"href":"https:\/\/diariodominicano.com\/index.php?rest_route=\/wp\/v2\/posts\/675887\/revisions\/675888"}],"wp:attachment":[{"href":"https:\/\/diariodominicano.com\/index.php?rest_route=%2Fwp%2Fv2%2Fmedia&parent=675887"}],"wp:term":[{"taxonomy":"category","embeddable":true,"href":"https:\/\/diariodominicano.com\/index.php?rest_route=%2Fwp%2Fv2%2Fcategories&post=675887"},{"taxonomy":"post_tag","embeddable":true,"href":"https:\/\/diariodominicano.com\/index.php?rest_route=%2Fwp%2Fv2%2Ftags&post=675887"}],"curies":[{"name":"wp","href":"https:\/\/api.w.org\/{rel}","templated":true}]}}