{"id":675865,"date":"2026-04-28T21:59:38","date_gmt":"2026-04-29T01:59:38","guid":{"rendered":"https:\/\/diariodominicano.com\/?p=675865"},"modified":"2026-04-28T22:00:12","modified_gmt":"2026-04-29T02:00:12","slug":"el-ministro-de-asuntos-exteriores-union-europea-y-cooperacion-del-reino-de-espana-visita-relevic","status":"publish","type":"post","link":"https:\/\/diariodominicano.com\/?p=675865","title":{"rendered":"El ministro de Asuntos Exteriores, Uni\u00f3n Europea y Cooperaci\u00f3n del Reino de Espa\u00f1a visita Relevic"},"content":{"rendered":"\n<p><em><u>El canciller Jos\u00e9 Manuel Albares Bueno fue recibido por la procuradora general Yeni Berenice Reynoso en un encuentro en el que participaron las ministras Faride Raful y Gloria Reyes<\/u><\/em><\/p>\n\n\n\n<p><a href=\"https:\/\/www.filemail.com\/d\/dkldbyekltvorvv\">https:\/\/www.filemail.com\/d\/dkldbyekltvorvv<\/a><\/p>\n\n\n\n<p><strong>SANTO DOMINGO, RD.-<\/strong>\u00a0El ministro de Asuntos Exteriores, Uni\u00f3n Europea y Cooperaci\u00f3n del Reino de Espa\u00f1a, Jos\u00e9 Manuel Albares Bueno, visit\u00f3 este martes el Servicio Nacional de Representaci\u00f3n Legal de los Derechos de la V\u00edctima (Relevic), en donde reafirm\u00f3 el inter\u00e9s de su pa\u00eds de seguir fortaleciendo los programas de cooperaci\u00f3n con el Ministerio P\u00fablico de Rep\u00fablica Dominicana.<\/p>\n\n\n\n<p>La procuradora general de la Rep\u00fablica, Yeni Berenice Reynoso, recibi\u00f3 a Albares Bueno junto a la ministra de la Mujer, Gloria Reyes, y la de Interior y Polic\u00eda, Faride Raful.<\/p>\n\n\n\n<p>En el encuentro estuvieron presentes Susana Sumelzo Jord\u00e1n, secretaria de Estado para Iberoam\u00e9rica y el Caribe y el Espa\u00f1ol en el Mundo, y Lorea Arribalzaga Ceballos, embajadora de Espa\u00f1a en Rep\u00fablica Dominicana.<\/p>\n\n\n\n<p>En marzo de este 2026 la procuradora Reynoso dej\u00f3 oficialmente instaurada la expansi\u00f3n del Relevic, con la integraci\u00f3n de una promoci\u00f3n de 142 abogados defensores de v\u00edctimas y la apertura de 37 nuevas oficinas distribuidas en todo el pa\u00eds, un proyecto que cuenta con el apoyo de la Agencia Espa\u00f1ola de Cooperaci\u00f3n Internacional para el Desarrollo (AECID).<\/p>\n\n\n\n<p>La AECID tambi\u00e9n respalda otros programas del Ministerio P\u00fablico enfocados en la protecci\u00f3n de los derechos de la mujer, como Iniciativa Vitalia, lanzada por la Procuradur\u00eda General de la Rep\u00fablica en noviembre de 2025, en el marco de las actividades del D\u00eda Internacional de la Eliminaci\u00f3n de la Violencia contra la Mujer.<\/p>\n\n\n\n<p>La Iniciativa Vitalia promueve la articulaci\u00f3n de servicios especializados de atenci\u00f3n integral a la mujer.<\/p>\n\n\n\n<p>Entre los participantes en el encuentro en el que se abordaron los avances de los programas que respalda el AECID en el marco del fortalecimiento a la administraci\u00f3n de justicia, figuran: la procuradora de corte Mar\u00eda Rosalba D\u00edaz, directora general de Relevic, y la fiscal Ana Andrea Villa Camacho, titular de la Direcci\u00f3n Nacional contra la Violencia de G\u00e9nero del Ministerio P\u00fablico.<\/p>\n\n\n\n<p>El ministro Albares Bueno vino al pa\u00eds en el marco de una gira oficial que inici\u00f3 en Puerto Rico y que incluye a Rep\u00fablica Dominicana y M\u00e9xico en el marco de la preparaci\u00f3n de la pr\u00f3xima Cumbre Iberoamericana programada para celebrarse en Madrid en noviembre de este 2026.<\/p>\n\n\n\n<p><strong>Direcci\u00f3n General de Comunicaci\u00f3n, Prensa y RRPP<\/strong><\/p>\n\n\n\n<p><strong>Ministerio P\u00fablico RD<\/strong><\/p>\n\n\n\n<p><strong>Martes, 28 de abril de 2026.<\/strong><\/p>\n","protected":false},"excerpt":{"rendered":"<p>El canciller Jos\u00e9 Manuel Albares Bueno fue recibido por la procuradora general Yeni Berenice Reynoso en un encuentro en el que participaron las ministras Faride Raful y Gloria Reyes https:\/\/www.filemail.com\/d\/dkldbyekltvorvv SANTO DOMINGO, RD.-\u00a0El ministro de Asuntos Exteriores, Uni\u00f3n Europea y Cooperaci\u00f3n del Reino de Espa\u00f1a, Jos\u00e9 Manuel Albares Bueno, visit\u00f3 este martes el Servicio Nacional [&hellip;]<\/p>\n","protected":false},"author":2,"featured_media":675866,"comment_status":"closed","ping_status":"closed","sticky":false,"template":"","format":"standard","meta":{"footnotes":""},"categories":[1],"tags":[],"class_list":["post-675865","post","type-post","status-publish","format-standard","has-post-thumbnail","hentry","category-editorial"],"_links":{"self":[{"href":"https:\/\/diariodominicano.com\/index.php?rest_route=\/wp\/v2\/posts\/675865","targetHints":{"allow":["GET"]}}],"collection":[{"href":"https:\/\/diariodominicano.com\/index.php?rest_route=\/wp\/v2\/posts"}],"about":[{"href":"https:\/\/diariodominicano.com\/index.php?rest_route=\/wp\/v2\/types\/post"}],"author":[{"embeddable":true,"href":"https:\/\/diariodominicano.com\/index.php?rest_route=\/wp\/v2\/users\/2"}],"replies":[{"embeddable":true,"href":"https:\/\/diariodominicano.com\/index.php?rest_route=%2Fwp%2Fv2%2Fcomments&post=675865"}],"version-history":[{"count":1,"href":"https:\/\/diariodominicano.com\/index.php?rest_route=\/wp\/v2\/posts\/675865\/revisions"}],"predecessor-version":[{"id":675867,"href":"https:\/\/diariodominicano.com\/index.php?rest_route=\/wp\/v2\/posts\/675865\/revisions\/675867"}],"wp:featuredmedia":[{"embeddable":true,"href":"https:\/\/diariodominicano.com\/index.php?rest_route=\/wp\/v2\/media\/675866"}],"wp:attachment":[{"href":"https:\/\/diariodominicano.com\/index.php?rest_route=%2Fwp%2Fv2%2Fmedia&parent=675865"}],"wp:term":[{"taxonomy":"category","embeddable":true,"href":"https:\/\/diariodominicano.com\/index.php?rest_route=%2Fwp%2Fv2%2Fcategories&post=675865"},{"taxonomy":"post_tag","embeddable":true,"href":"https:\/\/diariodominicano.com\/index.php?rest_route=%2Fwp%2Fv2%2Ftags&post=675865"}],"curies":[{"name":"wp","href":"https:\/\/api.w.org\/{rel}","templated":true}]}}