{"id":675848,"date":"2026-04-28T21:44:36","date_gmt":"2026-04-29T01:44:36","guid":{"rendered":"https:\/\/diariodominicano.com\/?p=675848"},"modified":"2026-04-28T21:52:55","modified_gmt":"2026-04-29T01:52:55","slug":"arbitraje-dominicano-femenino-estuvo-en-accion-durante-la-ventana-fifa-femenina-de-abril-2026","status":"publish","type":"post","link":"https:\/\/diariodominicano.com\/?p=675848","title":{"rendered":"Arbitraje dominicano femenino estuvo en acci\u00f3n durante la Ventana FIFA Femenina de abril 2026"},"content":{"rendered":"\n<p>SANTO DOMINGO, RD.- El arbitraje dominicano femenino tuvo a cuatro \u00e1rbitras en acci\u00f3n durante la Ventana FIFA Femenina del mes de abril de 2026, per\u00edodo en el que se disputaron los partidos definitorios de la primera fase de la Clasificatoria Femenina de Concacaf 2026, evento que otorga boletos a la Copa Mundial Femenina de la FIFA Brasil 2027.<\/p>\n\n\n\n<figure class=\"wp-block-image size-large\"><img loading=\"lazy\" decoding=\"async\" width=\"1024\" height=\"682\" src=\"https:\/\/diariodominicano.com\/wp-content\/uploads\/2026\/04\/WhatsApp-Image-2026-04-19-at-4.35.33-PM-1024x682.jpeg\" alt=\"\" class=\"wp-image-675851\" srcset=\"https:\/\/diariodominicano.com\/wp-content\/uploads\/2026\/04\/WhatsApp-Image-2026-04-19-at-4.35.33-PM-1024x682.jpeg 1024w, https:\/\/diariodominicano.com\/wp-content\/uploads\/2026\/04\/WhatsApp-Image-2026-04-19-at-4.35.33-PM-300x200.jpeg 300w, https:\/\/diariodominicano.com\/wp-content\/uploads\/2026\/04\/WhatsApp-Image-2026-04-19-at-4.35.33-PM-768x512.jpeg 768w, https:\/\/diariodominicano.com\/wp-content\/uploads\/2026\/04\/WhatsApp-Image-2026-04-19-at-4.35.33-PM-1536x1023.jpeg 1536w, https:\/\/diariodominicano.com\/wp-content\/uploads\/2026\/04\/WhatsApp-Image-2026-04-19-at-4.35.33-PM-816x544.jpeg 816w, https:\/\/diariodominicano.com\/wp-content\/uploads\/2026\/04\/WhatsApp-Image-2026-04-19-at-4.35.33-PM.jpeg 1600w\" sizes=\"auto, (max-width: 1024px) 100vw, 1024px\" \/><\/figure>\n\n\n\n<p>Las mundialistas Vimarest D\u00edaz y Santa Medina, junto a las emergentes Minely Ure\u00f1a y Biannelly De La Cruz, todas adscritas a la Federaci\u00f3n Dominicana de F\u00fatbol, estuvieron designadas durante la pasada Ventana FIFA Femenina.<\/p>\n\n\n\n<p>La \u00e1rbitra asistente Santa Medina destac\u00f3 al ser convocada tanto para un partido oficial por las eliminatorias femeninas, como para un partido de preparaci\u00f3n entre Estados Unidos y Jap\u00f3n.<\/p>\n\n\n\n<figure class=\"wp-block-image size-large\"><img loading=\"lazy\" decoding=\"async\" width=\"1024\" height=\"682\" src=\"https:\/\/diariodominicano.com\/wp-content\/uploads\/2026\/04\/WhatsApp-Image-2026-04-19-at-4.35.34-PM-1-1-1024x682.jpeg\" alt=\"\" class=\"wp-image-675855\" srcset=\"https:\/\/diariodominicano.com\/wp-content\/uploads\/2026\/04\/WhatsApp-Image-2026-04-19-at-4.35.34-PM-1-1-1024x682.jpeg 1024w, https:\/\/diariodominicano.com\/wp-content\/uploads\/2026\/04\/WhatsApp-Image-2026-04-19-at-4.35.34-PM-1-1-300x200.jpeg 300w, https:\/\/diariodominicano.com\/wp-content\/uploads\/2026\/04\/WhatsApp-Image-2026-04-19-at-4.35.34-PM-1-1-768x512.jpeg 768w, https:\/\/diariodominicano.com\/wp-content\/uploads\/2026\/04\/WhatsApp-Image-2026-04-19-at-4.35.34-PM-1-1-1536x1023.jpeg 1536w, https:\/\/diariodominicano.com\/wp-content\/uploads\/2026\/04\/WhatsApp-Image-2026-04-19-at-4.35.34-PM-1-1-816x544.jpeg 816w, https:\/\/diariodominicano.com\/wp-content\/uploads\/2026\/04\/WhatsApp-Image-2026-04-19-at-4.35.34-PM-1-1.jpeg 1600w\" sizes=\"auto, (max-width: 1024px) 100vw, 1024px\" \/><\/figure>\n\n\n\n<p>\u00c1rbitras dominicanas que estuvieron en acci\u00f3n durante la Ventana FIFA Femenina del mes de abril de 2026:<\/p>\n\n\n\n<p>Minely Ure\u00f1a (Cuarta \u00c1rbitra) \u2013 Costa Rica vs Islas Caim\u00e1n \u2013 Estadio Alejandro Morera Soto de Alajuela, Costa Rica \u2013 10\/04\/2026<\/p>\n\n\n\n<figure class=\"wp-block-image size-large\"><img loading=\"lazy\" decoding=\"async\" width=\"1024\" height=\"733\" src=\"https:\/\/diariodominicano.com\/wp-content\/uploads\/2026\/04\/WhatsApp-Image-2026-04-19-at-4.35.34-PM-1024x733.jpeg\" alt=\"\" class=\"wp-image-675857\" srcset=\"https:\/\/diariodominicano.com\/wp-content\/uploads\/2026\/04\/WhatsApp-Image-2026-04-19-at-4.35.34-PM-1024x733.jpeg 1024w, https:\/\/diariodominicano.com\/wp-content\/uploads\/2026\/04\/WhatsApp-Image-2026-04-19-at-4.35.34-PM-300x215.jpeg 300w, https:\/\/diariodominicano.com\/wp-content\/uploads\/2026\/04\/WhatsApp-Image-2026-04-19-at-4.35.34-PM-768x550.jpeg 768w, https:\/\/diariodominicano.com\/wp-content\/uploads\/2026\/04\/WhatsApp-Image-2026-04-19-at-4.35.34-PM-1536x1100.jpeg 1536w, https:\/\/diariodominicano.com\/wp-content\/uploads\/2026\/04\/WhatsApp-Image-2026-04-19-at-4.35.34-PM-816x584.jpeg 816w, https:\/\/diariodominicano.com\/wp-content\/uploads\/2026\/04\/WhatsApp-Image-2026-04-19-at-4.35.34-PM.jpeg 1600w\" sizes=\"auto, (max-width: 1024px) 100vw, 1024px\" \/><\/figure>\n\n\n\n<p>Vimarest D\u00edaz (\u00c1rbitra) \u2013 Jamaica vs Guyana \u2013 National Stadium, Kingston \u2013 18\/04\/2026<\/p>\n\n\n\n<p>Santa Medina (\u00c1rbitra Asistente 1) \u2013 Jamaica vs Guyana \u2013 National Stadium \u2013 18\/04\/2026<\/p>\n\n\n\n<figure class=\"wp-block-image size-large\"><img loading=\"lazy\" decoding=\"async\" width=\"1024\" height=\"768\" src=\"https:\/\/diariodominicano.com\/wp-content\/uploads\/2026\/04\/WhatsApp-Image-2026-04-19-at-4.35.35-PM-1024x768.jpeg\" alt=\"\" class=\"wp-image-675859\" srcset=\"https:\/\/diariodominicano.com\/wp-content\/uploads\/2026\/04\/WhatsApp-Image-2026-04-19-at-4.35.35-PM-1024x768.jpeg 1024w, https:\/\/diariodominicano.com\/wp-content\/uploads\/2026\/04\/WhatsApp-Image-2026-04-19-at-4.35.35-PM-300x225.jpeg 300w, https:\/\/diariodominicano.com\/wp-content\/uploads\/2026\/04\/WhatsApp-Image-2026-04-19-at-4.35.35-PM-768x576.jpeg 768w, https:\/\/diariodominicano.com\/wp-content\/uploads\/2026\/04\/WhatsApp-Image-2026-04-19-at-4.35.35-PM-1536x1152.jpeg 1536w, https:\/\/diariodominicano.com\/wp-content\/uploads\/2026\/04\/WhatsApp-Image-2026-04-19-at-4.35.35-PM-816x612.jpeg 816w, https:\/\/diariodominicano.com\/wp-content\/uploads\/2026\/04\/WhatsApp-Image-2026-04-19-at-4.35.35-PM.jpeg 1600w\" sizes=\"auto, (max-width: 1024px) 100vw, 1024px\" \/><\/figure>\n\n\n\n<p>Biannelly De La Cruz (\u00c1rbitra Asistente 2) \u2013 Bermudas vs Granada &#8211; Dame Flora Duffy National Sports Centre, Hamilton \u2013 Bermudas \u2013 18\/04\/2026<\/p>\n\n\n\n<p>Partido amistoso internacional Femenino:<\/p>\n\n\n\n<figure class=\"wp-block-image size-large\"><img loading=\"lazy\" decoding=\"async\" width=\"768\" height=\"1024\" src=\"https:\/\/diariodominicano.com\/wp-content\/uploads\/2026\/04\/WhatsApp-Image-2026-04-19-at-4.35.36-PM-768x1024.jpeg\" alt=\"\" class=\"wp-image-675861\" srcset=\"https:\/\/diariodominicano.com\/wp-content\/uploads\/2026\/04\/WhatsApp-Image-2026-04-19-at-4.35.36-PM-768x1024.jpeg 768w, https:\/\/diariodominicano.com\/wp-content\/uploads\/2026\/04\/WhatsApp-Image-2026-04-19-at-4.35.36-PM-225x300.jpeg 225w, https:\/\/diariodominicano.com\/wp-content\/uploads\/2026\/04\/WhatsApp-Image-2026-04-19-at-4.35.36-PM-816x1088.jpeg 816w, https:\/\/diariodominicano.com\/wp-content\/uploads\/2026\/04\/WhatsApp-Image-2026-04-19-at-4.35.36-PM.jpeg 960w\" sizes=\"auto, (max-width: 768px) 100vw, 768px\" \/><\/figure>\n\n\n\n<p>Santa Medina (\u00c1rbitra Asistente 1) \u2013 USA vs Jap\u00f3n \u2013 Lumen Field, Seattle \u2013 USA \u2013 14\/04\/2026<\/p>\n\n\n\n<p>Las r\u00e9feris quisqueyanas no solo contin\u00faan demostrando su crecimiento dentro del m\u00e1ximo nivel de la Concacaf, sino que siguen abriendo puertas para las generaciones que vienen detr\u00e1s y que se decanten por escoger la carrera arbitral.<\/p>\n\n\n\n<p>Fedofutbol Prensa<\/p>\n\n\n\n<p><a target=\"_blank\" href=\"mailto:fedofutbolprensa2019@gmail.com\" rel=\"noreferrer noopener\">fedofutbolprensa2019@gmail.<\/a><\/p>\n\n\n\n<p><strong>Johnny Nieto<\/strong><\/p>\n\n\n\n<p><strong>Departamento de Comunicaciones F.D.F.<\/strong><\/p>\n","protected":false},"excerpt":{"rendered":"<p>SANTO DOMINGO, RD.- El arbitraje dominicano femenino tuvo a cuatro \u00e1rbitras en acci\u00f3n durante la Ventana FIFA Femenina del mes de abril de 2026, per\u00edodo en el que se disputaron los partidos definitorios de la primera fase de la Clasificatoria Femenina de Concacaf 2026, evento que otorga boletos a la Copa Mundial Femenina de la [&hellip;]<\/p>\n","protected":false},"author":2,"featured_media":675849,"comment_status":"open","ping_status":"closed","sticky":false,"template":"","format":"standard","meta":{"footnotes":""},"categories":[17],"tags":[5731,2756],"class_list":["post-675848","post","type-post","status-publish","format-standard","has-post-thumbnail","hentry","category-deportes","tag-arbitraje-dominicano-femenino","tag-fifa"],"_links":{"self":[{"href":"https:\/\/diariodominicano.com\/index.php?rest_route=\/wp\/v2\/posts\/675848","targetHints":{"allow":["GET"]}}],"collection":[{"href":"https:\/\/diariodominicano.com\/index.php?rest_route=\/wp\/v2\/posts"}],"about":[{"href":"https:\/\/diariodominicano.com\/index.php?rest_route=\/wp\/v2\/types\/post"}],"author":[{"embeddable":true,"href":"https:\/\/diariodominicano.com\/index.php?rest_route=\/wp\/v2\/users\/2"}],"replies":[{"embeddable":true,"href":"https:\/\/diariodominicano.com\/index.php?rest_route=%2Fwp%2Fv2%2Fcomments&post=675848"}],"version-history":[{"count":5,"href":"https:\/\/diariodominicano.com\/index.php?rest_route=\/wp\/v2\/posts\/675848\/revisions"}],"predecessor-version":[{"id":675864,"href":"https:\/\/diariodominicano.com\/index.php?rest_route=\/wp\/v2\/posts\/675848\/revisions\/675864"}],"wp:featuredmedia":[{"embeddable":true,"href":"https:\/\/diariodominicano.com\/index.php?rest_route=\/wp\/v2\/media\/675849"}],"wp:attachment":[{"href":"https:\/\/diariodominicano.com\/index.php?rest_route=%2Fwp%2Fv2%2Fmedia&parent=675848"}],"wp:term":[{"taxonomy":"category","embeddable":true,"href":"https:\/\/diariodominicano.com\/index.php?rest_route=%2Fwp%2Fv2%2Fcategories&post=675848"},{"taxonomy":"post_tag","embeddable":true,"href":"https:\/\/diariodominicano.com\/index.php?rest_route=%2Fwp%2Fv2%2Ftags&post=675848"}],"curies":[{"name":"wp","href":"https:\/\/api.w.org\/{rel}","templated":true}]}}