{"id":675839,"date":"2026-04-28T21:30:53","date_gmt":"2026-04-29T01:30:53","guid":{"rendered":"https:\/\/diariodominicano.com\/?p=675839"},"modified":"2026-04-28T21:31:01","modified_gmt":"2026-04-29T01:31:01","slug":"administracion-trump-cuestiona-licencias-de-estaciones-de-abc-por-declaraciones-de-jimmy-kimmel-sobre-melania-trump","status":"publish","type":"post","link":"https:\/\/diariodominicano.com\/?p=675839","title":{"rendered":"Administraci\u00f3n Trump cuestiona licencias de estaciones de ABC por declaraciones de Jimmy Kimmel sobre Melania Trump"},"content":{"rendered":"\n<p><em>spanish.news.cn<\/em>|<em>&nbsp;2026-04-29 07:50:15<\/em>|<\/p>\n\n\n\n<p>WASHINGTON, 28 abr (Xinhua) &#8212; La administraci\u00f3n Trump est\u00e1 buscando impugnar las licencias de las emisoras ABC, de acuerdo con una orden publicada hoy por la Comisi\u00f3n Federal de Comunicaciones (FCC, por sus siglas en ingl\u00e9s), lo que apunta a un agravamiento de las tensiones despu\u00e9s de las recientes y pol\u00e9micas declaraciones del presentador de un programa nocturno, Jimmy Kimmel, sobre la primera dama, Melania Trump.<\/p>\n\n\n\n<p>\u00abPor este medio se ordena a ABC de Disney presentar documentos para la renovaci\u00f3n de licencias para todas sus estaciones de televisi\u00f3n con licencia en un lapso de 30 d\u00edas, en otras palabras, para el 28 de mayo de 2026\u00bb, se\u00f1al\u00f3 la orden.<\/p>\n\n\n\n<p>Tras describir la orden de la FCC como el inicio de \u00abun prolongado proceso legal\u00bb, un reporte de CNN se\u00f1al\u00f3 que esta es \u00abuna escalada extraordinaria\u00bb de la administraci\u00f3n Trump.<\/p>\n\n\n\n<p>El reporte se\u00f1al\u00f3 que aunque la FCC afirma que la revisi\u00f3n de licencias tiene que ver con una investigaci\u00f3n en curso sobre las iniciativas de diversidad de Disney, \u00aben general se ha visto como una forma de represalia del Gobierno por transmitir el programa de Kimmel y resistir la presi\u00f3n de Trump\u00bb.<\/p>\n\n\n\n<p>El lunes, Melania Trump arremeti\u00f3 contra Kimmel en X y dijo que \u00abeste mon\u00f3logo sobre mi familia no es c\u00f3mico&#8230; sus palabras son destructivas y profundizan la enfermedad pol\u00edtica al interior de Estados Unidos\u00bb.<\/p>\n\n\n\n<p>\u00abYa basta. Ya es momento de que la ABC asuma una postura. \u00bfCu\u00e1ntas veces permitir\u00e1 la direcci\u00f3n de ABC el atroz comportamiento de Kimmel a costa de nuestra comunidad?\u00bb, escribi\u00f3 la primera dama.<\/p>\n\n\n\n<p>Los comentarios se produjeron en respuesta al comentario hecho la semana pasada por Kimmel sobre Melania Trump, de quien dijo que parec\u00eda una \u00abviuda expectante\u00bb.<\/p>\n\n\n\n<p>El lunes, el presidente de Estados Unidos, Donald Trump, expres\u00f3 su opini\u00f3n en Truth Social y atribuy\u00f3 al \u00abllamado a la violencia\u00bb de Kimmel el tiroteo ocurrido el s\u00e1bado fuera de la cena de la Asociaci\u00f3n de Corresponsales de la Casa Blanca, y dijo que Kimmel \u00abdeber\u00eda ser despedido de inmediato\u00bb.<\/p>\n\n\n\n<p>Por otra parte, Disney pareci\u00f3 mostrar apoyo a Kimmel al seguir transmitiendo su programa la noche del lunes.<\/p>\n\n\n\n<p>En su mon\u00f3logo nocturno del lunes, Kimmel dijo que sus comentarios de la semana pasada fueron una \u00abpeque\u00f1a burla\u00bb sobre la diferencia de edades entre el presidente y la primera dama, \u00absobre el hecho de que \u00e9l tiene casi 80 a\u00f1os y ella es m\u00e1s joven que yo\u00bb.<\/p>\n\n\n\n<p>Jimmy Kimmel Live es uno de varios programas nocturnos de entrevistas reconocido a nivel nacional en el pa\u00eds.<\/p>\n\n\n\n<p>El programa fue interrumpido brevemente en el oto\u00f1o pasado, en medio de una campa\u00f1a anterior de presi\u00f3n del Gobierno contra ABC, luego de los controvertidos comentarios hechos por Kimmel sobre el activista e influyente conservador Charlie Kirk, quien fue abatido a tiros. La suspensi\u00f3n recibi\u00f3 una condena generalizada.&nbsp;<\/p>\n\n\n\n<p><a href=\"https:\/\/www.facebook.com\/sharer\/sharer.php?u=https:\/\/spanish.xinhuanet.com\/20260429\/2e9a83f63ec64cccacf0408f18d1580b\/c.html\" target=\"_blank\" rel=\"noreferrer noopener\"><\/a>&nbsp;<a href=\"https:\/\/twitter.com\/intent\/tweet?text=Administraci%C3%B3n%20Trump%20cuestiona%20licencias%20de%20estaciones%20de%20ABC%20por%20declaraciones%20de%20Jimmy%20Kimmel%20sobre%20Melania%20Trump%20&amp;url=https:\/\/spanish.xinhuanet.com\/20260429\/2e9a83f63ec64cccacf0408f18d1580b\/c.html\" target=\"_blank\" rel=\"noreferrer noopener\"><\/a>&nbsp;<a target=\"_blank\" href=\"https:\/\/service.weibo.com\/share\/share.php?title=Administraci%C3%B3n%20Trump%20cuestiona%20licencias%20de%20estaciones%20de%20ABC%20por%20declaraciones%20de%20Jimmy%20Kimmel%20sobre%20Melania%20Trump%20&amp;url=https:\/\/spanish.xinhuanet.com\/20260429\/2e9a83f63ec64cccacf0408f18d1580b\/c.html\" rel=\"noreferrer noopener\"><\/a>&nbsp;<a><\/a><\/p>\n\n\n\n<figure class=\"wp-block-image\"><img decoding=\"async\" src=\"https:\/\/imgs.news.cn\/res\/xhwimg\/spanish\/20170522\/img\/jc-xfa.png\" alt=\"\"\/><\/figure>\n","protected":false},"excerpt":{"rendered":"<p>spanish.news.cn|&nbsp;2026-04-29 07:50:15| WASHINGTON, 28 abr (Xinhua) &#8212; La administraci\u00f3n Trump est\u00e1 buscando impugnar las licencias de las emisoras ABC, de acuerdo con una orden publicada hoy por la Comisi\u00f3n Federal de Comunicaciones (FCC, por sus siglas en ingl\u00e9s), lo que apunta a un agravamiento de las tensiones despu\u00e9s de las recientes y pol\u00e9micas declaraciones del [&hellip;]<\/p>\n","protected":false},"author":2,"featured_media":419346,"comment_status":"open","ping_status":"closed","sticky":false,"template":"","format":"standard","meta":{"footnotes":""},"categories":[23,22],"tags":[5727,5728,5004],"class_list":["post-675839","post","type-post","status-publish","format-standard","has-post-thumbnail","hentry","category-internacional","category-politica","tag-abc","tag-jimmy-kimmel","tag-trump"],"_links":{"self":[{"href":"https:\/\/diariodominicano.com\/index.php?rest_route=\/wp\/v2\/posts\/675839","targetHints":{"allow":["GET"]}}],"collection":[{"href":"https:\/\/diariodominicano.com\/index.php?rest_route=\/wp\/v2\/posts"}],"about":[{"href":"https:\/\/diariodominicano.com\/index.php?rest_route=\/wp\/v2\/types\/post"}],"author":[{"embeddable":true,"href":"https:\/\/diariodominicano.com\/index.php?rest_route=\/wp\/v2\/users\/2"}],"replies":[{"embeddable":true,"href":"https:\/\/diariodominicano.com\/index.php?rest_route=%2Fwp%2Fv2%2Fcomments&post=675839"}],"version-history":[{"count":1,"href":"https:\/\/diariodominicano.com\/index.php?rest_route=\/wp\/v2\/posts\/675839\/revisions"}],"predecessor-version":[{"id":675840,"href":"https:\/\/diariodominicano.com\/index.php?rest_route=\/wp\/v2\/posts\/675839\/revisions\/675840"}],"wp:featuredmedia":[{"embeddable":true,"href":"https:\/\/diariodominicano.com\/index.php?rest_route=\/wp\/v2\/media\/419346"}],"wp:attachment":[{"href":"https:\/\/diariodominicano.com\/index.php?rest_route=%2Fwp%2Fv2%2Fmedia&parent=675839"}],"wp:term":[{"taxonomy":"category","embeddable":true,"href":"https:\/\/diariodominicano.com\/index.php?rest_route=%2Fwp%2Fv2%2Fcategories&post=675839"},{"taxonomy":"post_tag","embeddable":true,"href":"https:\/\/diariodominicano.com\/index.php?rest_route=%2Fwp%2Fv2%2Ftags&post=675839"}],"curies":[{"name":"wp","href":"https:\/\/api.w.org\/{rel}","templated":true}]}}