{"id":675837,"date":"2026-04-28T21:25:36","date_gmt":"2026-04-29T01:25:36","guid":{"rendered":"https:\/\/diariodominicano.com\/?p=675837"},"modified":"2026-04-28T21:25:48","modified_gmt":"2026-04-29T01:25:48","slug":"eau-abandonara-la-opep-y-opep-el-1-de-mayo","status":"publish","type":"post","link":"https:\/\/diariodominicano.com\/?p=675837","title":{"rendered":"EAU abandonar\u00e1 la OPEP y OPEP+ el 1 de mayo"},"content":{"rendered":"\n<p>ARCHIVO: Dubai-Abu-Dabi-Emiratos-Arabes-Unidos<\/p>\n\n\n\n<p><em>spanish.news.cn<\/em>|<em>&nbsp;2026-04-28 23:27:00<\/em>|<\/p>\n\n\n\n<p>DUBAI, 28 abr (Xinhua) &#8212; Emiratos \u00c1rabes Unidos (EAU) anunci\u00f3 hoy martes que abandonar\u00e1 la Organizaci\u00f3n de Pa\u00edses Exportadores de Petr\u00f3leo (OPEP) y la alianza ampliada OPEP+, de manera efectiva el pr\u00f3ximo 1 de mayo de 2026, inform\u00f3 la Agencia de Noticias de los Emiratos (WAM).<\/p>\n\n\n\n<p>Esta decisi\u00f3n refleja la visi\u00f3n estrat\u00e9gica y econ\u00f3mica a largo plazo de EAU y el perfil energ\u00e9tico en evoluci\u00f3n, con una inversi\u00f3n acelerada en producci\u00f3n dom\u00e9stica de energ\u00eda, reforzando su compromiso con un papel responsable, confiable y orientado al futuro en los mercados energ\u00e9ticos globales, se\u00f1al\u00f3 la WAM.<\/p>\n\n\n\n<p>La medida se produce tras una revisi\u00f3n integral de la pol\u00edtica de producci\u00f3n de EAU y su capacidad tanto actual como futura y est\u00e1 basada en el inter\u00e9s nacional de EAU y su compromiso de contribuir eficazmente a satisfacer las necesidades urgentes del mercado, report\u00f3.<\/p>\n\n\n\n<p>EAU se\u00f1al\u00f3 que continuar\u00e1 actuando como un proveedor de energ\u00eda responsable y confiable, llevando producci\u00f3n adicional al mercado de manera gradual y moderada de acuerdo con la demanda y las condiciones del mercado.<\/p>\n\n\n\n<p>Tambi\u00e9n reiter\u00f3 su compromiso con la inversi\u00f3n a lo largo de la cadena de valor de energ\u00eda, incluidos el petr\u00f3leo y el gas, soluciones renovables y de bajas emisiones de carbono, y el trabajo con socios para garantizar el abasto mundial estable.<\/p>\n","protected":false},"excerpt":{"rendered":"<p>ARCHIVO: Dubai-Abu-Dabi-Emiratos-Arabes-Unidos spanish.news.cn|&nbsp;2026-04-28 23:27:00| DUBAI, 28 abr (Xinhua) &#8212; Emiratos \u00c1rabes Unidos (EAU) anunci\u00f3 hoy martes que abandonar\u00e1 la Organizaci\u00f3n de Pa\u00edses Exportadores de Petr\u00f3leo (OPEP) y la alianza ampliada OPEP+, de manera efectiva el pr\u00f3ximo 1 de mayo de 2026, inform\u00f3 la Agencia de Noticias de los Emiratos (WAM). Esta decisi\u00f3n refleja la visi\u00f3n [&hellip;]<\/p>\n","protected":false},"author":2,"featured_media":668668,"comment_status":"open","ping_status":"closed","sticky":false,"template":"","format":"standard","meta":{"footnotes":""},"categories":[18,23,27],"tags":[5726,4077,5725],"class_list":["post-675837","post","type-post","status-publish","format-standard","has-post-thumbnail","hentry","category-economia","category-internacional","category-portada","tag-1-cd-mayo","tag-eau","tag-opep"],"_links":{"self":[{"href":"https:\/\/diariodominicano.com\/index.php?rest_route=\/wp\/v2\/posts\/675837","targetHints":{"allow":["GET"]}}],"collection":[{"href":"https:\/\/diariodominicano.com\/index.php?rest_route=\/wp\/v2\/posts"}],"about":[{"href":"https:\/\/diariodominicano.com\/index.php?rest_route=\/wp\/v2\/types\/post"}],"author":[{"embeddable":true,"href":"https:\/\/diariodominicano.com\/index.php?rest_route=\/wp\/v2\/users\/2"}],"replies":[{"embeddable":true,"href":"https:\/\/diariodominicano.com\/index.php?rest_route=%2Fwp%2Fv2%2Fcomments&post=675837"}],"version-history":[{"count":1,"href":"https:\/\/diariodominicano.com\/index.php?rest_route=\/wp\/v2\/posts\/675837\/revisions"}],"predecessor-version":[{"id":675838,"href":"https:\/\/diariodominicano.com\/index.php?rest_route=\/wp\/v2\/posts\/675837\/revisions\/675838"}],"wp:featuredmedia":[{"embeddable":true,"href":"https:\/\/diariodominicano.com\/index.php?rest_route=\/wp\/v2\/media\/668668"}],"wp:attachment":[{"href":"https:\/\/diariodominicano.com\/index.php?rest_route=%2Fwp%2Fv2%2Fmedia&parent=675837"}],"wp:term":[{"taxonomy":"category","embeddable":true,"href":"https:\/\/diariodominicano.com\/index.php?rest_route=%2Fwp%2Fv2%2Fcategories&post=675837"},{"taxonomy":"post_tag","embeddable":true,"href":"https:\/\/diariodominicano.com\/index.php?rest_route=%2Fwp%2Fv2%2Ftags&post=675837"}],"curies":[{"name":"wp","href":"https:\/\/api.w.org\/{rel}","templated":true}]}}