{"id":675819,"date":"2026-04-28T20:45:40","date_gmt":"2026-04-29T00:45:40","guid":{"rendered":"https:\/\/diariodominicano.com\/?p=675819"},"modified":"2026-04-28T20:45:47","modified_gmt":"2026-04-29T00:45:47","slug":"alrededor-de-30-paises-presentes-en-muestra-de-cine-educativo-en-cuba","status":"publish","type":"post","link":"https:\/\/diariodominicano.com\/?p=675819","title":{"rendered":"Alrededor de 30 pa\u00edses presentes en muestra de cine educativo en Cuba"},"content":{"rendered":"\n<p>La Habana, 28 abr (Prensa Latina) Alrededor de 30 pa\u00edses estar\u00e1n representados en la V Muestra Internacional de Cine Educativo (MICE), que acontecer\u00e1 del 4 al 9 de mayo en la capital cubana con iniciativas destinadas a las infancias, anunciaron hoy los organizadores.<\/p>\n\n\n\n<ul class=\"wp-block-list\">\n<li><a href=\"https:\/\/www.prensa-latina.cu\/2026\/04\/28\/\"><time>abril 28, 2026 | 16:25<\/time><\/a><\/li>\n<\/ul>\n\n\n\n<ul class=\"wp-block-list\">\n<li><a href=\"https:\/\/www.prensa-latina.cu\/2026\/04\/28\/alrededor-de-30-paises-presentes-en-muestra-de-cine-educativo-en-cuba\/#\"><\/a><\/li>\n\n\n\n<li><a href=\"https:\/\/www.prensa-latina.cu\/2026\/04\/28\/alrededor-de-30-paises-presentes-en-muestra-de-cine-educativo-en-cuba\/#\"><\/a><\/li>\n\n\n\n<li><a href=\"https:\/\/www.prensa-latina.cu\/2026\/04\/28\/alrededor-de-30-paises-presentes-en-muestra-de-cine-educativo-en-cuba\/#\"><\/a><\/li>\n\n\n\n<li><a href=\"https:\/\/www.prensa-latina.cu\/2026\/04\/28\/alrededor-de-30-paises-presentes-en-muestra-de-cine-educativo-en-cuba\/#\"><\/a><\/li>\n<\/ul>\n\n\n\n<p>El evento promueve la cultura audiovisual en ni\u00f1os, adolescentes y j\u00f3venes, a trav\u00e9s de un programa que incluye la exhibici\u00f3n de pel\u00edculas y talleres, espacio este \u00faltimo donde ellos adquieren herramientas para el desarrollo de futuros proyectos cinematogr\u00e1ficos.<\/p>\n\n\n\n<p>MICE se desarrolla en tres etapas, la primera inici\u00f3 este lunes en diversas instituciones y se trata del visionado de las producciones realizadas por los j\u00f3venes participantes.<\/p>\n\n\n\n<p>As\u00ed lo declar\u00f3 a la prensa el director del Instituto Cubano de Investigaci\u00f3n Cultural Juan Marinello, Luis Emilio Aybar, desde la sala H\u00e9ctor Garc\u00eda Mesa del Instituto Cubano del Arte e Industria Cinematogr\u00e1ficos (Icaic).<\/p>\n\n\n\n<p>Alrededor de 100 propuestas de 21 pa\u00edses compiten este a\u00f1o, en tanto el material ganador-elegido mediante votaci\u00f3n de los estudiantes- se anunciar\u00e1 en la ceremonia de clausura del evento, el 9 de mayo en el Teatro Nacional.<\/p>\n\n\n\n<p>En una segunda fase, prevista del 5 al 8 de mayo, los cines Yara y La Rampa, y la Fundaci\u00f3n del Nuevo Cine Latinoamericano acoger\u00e1n la proyecci\u00f3n de 20 pel\u00edculas de realizadores profesionales cuya obra est\u00e1 enfocada en las j\u00f3venes generaciones.<\/p>\n\n\n\n<p>Seg\u00fan el maestro Josep Arbiol, presidente fundador de la MICE, hay una gran variedad de largometrajes, en representaci\u00f3n de Cuba, M\u00e9xico, Espa\u00f1a, Sud\u00e1frica, Alemania, Colombia, Rusia y China.<\/p>\n\n\n\n<p>En este sentido destac\u00f3 las pel\u00edculas Leo&amp;Lou (Espa\u00f1a, 2025), que inaugurar\u00e1 el evento en La Rampa; Doble Play (Cuba, 2026), Un disfraz para Nicol\u00e1s (M\u00e9xico, 2020), Bird Boy (Sud\u00e1frica, 2025) y La peque\u00f1a bruja (Suiza-Alemania, 2018), entre muchas otras.<\/p>\n\n\n\n<p>Complementan el programa los talleres de creaci\u00f3n y apreciaci\u00f3n audiovisual, con la participaci\u00f3n de ni\u00f1os, maestros e instructores de Arte, espacios que proporcionan las herramientas necesarias para un mejor abordaje de los proyectos cinematogr\u00e1ficos.<\/p>\n\n\n\n<p>El certamen es posible gracias a la articulaci\u00f3n de numerosas instituciones, entre ellas el Instituto Cubano de Investigaci\u00f3n Cultural Juan Marinello, que lo organiza, la Biblioteca Nacional Jos\u00e9 Mart\u00ed, y la Fundaci\u00f3n del Nuevo Cine Latinoamericano.<\/p>\n\n\n\n<p>Tambi\u00e9n los Ministerios de Educaci\u00f3n y Cultura de Cuba, y los Estudios de Animaci\u00f3n del Icaic, a los cuales se rinde tributo este a\u00f1o.<\/p>\n\n\n\n<p>Seg\u00fan el programa, en la ceremonia de clausura se premiar\u00e1n los materiales realizados por ni\u00f1os y j\u00f3venes que resulten ganadores en las diferentes secciones en competencia.<\/p>\n\n\n\n<p>Mientras, la Compa\u00f1\u00eda Lokimundo colocar\u00e1 el broche dorado a esta quinta edici\u00f3n de la cita, cuyo principal objetivo es promover la cultura audiovisual en las infancias.<\/p>\n\n\n\n<p>Asistieron al encuentro con la prensa el presidente del Icaic, Alexis Triana, la directora de MICE, Ivonne S\u00e1nchez, la directora de Animados Icaic, Esther Hirtzel, entre otros colegas y miembros de instituciones afines.<\/p>\n\n\n\n<p>rgh\/amr<\/p>\n\n\n\n<ul class=\"wp-block-list\">\n<li>#<a href=\"https:\/\/www.prensa-latina.cu\/etiqueta\/cuba\/\">cuba<\/a><\/li>\n<\/ul>\n","protected":false},"excerpt":{"rendered":"<p>La Habana, 28 abr (Prensa Latina) Alrededor de 30 pa\u00edses estar\u00e1n representados en la V Muestra Internacional de Cine Educativo (MICE), que acontecer\u00e1 del 4 al 9 de mayo en la capital cubana con iniciativas destinadas a las infancias, anunciaron hoy los organizadores. El evento promueve la cultura audiovisual en ni\u00f1os, adolescentes y j\u00f3venes, a [&hellip;]<\/p>\n","protected":false},"author":2,"featured_media":675820,"comment_status":"open","ping_status":"closed","sticky":false,"template":"","format":"standard","meta":{"footnotes":""},"categories":[36,23],"tags":[],"class_list":["post-675819","post","type-post","status-publish","format-standard","has-post-thumbnail","hentry","category-hombresmujeresycosas","category-internacional"],"_links":{"self":[{"href":"https:\/\/diariodominicano.com\/index.php?rest_route=\/wp\/v2\/posts\/675819","targetHints":{"allow":["GET"]}}],"collection":[{"href":"https:\/\/diariodominicano.com\/index.php?rest_route=\/wp\/v2\/posts"}],"about":[{"href":"https:\/\/diariodominicano.com\/index.php?rest_route=\/wp\/v2\/types\/post"}],"author":[{"embeddable":true,"href":"https:\/\/diariodominicano.com\/index.php?rest_route=\/wp\/v2\/users\/2"}],"replies":[{"embeddable":true,"href":"https:\/\/diariodominicano.com\/index.php?rest_route=%2Fwp%2Fv2%2Fcomments&post=675819"}],"version-history":[{"count":1,"href":"https:\/\/diariodominicano.com\/index.php?rest_route=\/wp\/v2\/posts\/675819\/revisions"}],"predecessor-version":[{"id":675821,"href":"https:\/\/diariodominicano.com\/index.php?rest_route=\/wp\/v2\/posts\/675819\/revisions\/675821"}],"wp:featuredmedia":[{"embeddable":true,"href":"https:\/\/diariodominicano.com\/index.php?rest_route=\/wp\/v2\/media\/675820"}],"wp:attachment":[{"href":"https:\/\/diariodominicano.com\/index.php?rest_route=%2Fwp%2Fv2%2Fmedia&parent=675819"}],"wp:term":[{"taxonomy":"category","embeddable":true,"href":"https:\/\/diariodominicano.com\/index.php?rest_route=%2Fwp%2Fv2%2Fcategories&post=675819"},{"taxonomy":"post_tag","embeddable":true,"href":"https:\/\/diariodominicano.com\/index.php?rest_route=%2Fwp%2Fv2%2Ftags&post=675819"}],"curies":[{"name":"wp","href":"https:\/\/api.w.org\/{rel}","templated":true}]}}