{"id":675816,"date":"2026-04-28T20:42:31","date_gmt":"2026-04-29T00:42:31","guid":{"rendered":"https:\/\/diariodominicano.com\/?p=675816"},"modified":"2026-04-28T20:42:36","modified_gmt":"2026-04-29T00:42:36","slug":"delcy-rodriguez-reclama-eliminacion-plena-de-sanciones-a-venezuela","status":"publish","type":"post","link":"https:\/\/diariodominicano.com\/?p=675816","title":{"rendered":"Delcy Rodr\u00edguez reclama eliminaci\u00f3n plena de sanciones a Venezuela"},"content":{"rendered":"\n<p>Caracas, 28 abr (Prensa Latina) La presidenta encargada Delcy Rodr\u00edguez reiter\u00f3 hoy su llamado a que todas las sanciones contra Venezuela sean eliminadas por Estados Unidos y pa\u00edses europeos.<\/p>\n\n\n\n<ul class=\"wp-block-list\">\n<li><a href=\"https:\/\/www.prensa-latina.cu\/2026\/04\/28\/\"><time>abril 28, 2026 | 20:04<\/time><\/a><\/li>\n<\/ul>\n\n\n\n<ul class=\"wp-block-list\">\n<li><a href=\"https:\/\/www.prensa-latina.cu\/2026\/04\/28\/delcy-rodriguez-reclama-eliminacion-plena-de-sanciones-a-venezuela\/#\"><\/a><\/li>\n\n\n\n<li><a href=\"https:\/\/www.prensa-latina.cu\/2026\/04\/28\/delcy-rodriguez-reclama-eliminacion-plena-de-sanciones-a-venezuela\/#\"><\/a><\/li>\n\n\n\n<li><a href=\"https:\/\/www.prensa-latina.cu\/2026\/04\/28\/delcy-rodriguez-reclama-eliminacion-plena-de-sanciones-a-venezuela\/#\"><\/a><\/li>\n\n\n\n<li><a href=\"https:\/\/www.prensa-latina.cu\/2026\/04\/28\/delcy-rodriguez-reclama-eliminacion-plena-de-sanciones-a-venezuela\/#\"><\/a><\/li>\n<\/ul>\n\n\n\n<p>En un encuentro con el pueblo en el Casco Hist\u00f3rico del estado de Carabobo, donde particip\u00f3 en la gran peregrinaci\u00f3n \u201cUnidos por una Venezuela sin sanciones y en paz\u201d, la mandataria reconoci\u00f3 haber dado pasos, pero la victoria final debe ser \u201cel cese completo de las sanciones\u201d.<\/p>\n\n\n\n<p>\u201c\u00a1Que no quede una sola sanci\u00f3n oprimiendo al pueblo de Venezuela, asfixiando a la econom\u00eda y arrebatando la felicidad social del pueblo!\u201d, enfatiz\u00f3.<\/p>\n\n\n\n<p>Para que sin medidas coercitivas unilaterales, se\u00f1al\u00f3 Rodr\u00edguez, la juventud venezolana pueda tener un gran futuro y tambi\u00e9n por el bien de los ni\u00f1os y j\u00f3venes, acot\u00f3.<\/p>\n\n\n\n<p>Expres\u00f3 que eso es lo que m\u00e1s los inspira y \u201cpedir por el presente de nuestros abuelos y abuelas\u201d.<\/p>\n\n\n\n<p>La gobernante remarc\u00f3 que las sanciones han hecho un gran da\u00f1o generacional al pueblo; \u201cya basta de da\u00f1os a nuestra patria, cese la agresi\u00f3n contra Venezuela\u201d, insisti\u00f3.<\/p>\n\n\n\n<p>Al respecto, llam\u00f3 a orar y a pedir a Dios juntarse para lograr ese objetivo, el cual, opin\u00f3, se convierte en una segunda independencia para la patria.<\/p>\n\n\n\n<p>Asimismo, demand\u00f3 a desterrar las mezquindades, a que nada los separe y evite seguir en este peregrinar por toda la naci\u00f3n.<\/p>\n\n\n\n<p>Declar\u00f3 que como parte de la peregrinaci\u00f3n por los 24 estados, que inici\u00f3 el 19 de abril y concluir\u00e1 el 30 en la capital, ya se est\u00e1n acercando a Caracas donde \u201cnos encontraremos como un solo pa\u00eds y nos abrazaremos como un solo pueblo\u201d.<\/p>\n\n\n\n<p>Antes, en un encuentro con movimientos sociales y culturales carabobe\u00f1os -que estuvo precedido por una extensa caravana de motorizados- la dignataria encargada llam\u00f3 a seguir por el camino de la peregrinaci\u00f3n, el encuentro y el perd\u00f3n.<\/p>\n\n\n\n<p>Al referirse a la Ley de Amnist\u00eda, aprobada por unanimidad por la Asamblea Nacional (parlamento), Rodr\u00edguez expres\u00f3 que esta normativa tuvo resultados como ninguna otra en \u201cel Derecho comparado\u201d con ejemplos concretos como en Sud\u00e1frica y Espa\u00f1a.<\/p>\n\n\n\n<p>Valor\u00f3 que se trata de un instrumento legal que benefici\u00f3 a pr\u00e1cticamente a nueve mil personas privadas de libertad y no hay una ley de amnist\u00eda que \u201chaya tenido los resultados que tiene la venezolana\u201d, ni el tiempo expreso en que se hizo, asever\u00f3.<\/p>\n\n\n\n<p>Este martes el vicepresidente sectorial de Pol\u00edtica, Seguridad Ciudadana y Paz Diosdado Cabello particip\u00f3 en la peregrinaci\u00f3n en el estado de Apure, donde anunci\u00f3 que 25 mil compatriotas retornaron al pa\u00eds en el \u00faltimo a\u00f1o desde febrero pasado como parte de la Gran misi\u00f3n Vuelta a la Patria.<\/p>\n\n\n\n<p>El presidente del parlamento Jorge Rodr\u00edguez, por su parte, adelant\u00f3 desde Anzo\u00e1tegui (centro norte) la gran jornada que vivir\u00e1n una vez concluya este recorrido, en la cual se prev\u00e9 la participaci\u00f3n de artistas nacionales e internacionales con ocho tarimas y diferentes g\u00e9neros musicales.<\/p>\n\n\n\n<p>dfm\/jcd<\/p>\n\n\n\n<ul class=\"wp-block-list\">\n<li>#<a href=\"https:\/\/www.prensa-latina.cu\/etiqueta\/apure\/\">Apure<\/a>\u00a0#<a href=\"https:\/\/www.prensa-latina.cu\/etiqueta\/carabobo\/\">Carabobo<\/a>\u00a0#<a href=\"https:\/\/www.prensa-latina.cu\/etiqueta\/eeuu\/\">eeuu<\/a>\u00a0#<a href=\"https:\/\/www.prensa-latina.cu\/etiqueta\/europa\/\">europa<\/a>\u00a0#<a href=\"https:\/\/www.prensa-latina.cu\/etiqueta\/sanciones\/\">sanciones<\/a>\u00a0#<a href=\"https:\/\/www.prensa-latina.cu\/etiqueta\/venezuela\/\">Venezuela<\/a><\/li>\n<\/ul>\n","protected":false},"excerpt":{"rendered":"<p>Caracas, 28 abr (Prensa Latina) La presidenta encargada Delcy Rodr\u00edguez reiter\u00f3 hoy su llamado a que todas las sanciones contra Venezuela sean eliminadas por Estados Unidos y pa\u00edses europeos. En un encuentro con el pueblo en el Casco Hist\u00f3rico del estado de Carabobo, donde particip\u00f3 en la gran peregrinaci\u00f3n \u201cUnidos por una Venezuela sin sanciones [&hellip;]<\/p>\n","protected":false},"author":2,"featured_media":675817,"comment_status":"open","ping_status":"closed","sticky":false,"template":"","format":"standard","meta":{"footnotes":""},"categories":[23],"tags":[3947,1375],"class_list":["post-675816","post","type-post","status-publish","format-standard","has-post-thumbnail","hentry","category-internacional","tag-delcy-rodriguez","tag-venezuela"],"_links":{"self":[{"href":"https:\/\/diariodominicano.com\/index.php?rest_route=\/wp\/v2\/posts\/675816","targetHints":{"allow":["GET"]}}],"collection":[{"href":"https:\/\/diariodominicano.com\/index.php?rest_route=\/wp\/v2\/posts"}],"about":[{"href":"https:\/\/diariodominicano.com\/index.php?rest_route=\/wp\/v2\/types\/post"}],"author":[{"embeddable":true,"href":"https:\/\/diariodominicano.com\/index.php?rest_route=\/wp\/v2\/users\/2"}],"replies":[{"embeddable":true,"href":"https:\/\/diariodominicano.com\/index.php?rest_route=%2Fwp%2Fv2%2Fcomments&post=675816"}],"version-history":[{"count":1,"href":"https:\/\/diariodominicano.com\/index.php?rest_route=\/wp\/v2\/posts\/675816\/revisions"}],"predecessor-version":[{"id":675818,"href":"https:\/\/diariodominicano.com\/index.php?rest_route=\/wp\/v2\/posts\/675816\/revisions\/675818"}],"wp:featuredmedia":[{"embeddable":true,"href":"https:\/\/diariodominicano.com\/index.php?rest_route=\/wp\/v2\/media\/675817"}],"wp:attachment":[{"href":"https:\/\/diariodominicano.com\/index.php?rest_route=%2Fwp%2Fv2%2Fmedia&parent=675816"}],"wp:term":[{"taxonomy":"category","embeddable":true,"href":"https:\/\/diariodominicano.com\/index.php?rest_route=%2Fwp%2Fv2%2Fcategories&post=675816"},{"taxonomy":"post_tag","embeddable":true,"href":"https:\/\/diariodominicano.com\/index.php?rest_route=%2Fwp%2Fv2%2Ftags&post=675816"}],"curies":[{"name":"wp","href":"https:\/\/api.w.org\/{rel}","templated":true}]}}