{"id":675810,"date":"2026-04-28T20:37:10","date_gmt":"2026-04-29T00:37:10","guid":{"rendered":"https:\/\/diariodominicano.com\/?p=675810"},"modified":"2026-04-28T20:39:50","modified_gmt":"2026-04-29T00:39:50","slug":"mi-firma-por-la-patria-moviliza-a-mision-cubana-en-dominicana","status":"publish","type":"post","link":"https:\/\/diariodominicano.com\/?p=675810","title":{"rendered":"\u201cMi firma por la Patria\u201d moviliza a misi\u00f3n cubana en Dominicana"},"content":{"rendered":"\n<p>Santo Domingo, 28 abr (Prensa Latina) Integrantes de la misi\u00f3n diplom\u00e1tica de Cuba en la Rep\u00fablica Dominicana, junto a sus familiares, reafirmaron hoy su decisi\u00f3n de defender a su patria frente a las agresiones de Estados Unidos.<\/p>\n\n\n\n<ul class=\"wp-block-list\">\n<li><a href=\"https:\/\/www.prensa-latina.cu\/2026\/04\/28\/\"><time>abril 28, 2026 | 19:50<\/time><\/a><\/li>\n<\/ul>\n\n\n\n<ul class=\"wp-block-list\">\n<li><a href=\"https:\/\/www.prensa-latina.cu\/2026\/04\/28\/mi-firma-por-la-patria-moviliza-a-mision-cubana-en-dominicana\/#\"><\/a><\/li>\n\n\n\n<li><a href=\"https:\/\/www.prensa-latina.cu\/2026\/04\/28\/mi-firma-por-la-patria-moviliza-a-mision-cubana-en-dominicana\/#\"><\/a><\/li>\n\n\n\n<li><a href=\"https:\/\/www.prensa-latina.cu\/2026\/04\/28\/mi-firma-por-la-patria-moviliza-a-mision-cubana-en-dominicana\/#\"><\/a><\/li>\n\n\n\n<li><a href=\"https:\/\/www.prensa-latina.cu\/2026\/04\/28\/mi-firma-por-la-patria-moviliza-a-mision-cubana-en-dominicana\/#\"><\/a><\/li>\n<\/ul>\n\n\n\n<p>Durante un acto celebrado en la sede diplom\u00e1tica, encabezado por el embajador \u00c1ngel Arzuaga, los participantes se sumaron al movimiento \u201cMi firma por la Patria\u201d, una iniciativa que, desde el 19 de abril, articula voluntades en toda la isla en defensa de la soberan\u00eda nacional.<\/p>\n\n\n\n<p>La actividad se inscribe en una jornada m\u00e1s amplia que tiene lugar en centros de trabajo, comunidades e instituciones en la isla, as\u00ed como en las misiones diplom\u00e1ticas cubanas en el exterior.<\/p>\n\n\n\n<p>En ese contexto, Arzuaga record\u00f3 que, durante el acto por el aniversario 65 de la Proclamaci\u00f3n del Car\u00e1cter Socialista de la Revoluci\u00f3n, el pasado 16 de abril, el presidente Miguel D\u00edaz-Canel convoc\u00f3 a impulsar un movimiento nacional e internacional de solidaridad que lleve a cada rinc\u00f3n del planeta la realidad de Cuba y las consecuencias del bloqueo.<\/p>\n\n\n\n<p>El embajador tambi\u00e9n evoc\u00f3 que un d\u00eda como hoy tuvo lugar la segunda intervenci\u00f3n militar de Estados Unidos en la Rep\u00fablica Dominicana en 1965, y se\u00f1al\u00f3 que, en su hist\u00f3rico discurso del 1 de mayo de ese a\u00f1o, el l\u00edder de la Revoluci\u00f3n cubana, Fidel Castro, denunci\u00f3 y explic\u00f3 al pueblo los hechos ocurridos en este pa\u00eds.<\/p>\n\n\n\n<p>Al citar sus palabras, el diplom\u00e1tico record\u00f3 que Fidel afirm\u00f3 que, mientras en Cuba se conmemoraba el D\u00eda Internacional de los Trabajadores, \u201cse est\u00e1 escribiendo en la tierra hermana de Santo Domingo, a la vez que una de las p\u00e1ginas m\u00e1s heroicas y hermosas del pueblo dominicano, una de las acciones m\u00e1s vand\u00e1licas, criminales y bochornosas de este siglo\u201d.<\/p>\n\n\n\n<p>Asimismo, se\u00f1al\u00f3 que Fidel advirti\u00f3 sobre la necesidad de fortalecer la defensa nacional frente a cualquier amenaza, subrayando el car\u00e1cter pac\u00edfico, pero firme, del pueblo cubano.<\/p>\n\n\n\n<p>Ante ese escenario, el embajador Arzuaga a\u00f1adi\u00f3 que Fidel expres\u00f3 en la Plaza de la Revoluci\u00f3n: \u201cNuestra conclusi\u00f3n es la de prepararnos bien, armarnos mejor todav\u00eda, fortalecer nuestras defensas por todos los medios, para que ese enemigo chantajista sepa lo que le toca\u2026\u201d.<\/p>\n\n\n\n<p>Tambi\u00e9n cit\u00f3 cuando el estadista cubano afirm\u00f3: \u201cNadie podr\u00eda decir que este pueblo es belicoso o guerrerista. Somos un pueblo alegre, pac\u00edfico; pero porque somos as\u00ed, \u00a1que no se metan con nosotros!; \u00a1porque somos as\u00ed, que nos respeten!, \u00a1porque somos as\u00ed o somos como tal vez no se lo imaginan! Odio, repugnancia, desprecio, bastante han acumulado los yanquis en este pa\u00eds; de sobra han acumulado con lo que nos han hecho a nosotros y con lo que le han hecho a otros pueblos\u2026\u201d.<\/p>\n\n\n\n<p>Durante el acto, se reiter\u00f3 la vocaci\u00f3n de paz de la naci\u00f3n cubana, as\u00ed como su determinaci\u00f3n de defender su independencia y soberan\u00eda.<\/p>\n\n\n\n<p>Con sus firmas, los diplom\u00e1ticos y sus familiares \u2014entre ellos varios j\u00f3venes\u2014 ratificaron su compromiso de defender la autodeterminaci\u00f3n de su patria a cualquier precio, convencidos de que constituye el m\u00e1s grande honor y deber de cada cubano.<\/p>\n\n\n\n<p>dfm\/mpv<\/p>\n\n\n\n<ul class=\"wp-block-list\">\n<li>#<a href=\"https:\/\/www.prensa-latina.cu\/etiqueta\/cuba\/\">cuba<\/a><\/li>\n<\/ul>\n","protected":false},"excerpt":{"rendered":"<p>Santo Domingo, 28 abr (Prensa Latina) Integrantes de la misi\u00f3n diplom\u00e1tica de Cuba en la Rep\u00fablica Dominicana, junto a sus familiares, reafirmaron hoy su decisi\u00f3n de defender a su patria frente a las agresiones de Estados Unidos. Durante un acto celebrado en la sede diplom\u00e1tica, encabezado por el embajador \u00c1ngel Arzuaga, los participantes se sumaron [&hellip;]<\/p>\n","protected":false},"author":2,"featured_media":675812,"comment_status":"open","ping_status":"closed","sticky":false,"template":"","format":"standard","meta":{"footnotes":""},"categories":[20,22],"tags":[3100,197],"class_list":["post-675810","post","type-post","status-publish","format-standard","has-post-thumbnail","hentry","category-dominicana-hoy","category-politica","tag-cuba","tag-republica-dominicana"],"_links":{"self":[{"href":"https:\/\/diariodominicano.com\/index.php?rest_route=\/wp\/v2\/posts\/675810","targetHints":{"allow":["GET"]}}],"collection":[{"href":"https:\/\/diariodominicano.com\/index.php?rest_route=\/wp\/v2\/posts"}],"about":[{"href":"https:\/\/diariodominicano.com\/index.php?rest_route=\/wp\/v2\/types\/post"}],"author":[{"embeddable":true,"href":"https:\/\/diariodominicano.com\/index.php?rest_route=\/wp\/v2\/users\/2"}],"replies":[{"embeddable":true,"href":"https:\/\/diariodominicano.com\/index.php?rest_route=%2Fwp%2Fv2%2Fcomments&post=675810"}],"version-history":[{"count":3,"href":"https:\/\/diariodominicano.com\/index.php?rest_route=\/wp\/v2\/posts\/675810\/revisions"}],"predecessor-version":[{"id":675815,"href":"https:\/\/diariodominicano.com\/index.php?rest_route=\/wp\/v2\/posts\/675810\/revisions\/675815"}],"wp:featuredmedia":[{"embeddable":true,"href":"https:\/\/diariodominicano.com\/index.php?rest_route=\/wp\/v2\/media\/675812"}],"wp:attachment":[{"href":"https:\/\/diariodominicano.com\/index.php?rest_route=%2Fwp%2Fv2%2Fmedia&parent=675810"}],"wp:term":[{"taxonomy":"category","embeddable":true,"href":"https:\/\/diariodominicano.com\/index.php?rest_route=%2Fwp%2Fv2%2Fcategories&post=675810"},{"taxonomy":"post_tag","embeddable":true,"href":"https:\/\/diariodominicano.com\/index.php?rest_route=%2Fwp%2Fv2%2Ftags&post=675810"}],"curies":[{"name":"wp","href":"https:\/\/api.w.org\/{rel}","templated":true}]}}