{"id":675791,"date":"2026-04-29T03:44:21","date_gmt":"2026-04-29T07:44:21","guid":{"rendered":"https:\/\/diariodominicano.com\/?p=675791"},"modified":"2026-04-29T03:44:22","modified_gmt":"2026-04-29T07:44:22","slug":"j-bermudez-presenta-jb-three-un-album-en-vivo-que-captura-la-esencia-autentica-del-vallenato","status":"publish","type":"post","link":"https:\/\/diariodominicano.com\/?p=675791","title":{"rendered":"J Berm\u00fadez presenta \u201cJB Three\u201d: un \u00e1lbum en vivo que captura la esencia aut\u00e9ntica del vallenato"},"content":{"rendered":"\n<p><strong>Miami, Florida \u2014 El artista vallenato J Berm\u00fadez anuncia el lanzamiento mundial de su nuevo \u00e1lbum titulado \u201cJB Three\u201d, una producci\u00f3n en vivo que promete conectar de manera directa con el p\u00fablico a trav\u00e9s de la energ\u00eda, emoci\u00f3n y autenticidad que caracterizan sus presentaciones.<\/strong><\/p>\n\n\n\n<p><strong>El lanzamiento oficial se llevar\u00e1 a cabo el pr\u00f3ximo 24 de abril a las 6:00 PM (hora de Miami), marcando un momento clave en la evoluci\u00f3n art\u00edstica del cantante y consolidando su propuesta dentro del g\u00e9nero vallenato en el mercado internacional.<\/strong><\/p>\n\n\n\n<p><strong>\u201cJB Three\u201d no es solo un \u00e1lbum, es una experiencia musical. Grabado completamente en vivo, el proyecto transmite la fuerza del escenario, la interacci\u00f3n con el p\u00fablico y la esencia real del vallenato moderno, fusionando tradici\u00f3n y frescura en cada interpretaci\u00f3n. Con este trabajo, J Berm\u00fadez busca reafirmar su identidad art\u00edstica y ofrecer un producto genuino que refleje su crecimiento musical.<\/strong><\/p>\n\n\n\n<p><strong>Sobre J Berm\u00fadez<\/strong><\/p>\n\n\n\n<p><strong>J Berm\u00fadez es un artista emergente del g\u00e9nero vallenato que ha venido posicion\u00e1ndose por su estilo aut\u00e9ntico, su capacidad interpretativa y su conexi\u00f3n con el p\u00fablico. Su propuesta musical combina la esencia tradicional del vallenato con una visi\u00f3n contempor\u00e1nea, logrando captar la atenci\u00f3n de nuevas audiencias sin perder la ra\u00edz del g\u00e9nero. A lo largo de su carrera, ha participado en m\u00faltiples presentaciones en vivo, destac\u00e1ndose por su energ\u00eda en tarima y su compromiso con la calidad musical.<\/strong><\/p>\n\n\n\n<p><strong>Con \u201cJB Three\u201d, J Berm\u00fadez da un paso firme en su carrera, presentando un proyecto que no solo resalta su talento, sino que tambi\u00e9n responde a la creciente demanda de experiencias musicales reales y cercanas.<\/strong><\/p>\n\n\n\n<p><strong>Este lanzamiento est\u00e1 dirigido tanto a seguidores del vallenato como a nuevos oyentes que buscan propuestas frescas dentro de la m\u00fasica latina.<\/strong><\/p>\n\n\n\n<p><strong>Para entrevistas, cobertura o informaci\u00f3n adicional, los medios pueden ponerse en contacto a trav\u00e9s de los canales oficiales del artista.<\/strong><\/p>\n\n\n\n<p><strong>Glomy Mena <a href=\"mailto:glomymena8@gmail.com\">glomymena8@gmail.com<\/a><\/strong><\/p>\n","protected":false},"excerpt":{"rendered":"<p>Miami, Florida \u2014 El artista vallenato J Berm\u00fadez anuncia el lanzamiento mundial de su nuevo \u00e1lbum titulado \u201cJB Three\u201d, una producci\u00f3n en vivo que promete conectar de manera directa con el p\u00fablico a trav\u00e9s de la energ\u00eda, emoci\u00f3n y autenticidad que caracterizan sus presentaciones. El lanzamiento oficial se llevar\u00e1 a cabo el pr\u00f3ximo 24 de [&hellip;]<\/p>\n","protected":false},"author":7,"featured_media":675918,"comment_status":"closed","ping_status":"closed","sticky":false,"template":"","format":"standard","meta":{"footnotes":""},"categories":[25],"tags":[5741],"class_list":["post-675791","post","type-post","status-publish","format-standard","has-post-thumbnail","hentry","category-gente","tag-j-bermudez"],"_links":{"self":[{"href":"https:\/\/diariodominicano.com\/index.php?rest_route=\/wp\/v2\/posts\/675791","targetHints":{"allow":["GET"]}}],"collection":[{"href":"https:\/\/diariodominicano.com\/index.php?rest_route=\/wp\/v2\/posts"}],"about":[{"href":"https:\/\/diariodominicano.com\/index.php?rest_route=\/wp\/v2\/types\/post"}],"author":[{"embeddable":true,"href":"https:\/\/diariodominicano.com\/index.php?rest_route=\/wp\/v2\/users\/7"}],"replies":[{"embeddable":true,"href":"https:\/\/diariodominicano.com\/index.php?rest_route=%2Fwp%2Fv2%2Fcomments&post=675791"}],"version-history":[{"count":1,"href":"https:\/\/diariodominicano.com\/index.php?rest_route=\/wp\/v2\/posts\/675791\/revisions"}],"predecessor-version":[{"id":675919,"href":"https:\/\/diariodominicano.com\/index.php?rest_route=\/wp\/v2\/posts\/675791\/revisions\/675919"}],"wp:featuredmedia":[{"embeddable":true,"href":"https:\/\/diariodominicano.com\/index.php?rest_route=\/wp\/v2\/media\/675918"}],"wp:attachment":[{"href":"https:\/\/diariodominicano.com\/index.php?rest_route=%2Fwp%2Fv2%2Fmedia&parent=675791"}],"wp:term":[{"taxonomy":"category","embeddable":true,"href":"https:\/\/diariodominicano.com\/index.php?rest_route=%2Fwp%2Fv2%2Fcategories&post=675791"},{"taxonomy":"post_tag","embeddable":true,"href":"https:\/\/diariodominicano.com\/index.php?rest_route=%2Fwp%2Fv2%2Ftags&post=675791"}],"curies":[{"name":"wp","href":"https:\/\/api.w.org\/{rel}","templated":true}]}}