{"id":675790,"date":"2026-04-29T02:49:48","date_gmt":"2026-04-29T06:49:48","guid":{"rendered":"https:\/\/diariodominicano.com\/?p=675790"},"modified":"2026-04-29T03:49:00","modified_gmt":"2026-04-29T07:49:00","slug":"dos-calles-espacio-creativo-presenta-el-concierto-operistico-con-el-tenor-enrique-pina-introducido-por-el-arq-gamal-michelen-y-el-acompanamiento-de-la-pianista-gabriela-garcia","status":"publish","type":"post","link":"https:\/\/diariodominicano.com\/?p=675790","title":{"rendered":"Dos Calles, Espacio Creativo, presenta el concierto oper\u00edstico con el tenor Enrique Pina introducido por el arq. Gamal Michel\u00e9n y el acompa\u00f1amiento de la pianista Gabriela Garc\u00eda"},"content":{"rendered":"\n<p>Dos Calles, Espacio Creativo present\u00f3 el pasado jueves 23 de abril del 2026, el concierto did\u00e1ctico <em>Palabras que cantan, voces que cuentan<\/em>, una propuesta que invita al p\u00fablico a aproximarse a la m\u00fasica desde una experiencia m\u00e1s consciente, donde la interpretaci\u00f3n y la palabra se entrelazan para revelar el sentido profundo de cada obra.<\/p>\n\n\n\n<p>Concebido como un recorrido entre la tradici\u00f3n l\u00edrica y la sensibilidad contempor\u00e1nea, el concierto transit\u00f3 por arias de \u00f3pera y por la canci\u00f3n napolitana y el repertorio en espa\u00f1ol, proponiendo un di\u00e1logo entre lo cl\u00e1sico y lo popular. M\u00e1s que una sucesi\u00f3n de piezas, el programa se articul\u00f3 como un relato, pues cada obra fue introducida, contextualizada y luego interpretada, permitiendo al espectador habitarla desde una dimensi\u00f3n m\u00e1s amplia.<\/p>\n\n\n\n<figure class=\"wp-block-gallery has-nested-images columns-default is-cropped wp-block-gallery-1 is-layout-flex wp-block-gallery-is-layout-flex\">\n<figure class=\"wp-block-image size-large\"><img decoding=\"async\" data-id=\"675907\" src=\"https:\/\/diariodominicano.com\/wp-content\/uploads\/2026\/04\/De-izquierda-a-derecha-Enrique-Pina-Lidia-Leon-Gabriela-Garcia-y-Gamal-Michelen-1024x966.jpeg\" alt=\"\" class=\"wp-image-675907\"\/><figcaption class=\"wp-element-caption\">De izquierda a derecha Enrique Pina, Lidia Le\u00f3n, Gabriela Garc\u00eda y Gamal Michel\u00e9n <\/figcaption><\/figure>\n\n\n\n<figure class=\"wp-block-image size-large\"><img loading=\"lazy\" decoding=\"async\" width=\"852\" height=\"1024\" data-id=\"675906\" src=\"https:\/\/diariodominicano.com\/wp-content\/uploads\/2026\/04\/Lidia-Leon-Enrique-Pina-y-Chabela-Leon-de-Bisono-852x1024.jpeg\" alt=\"\" class=\"wp-image-675906\" srcset=\"https:\/\/diariodominicano.com\/wp-content\/uploads\/2026\/04\/Lidia-Leon-Enrique-Pina-y-Chabela-Leon-de-Bisono-852x1024.jpeg 852w, https:\/\/diariodominicano.com\/wp-content\/uploads\/2026\/04\/Lidia-Leon-Enrique-Pina-y-Chabela-Leon-de-Bisono-250x300.jpeg 250w, https:\/\/diariodominicano.com\/wp-content\/uploads\/2026\/04\/Lidia-Leon-Enrique-Pina-y-Chabela-Leon-de-Bisono-768x923.jpeg 768w, https:\/\/diariodominicano.com\/wp-content\/uploads\/2026\/04\/Lidia-Leon-Enrique-Pina-y-Chabela-Leon-de-Bisono-816x980.jpeg 816w, https:\/\/diariodominicano.com\/wp-content\/uploads\/2026\/04\/Lidia-Leon-Enrique-Pina-y-Chabela-Leon-de-Bisono.jpeg 1162w\" sizes=\"auto, (max-width: 852px) 100vw, 852px\" \/><\/figure>\n\n\n\n<figure class=\"wp-block-image size-large\"><img loading=\"lazy\" decoding=\"async\" width=\"849\" height=\"1024\" data-id=\"675905\" src=\"https:\/\/diariodominicano.com\/wp-content\/uploads\/2026\/04\/Dos-Calles-Espacio-Creativo-presenta-el-concierto-operistico-con-el-tenor-Enrique-Pina-849x1024.jpeg\" alt=\"\" class=\"wp-image-675905\" srcset=\"https:\/\/diariodominicano.com\/wp-content\/uploads\/2026\/04\/Dos-Calles-Espacio-Creativo-presenta-el-concierto-operistico-con-el-tenor-Enrique-Pina-849x1024.jpeg 849w, https:\/\/diariodominicano.com\/wp-content\/uploads\/2026\/04\/Dos-Calles-Espacio-Creativo-presenta-el-concierto-operistico-con-el-tenor-Enrique-Pina-249x300.jpeg 249w, https:\/\/diariodominicano.com\/wp-content\/uploads\/2026\/04\/Dos-Calles-Espacio-Creativo-presenta-el-concierto-operistico-con-el-tenor-Enrique-Pina-768x926.jpeg 768w, https:\/\/diariodominicano.com\/wp-content\/uploads\/2026\/04\/Dos-Calles-Espacio-Creativo-presenta-el-concierto-operistico-con-el-tenor-Enrique-Pina-816x984.jpeg 816w, https:\/\/diariodominicano.com\/wp-content\/uploads\/2026\/04\/Dos-Calles-Espacio-Creativo-presenta-el-concierto-operistico-con-el-tenor-Enrique-Pina.jpeg 962w\" sizes=\"auto, (max-width: 849px) 100vw, 849px\" \/><\/figure>\n<\/figure>\n\n\n\n<p>La velada estuvo a cargo del tenor Enrique Pina, cuya trayectoria combina de manera singular el arte y la diplomacia cultural. Con formaci\u00f3n en Italia y presentaciones en escenarios internacionales \u2014incluyendo actuaciones en el Vaticano y participaciones en importantes conciertos oper\u00edsticos alrededor del mundo\u2014, Pina est\u00e1 incluido entre los mejores tenores del mundo en el libro \u201c<em>Franco Corelli &amp; A Revolution in Singing&nbsp; Fifty-Four Tenors Spanning 200 Years<\/em>, volumen 3\u201d. Su actuaci\u00f3n ser\u00e1 recordada por quienes tuvieron la fortuna de presenciarla en Dos Calles, Espacio Creativo.<\/p>\n\n\n\n<p>Con una voz de potencia y matices extraordinarios, Pina recorri\u00f3 un programa que transit\u00f3 por arias de \u00f3pera, por el repertorio en espa\u00f1ol y la tradici\u00f3n napolitana con la autoridad de quien conoce cada obra desde adentro y la generosidad de quien sabe compartirla.<\/p>\n\n\n\n<p>Le acompa\u00f1\u00f3 en el piano Gabriela Garc\u00eda, cuya labor interpretativa aport\u00f3 el equilibrio y la sensibilidad necesarios para un repertorio que exigi\u00f3 precisi\u00f3n t\u00e9cnica y profundidad expresiva.<\/p>\n\n\n\n<p>El arquitecto y gestor cultural Gamal Michel\u00e9n, actual viceministro de Patrimonio Cultural, es una figura clave en el desarrollo de pol\u00edticas culturales en la Rep\u00fablica Dominicana y en la promoci\u00f3n de iniciativas que buscan acercar el arte a la ciudadan\u00eda. En esta ocasi\u00f3n, introdujo el programa desde una dimensi\u00f3n reflexiva, enriqueciendo cada pieza a partir de su contexto hist\u00f3rico, simb\u00f3lico y est\u00e9tico con an\u00e9cdotas personales, reflexiones del \u00e1mbito cotidiano y una cultura general que fluy\u00f3 sin esfuerzo aparente y que result\u00f3, sin embargo, reveladora. Lejos del tono acad\u00e9mico o distante, su palabra fue un puente que acerc\u00f3 al p\u00fablico a obras que podr\u00edan haber parecido desconocidas, y las convirti\u00f3 en algo propio.<\/p>\n\n\n\n<p>La conducci\u00f3n del evento estuvo a cargo de Yamile Eusebio, directora ejecutiva de la Fundaci\u00f3n Conexi\u00f3n LiLe\u00f3n, quien dio la bienvenida a los presentes y estuvo a cargo de la intruducci\u00f3n formal de la velada.<\/p>\n\n\n\n<p>Esta iniciativa se realiz\u00f3 con el respaldo de la Fundaci\u00f3n Conexi\u00f3n LiLe\u00f3n, bajo la visi\u00f3n de Lidia Le\u00f3n, cuya labor como artista y gestora ha estado orientada a la creaci\u00f3n de espacios de encuentro donde el arte se convierte en experiencia compartida. Su trabajo ha sido fundamental en la articulaci\u00f3n de proyectos que conectan sensibilidad, pensamiento y comunidad, generando plataformas culturales abiertas y contempor\u00e1neas.<\/p>\n\n\n\n<p>Asimismo, el concierto cont\u00f3 con el apoyo de Kahkow, marca dominicana que ha apostado por la vinculaci\u00f3n entre cultura, identidad y experiencia, integrando el arte como parte esencial de su propuesta.<\/p>\n\n\n\n<p>El programa incluy\u00f3 obras de compositores como Giuseppe Verdi, Gaetano Donizetti, Charles Gounod y Giacomo Meyerbeer, as\u00ed como piezas emblem\u00e1ticas del repertorio en espa\u00f1ol y la tradici\u00f3n napolitana de Pablo Soroz\u00e1bal, Gaetano Pennino, Pedro El\u00edas Guti\u00e9rrez y Ernesto De Curtis.<\/p>\n\n\n\n<p><em>Palabras que cantan, voces que cuentan<\/em> se present\u00f3, as\u00ed, como una experiencia que trascendi\u00f3 el formato tradicional del concierto, proponiendo un espacio donde escuchar tambi\u00e9n implic\u00f3 comprender, recordar y, sobre todo, compartir.<\/p>\n\n\n\n<p>La Peque <a href=\"mailto:priky72@Gmail.com\">priky72@Gmail.com<\/a><\/p>\n","protected":false},"excerpt":{"rendered":"<p>Dos Calles, Espacio Creativo present\u00f3 el pasado jueves 23 de abril del 2026, el concierto did\u00e1ctico Palabras que cantan, voces que cuentan, una propuesta que invita al p\u00fablico a aproximarse a la m\u00fasica desde una experiencia m\u00e1s consciente, donde la interpretaci\u00f3n y la palabra se entrelazan para revelar el sentido profundo de cada obra. Concebido [&hellip;]<\/p>\n","protected":false},"author":7,"featured_media":0,"comment_status":"closed","ping_status":"closed","sticky":false,"template":"","format":"standard","meta":{"footnotes":""},"categories":[21],"tags":[3332,3577],"class_list":["post-675790","post","type-post","status-publish","format-standard","hentry","category-cultura","tag-dos-calles","tag-espacio-creativo"],"_links":{"self":[{"href":"https:\/\/diariodominicano.com\/index.php?rest_route=\/wp\/v2\/posts\/675790","targetHints":{"allow":["GET"]}}],"collection":[{"href":"https:\/\/diariodominicano.com\/index.php?rest_route=\/wp\/v2\/posts"}],"about":[{"href":"https:\/\/diariodominicano.com\/index.php?rest_route=\/wp\/v2\/types\/post"}],"author":[{"embeddable":true,"href":"https:\/\/diariodominicano.com\/index.php?rest_route=\/wp\/v2\/users\/7"}],"replies":[{"embeddable":true,"href":"https:\/\/diariodominicano.com\/index.php?rest_route=%2Fwp%2Fv2%2Fcomments&post=675790"}],"version-history":[{"count":2,"href":"https:\/\/diariodominicano.com\/index.php?rest_route=\/wp\/v2\/posts\/675790\/revisions"}],"predecessor-version":[{"id":675909,"href":"https:\/\/diariodominicano.com\/index.php?rest_route=\/wp\/v2\/posts\/675790\/revisions\/675909"}],"wp:attachment":[{"href":"https:\/\/diariodominicano.com\/index.php?rest_route=%2Fwp%2Fv2%2Fmedia&parent=675790"}],"wp:term":[{"taxonomy":"category","embeddable":true,"href":"https:\/\/diariodominicano.com\/index.php?rest_route=%2Fwp%2Fv2%2Fcategories&post=675790"},{"taxonomy":"post_tag","embeddable":true,"href":"https:\/\/diariodominicano.com\/index.php?rest_route=%2Fwp%2Fv2%2Ftags&post=675790"}],"curies":[{"name":"wp","href":"https:\/\/api.w.org\/{rel}","templated":true}]}}