{"id":675788,"date":"2026-04-28T20:02:42","date_gmt":"2026-04-29T00:02:42","guid":{"rendered":"https:\/\/diariodominicano.com\/?p=675788"},"modified":"2026-04-28T20:02:53","modified_gmt":"2026-04-29T00:02:53","slug":"roi-urge-convocatoria-de-evaluacion-de-jueces-de-la-scj-y-advierte-sobre-lecciones-del-proceso-2025","status":"publish","type":"post","link":"https:\/\/diariodominicano.com\/?p=675788","title":{"rendered":"ROI urge convocatoria de evaluaci\u00f3n de jueces de la SCJ y advierte sobre lecciones del proceso 2025 \u00a0"},"content":{"rendered":"\n<p><strong>La Red de Observadores por la Institucionalidad (ROI) llam\u00f3 al Presidente de la Rep\u00fablica, en su calidad de presidente del Consejo Nacional de la Magistratura (CNM), a convocar de manera inmediata el proceso de evaluaci\u00f3n de los jueces y juezas de la Suprema Corte de Justicia (SCJ), cuyo per\u00edodo constitucional de siete a\u00f1os se cumpli\u00f3 el pasado 4 de abril.<\/strong><\/p>\n\n\n\n<p><strong>La organizaci\u00f3n record\u00f3 que once magistrados y magistradas se encuentran pendientes de evaluaci\u00f3n, etapa indispensable para determinar su permanencia o eventual sustituci\u00f3n en el cargo. ROI advirti\u00f3 que la ausencia de convocatoria formal genera incertidumbre institucional y afecta la confianza p\u00fablica en el sistema de justicia.<\/strong><\/p>\n\n\n\n<p><strong>ROI enfatiz\u00f3 que la evaluaci\u00f3n de desempe\u00f1o es un mandato constitucional y una garant\u00eda de independencia judicial, se\u00f1alando que, aunque no existe un plazo espec\u00edfico para la convocatoria, la Constituci\u00f3n establece que esta debe realizarse al t\u00e9rmino de los siete a\u00f1os desde la designaci\u00f3n.<\/strong><\/p>\n\n\n\n<p><strong>En ese contexto, la organizaci\u00f3n advirti\u00f3 que el pa\u00eds llega a este nuevo proceso con importantes lecciones derivadas de la evaluaci\u00f3n realizada en 2025, marcada por cuestionamientos sobre falta de transparencia, ausencia de motivaci\u00f3n suficiente en las decisiones y uso de criterios no previstos en la normativa.<\/strong><\/p>\n\n\n\n<p><strong>Asimismo, alert\u00f3 sobre el riesgo de que algunos jueces y juezas opten por no someterse a evaluaci\u00f3n, como reacci\u00f3n a experiencias previas \u2014como las ocurridas a las magistradas Miriam Germ\u00e1n Brito y Pilar Jim\u00e9nez\u2014 percibidas como injustas, discriminatorias y lesivas a la independencia judicial, lo que, a su juicio, compromete la legitimidad del sistema.<\/strong><\/p>\n\n\n\n<p><strong>\u201cCuando quienes deben ser evaluados desconf\u00edan del proceso, lo que est\u00e1 en riesgo es la legitimidad de la justicia\u201d, indic\u00f3 la organizaci\u00f3n.<\/strong><\/p>\n\n\n\n<p><strong>ROI reiter\u00f3 que la evaluaci\u00f3n judicial debe regirse por criterios objetivos, previamente establecidos y aplicados de manera transparente, con pleno respeto al debido proceso, la independencia judicial y la igualdad de g\u00e9nero.<\/strong><\/p>\n\n\n\n<p><strong>En el marco de la rueda de prensa, la organizaci\u00f3n puso a circular el Informe sobre el proceso de evaluaci\u00f3n y selecci\u00f3n de jueces y juezas de la SCJ y del TSE 2025, que recoge las incidencias del proceso anterior y propone medidas para fortalecer futuros procedimientos.<\/strong><\/p>\n\n\n\n<p><strong>Finalmente, ROI record\u00f3 que, mientras no se realicen las evaluaciones de desempe\u00f1o, no es posible convocar un proceso de selecci\u00f3n de nuevos jueces y juezas, dado que actualmente no existen vacantes en la Suprema Corte de Justicia.<\/strong><\/p>\n\n\n\n<p><strong>ROI est\u00e1 compuesto por el Instituto Tecnol\u00f3gico de Santo Domingo (INTEC), Participaci\u00f3n Ciudadana (PC), la Fundaci\u00f3n Friedrich Ebert (FES), Foro Ciudadano y el Centro de Investigaci\u00f3n para la Acci\u00f3n Femenina (CIPAF).<\/strong><\/p>\n\n\n\n<p><strong>Prensa Participaci\u00f3n Ciudadana <a href=\"mailto:prensa@pciudadana.org\">prensa@pciudadana.org<\/a><\/strong><\/p>\n","protected":false},"excerpt":{"rendered":"<p>La Red de Observadores por la Institucionalidad (ROI) llam\u00f3 al Presidente de la Rep\u00fablica, en su calidad de presidente del Consejo Nacional de la Magistratura (CNM), a convocar de manera inmediata el proceso de evaluaci\u00f3n de los jueces y juezas de la Suprema Corte de Justicia (SCJ), cuyo per\u00edodo constitucional de siete a\u00f1os se cumpli\u00f3 [&hellip;]<\/p>\n","protected":false},"author":7,"featured_media":675802,"comment_status":"closed","ping_status":"closed","sticky":false,"template":"","format":"standard","meta":{"footnotes":""},"categories":[20,24,27],"tags":[5720,5718,5717,171,5719],"class_list":["post-675788","post","type-post","status-publish","format-standard","has-post-thumbnail","hentry","category-dominicana-hoy","category-justicia-y-derecho","category-portada","tag-foro-ciudadano-y-el-centro-de-investigacion-para-la-accion-femenina-cipaf","tag-instituto-tecnologico-de-santo-domingo-intec","tag-la-fundacion-friedrich-ebert-fes","tag-ministerio-publico","tag-participacion-ciudadana-pc"],"_links":{"self":[{"href":"https:\/\/diariodominicano.com\/index.php?rest_route=\/wp\/v2\/posts\/675788","targetHints":{"allow":["GET"]}}],"collection":[{"href":"https:\/\/diariodominicano.com\/index.php?rest_route=\/wp\/v2\/posts"}],"about":[{"href":"https:\/\/diariodominicano.com\/index.php?rest_route=\/wp\/v2\/types\/post"}],"author":[{"embeddable":true,"href":"https:\/\/diariodominicano.com\/index.php?rest_route=\/wp\/v2\/users\/7"}],"replies":[{"embeddable":true,"href":"https:\/\/diariodominicano.com\/index.php?rest_route=%2Fwp%2Fv2%2Fcomments&post=675788"}],"version-history":[{"count":1,"href":"https:\/\/diariodominicano.com\/index.php?rest_route=\/wp\/v2\/posts\/675788\/revisions"}],"predecessor-version":[{"id":675803,"href":"https:\/\/diariodominicano.com\/index.php?rest_route=\/wp\/v2\/posts\/675788\/revisions\/675803"}],"wp:featuredmedia":[{"embeddable":true,"href":"https:\/\/diariodominicano.com\/index.php?rest_route=\/wp\/v2\/media\/675802"}],"wp:attachment":[{"href":"https:\/\/diariodominicano.com\/index.php?rest_route=%2Fwp%2Fv2%2Fmedia&parent=675788"}],"wp:term":[{"taxonomy":"category","embeddable":true,"href":"https:\/\/diariodominicano.com\/index.php?rest_route=%2Fwp%2Fv2%2Fcategories&post=675788"},{"taxonomy":"post_tag","embeddable":true,"href":"https:\/\/diariodominicano.com\/index.php?rest_route=%2Fwp%2Fv2%2Ftags&post=675788"}],"curies":[{"name":"wp","href":"https:\/\/api.w.org\/{rel}","templated":true}]}}