{"id":675783,"date":"2026-04-28T18:21:32","date_gmt":"2026-04-28T22:21:32","guid":{"rendered":"https:\/\/diariodominicano.com\/?p=675783"},"modified":"2026-04-28T20:30:43","modified_gmt":"2026-04-29T00:30:43","slug":"culmina-en-santiago-el-congreso-internacional-puentes-botanicos","status":"publish","type":"post","link":"https:\/\/diariodominicano.com\/?p=675783","title":{"rendered":"Culmina en Santiago el Congreso internacional \u00abPuentes Bot\u00e1nicos\u00bb"},"content":{"rendered":"\n<p>diariodominicano.com<\/p>\n\n\n\n<p>Santiago, R. D., 28 de abril, 2026.-  El Jard\u00edn Bot\u00e1nico de Santiago, Profesor Eugenio de Jes\u00fas Marcano, fue escenario del acto de clausura del Congreso Internacional Puentes Bot\u00e1nicos 2026, un evento que reuni\u00f3 a especialistas, investigadores y representantes de jardines bot\u00e1nicos de m\u00e1s de 25 pa\u00edses. La jornada final se desarroll\u00f3 en un ambiente festivo, de intercambio cient\u00edfico y cultural, consolidando a Santiago como un destino de alt\u00edsimo valor y diversidad.<\/p>\n\n\n\n<p>Los visitantes fueron recibidos al ritmo de la m\u00fasica t\u00edpica y el colorido del Ballet Folcl\u00f3rico del Centro de la Cultura en la explanada frontal del Jard\u00edn. Posteriormente, durante un breve acto en la Casa de Ecoteatro, se ofreci\u00f3 la bienvenida formal con palabras a cargo de Juan Arias Fuentes, presidente del Consejo de Administraci\u00f3n del Jard\u00edn, y Rosa Santos, gobernadora provincial.<\/p>\n\n\n\n<p>M\u00e1s tarde, los invitados recorrieron espacios emblem\u00e1ticos del Jard\u00edn de todos y compartieron un encuentro gastron\u00f3mico y musical inspirado en la tradici\u00f3n dominicana. Este formato permiti\u00f3 no solo mostrar los avances de este importante pulm\u00f3n verde de Santiago, sino tambi\u00e9n ofrecer una vivencia aut\u00e9ntica del territorio y de su riqueza natural y cultural.<\/p>\n\n\n\n<p>El cierre del congreso fue concebido como una experiencia memorable, en la que la ciencia se entrelaz\u00f3 con la identidad cultural del Cibao. Los participantes disfrutaron de diversas expresiones art\u00edsticas, entre ellas presentaciones de grupos musicales, La 37 por las Tablas, grupos de carnaval, bailadores del Son de Keka y una fiesta bailable que dio paso a un ambiente de integraci\u00f3n y celebraci\u00f3n.<\/p>\n\n\n\n<p>\u201cYa que estar\u00e1n solo un d\u00eda en Santiago y no podr\u00e1n conocer todo lo que tiene que ofrecer nuestra ciudad al mundo, les estamos trayendo varias muestras de lo que somos a este evento y as\u00ed lo puedan llevar con ustedes\u201d, expres\u00f3 el maestro Arias al momento de recibir a los invitados.<\/p>\n\n\n\n<p>Durante las actividades, tanto las autoridades como los representantes del Jard\u00edn Bot\u00e1nico, junto a la procuradora general de la Rep\u00fablica, Yenni Berenice Reynoso, quien se encontraba entre los invitados, destacaron la importancia de este tipo de encuentros para fortalecer los esfuerzos de conservaci\u00f3n de la biodiversidad.<\/p>\n\n\n\n<p>El congreso, desarrollado durante toda la semana en el Jard\u00edn Bot\u00e1nico Nacional, puso en valor el rol de estos espacios como&nbsp; actores clave para la investigaci\u00f3n y la educaci\u00f3n ambiental, en un contexto global que demanda acciones concretas frente al cambio clim\u00e1tico y la p\u00e9rdida de ecosistemas.<\/p>\n\n\n\n<p>Entre los pa\u00edses participantes estuvieron delegados de Alemania, Argentina, Aruba, Bahamas, Brasil, Colombia, Ecuador, Estados Unidos, El Salvador, Espa\u00f1a, Guadalupe, Panam\u00e1, Puerto Rico, Reino Unido, Ucrania, Pakist\u00e1n, Tailandia, Turks &amp; Caicos y las Islas V\u00edrgenes.<\/p>\n\n\n\n<p>La escogencia de Santiago como sede del acto de clausura fue ampliamente valorada por los participantes, quienes reconocieron el crecimiento, la visi\u00f3n y el modelo de gesti\u00f3n del Jard\u00edn como una iniciativa ejemplar en la regi\u00f3n. Este reconocimiento posiciona tanto a la ciudad como al Jard\u00edn Bot\u00e1nico de Santiago como punto de inter\u00e9s en la agenda ambiental internacional, y refuerza su papel como \u201caula de la naturaleza\u201d y espacio de integraci\u00f3n entre la ciencia y la sociedad.<\/p>\n\n\n\n<p>Con esta clausura, el Congreso Internacional Puentes Bot\u00e1nicos 2026 deja abiertas nuevas oportunidades de colaboraci\u00f3n entre instituciones, pa\u00edses y profesionales comprometidos con la conservaci\u00f3n de la biodiversidad, la investigaci\u00f3n cient\u00edfica y la construcci\u00f3n de un futuro m\u00e1s sostenible para nuestras sociedades.<\/p>\n\n\n\n<figure class=\"wp-block-table\"><table class=\"has-fixed-layout\"><tbody><tr><td class=\"has-text-align-left\" data-align=\"left\"><strong>Jardin Botanico de Santiago<\/strong><\/td><\/tr><\/tbody><\/table><\/figure>\n","protected":false},"excerpt":{"rendered":"<p>diariodominicano.com Santiago, R. D., 28 de abril, 2026.- El Jard\u00edn Bot\u00e1nico de Santiago, Profesor Eugenio de Jes\u00fas Marcano, fue escenario del acto de clausura del Congreso Internacional Puentes Bot\u00e1nicos 2026, un evento que reuni\u00f3 a especialistas, investigadores y representantes de jardines bot\u00e1nicos de m\u00e1s de 25 pa\u00edses. La jornada final se desarroll\u00f3 en un ambiente [&hellip;]<\/p>\n","protected":false},"author":5,"featured_media":675784,"comment_status":"open","ping_status":"closed","sticky":false,"template":"","format":"standard","meta":{"footnotes":""},"categories":[36,32],"tags":[5721,226],"class_list":["post-675783","post","type-post","status-publish","format-standard","has-post-thumbnail","hentry","category-hombresmujeresycosas","category-turismo","tag-puentes-botanicos","tag-santiago"],"_links":{"self":[{"href":"https:\/\/diariodominicano.com\/index.php?rest_route=\/wp\/v2\/posts\/675783","targetHints":{"allow":["GET"]}}],"collection":[{"href":"https:\/\/diariodominicano.com\/index.php?rest_route=\/wp\/v2\/posts"}],"about":[{"href":"https:\/\/diariodominicano.com\/index.php?rest_route=\/wp\/v2\/types\/post"}],"author":[{"embeddable":true,"href":"https:\/\/diariodominicano.com\/index.php?rest_route=\/wp\/v2\/users\/5"}],"replies":[{"embeddable":true,"href":"https:\/\/diariodominicano.com\/index.php?rest_route=%2Fwp%2Fv2%2Fcomments&post=675783"}],"version-history":[{"count":1,"href":"https:\/\/diariodominicano.com\/index.php?rest_route=\/wp\/v2\/posts\/675783\/revisions"}],"predecessor-version":[{"id":675785,"href":"https:\/\/diariodominicano.com\/index.php?rest_route=\/wp\/v2\/posts\/675783\/revisions\/675785"}],"wp:featuredmedia":[{"embeddable":true,"href":"https:\/\/diariodominicano.com\/index.php?rest_route=\/wp\/v2\/media\/675784"}],"wp:attachment":[{"href":"https:\/\/diariodominicano.com\/index.php?rest_route=%2Fwp%2Fv2%2Fmedia&parent=675783"}],"wp:term":[{"taxonomy":"category","embeddable":true,"href":"https:\/\/diariodominicano.com\/index.php?rest_route=%2Fwp%2Fv2%2Fcategories&post=675783"},{"taxonomy":"post_tag","embeddable":true,"href":"https:\/\/diariodominicano.com\/index.php?rest_route=%2Fwp%2Fv2%2Ftags&post=675783"}],"curies":[{"name":"wp","href":"https:\/\/api.w.org\/{rel}","templated":true}]}}