{"id":675780,"date":"2026-04-28T18:13:23","date_gmt":"2026-04-28T22:13:23","guid":{"rendered":"https:\/\/diariodominicano.com\/?p=675780"},"modified":"2026-04-28T18:13:34","modified_gmt":"2026-04-28T22:13:34","slug":"tiroteo-en-atenas-deja-cinco-personas-heridas-mientras-el-sospechoso-sigue-profugo","status":"publish","type":"post","link":"https:\/\/diariodominicano.com\/?p=675780","title":{"rendered":"Tiroteo en Atenas deja cinco personas heridas mientras el sospechoso sigue pr\u00f3fugo"},"content":{"rendered":"\n<p>diariodominicano.com<\/p>\n\n\n\n<p>ATENAS, 28 abr (Xinhua) &#8212; Cinco personas resultaron heridas hoy martes tras una serie de tiroteos registrados en Atenas, la capital de Grecia, con un sospechoso de 89 a\u00f1os que sigue pr\u00f3fugo, seg\u00fan la emisora \u200b\u200bnacional griega ERT. El primer tiroteo se produjo poco antes de las diez de la ma\u00f1ana hora local (07:00 GMT) en la zona de Petralona, \u200b\u200bsuroeste de Atenas. El sospechoso habr\u00eda ingresado a la cuarta planta de un edificio de la seguridad social para abrir fuego con una mira telesc\u00f3pica. Un empleado result\u00f3 levemente herido en una pierna y fue trasladado con rapidez a un hospital del centro de Atenas, si bien su vida no corr\u00eda peligro. Al parecer, el sospechoso se fue a las inmediaciones de la Corte de Magistrados, en el centro, donde subi\u00f3 a la cuarta planta de otro edificio disparando e contratando a cuatro personas m\u00e1s. Todos los heridos eran de car\u00e1cter leve. El tirador abandon\u00f3 la escopeta all\u00ed mismo antes de huir. Las autoridades identifican al sospechoso como un hombre de 89 a\u00f1os conocido en los lugares donde se producen todos estos hechos. Las informaciones apuntan a que antes hab\u00eda recibido tratamiento psiqui\u00e1trico. Hay una operaci\u00f3n policial a gran escala por toda Atenas para localizar y capturar al anciano.<\/p>\n","protected":false},"excerpt":{"rendered":"<p>diariodominicano.com ATENAS, 28 abr (Xinhua) &#8212; Cinco personas resultaron heridas hoy martes tras una serie de tiroteos registrados en Atenas, la capital de Grecia, con un sospechoso de 89 a\u00f1os que sigue pr\u00f3fugo, seg\u00fan la emisora \u200b\u200bnacional griega ERT. El primer tiroteo se produjo poco antes de las diez de la ma\u00f1ana hora local (07:00 [&hellip;]<\/p>\n","protected":false},"author":5,"featured_media":675781,"comment_status":"closed","ping_status":"closed","sticky":false,"template":"","format":"standard","meta":{"footnotes":""},"categories":[23,27],"tags":[],"class_list":["post-675780","post","type-post","status-publish","format-standard","has-post-thumbnail","hentry","category-internacional","category-portada"],"_links":{"self":[{"href":"https:\/\/diariodominicano.com\/index.php?rest_route=\/wp\/v2\/posts\/675780","targetHints":{"allow":["GET"]}}],"collection":[{"href":"https:\/\/diariodominicano.com\/index.php?rest_route=\/wp\/v2\/posts"}],"about":[{"href":"https:\/\/diariodominicano.com\/index.php?rest_route=\/wp\/v2\/types\/post"}],"author":[{"embeddable":true,"href":"https:\/\/diariodominicano.com\/index.php?rest_route=\/wp\/v2\/users\/5"}],"replies":[{"embeddable":true,"href":"https:\/\/diariodominicano.com\/index.php?rest_route=%2Fwp%2Fv2%2Fcomments&post=675780"}],"version-history":[{"count":1,"href":"https:\/\/diariodominicano.com\/index.php?rest_route=\/wp\/v2\/posts\/675780\/revisions"}],"predecessor-version":[{"id":675782,"href":"https:\/\/diariodominicano.com\/index.php?rest_route=\/wp\/v2\/posts\/675780\/revisions\/675782"}],"wp:featuredmedia":[{"embeddable":true,"href":"https:\/\/diariodominicano.com\/index.php?rest_route=\/wp\/v2\/media\/675781"}],"wp:attachment":[{"href":"https:\/\/diariodominicano.com\/index.php?rest_route=%2Fwp%2Fv2%2Fmedia&parent=675780"}],"wp:term":[{"taxonomy":"category","embeddable":true,"href":"https:\/\/diariodominicano.com\/index.php?rest_route=%2Fwp%2Fv2%2Fcategories&post=675780"},{"taxonomy":"post_tag","embeddable":true,"href":"https:\/\/diariodominicano.com\/index.php?rest_route=%2Fwp%2Fv2%2Ftags&post=675780"}],"curies":[{"name":"wp","href":"https:\/\/api.w.org\/{rel}","templated":true}]}}