{"id":675776,"date":"2026-04-28T17:54:09","date_gmt":"2026-04-28T21:54:09","guid":{"rendered":"https:\/\/diariodominicano.com\/?p=675776"},"modified":"2026-04-28T20:29:04","modified_gmt":"2026-04-29T00:29:04","slug":"uasd-conmemora-el-61-aniversario-de-la-intervencion-militar-de-1965","status":"publish","type":"post","link":"https:\/\/diariodominicano.com\/?p=675776","title":{"rendered":"UASD conmemora el 61.\u00b0 aniversario de la intervenci\u00f3n militar estadounidense de 1965"},"content":{"rendered":"\n<p>diariodominicano.com<\/p>\n\n\n\n<p>Santo Domingo, R. D., 28 de abril, 2026.-  La\u00a0Universidad Aut\u00f3noma de Santo Domingo (UASD)\u00a0conmemor\u00f3 este martes el\u00a061.\u00b0 aniversario\u00a0de la intervenci\u00f3n militar estadounidense del 28 de abril de 1965, con un acto solemne realizado en la explanada de la academia.<\/p>\n\n\n<div class=\"wp-block-image\">\n<figure class=\"alignleft size-full is-resized\"><img loading=\"lazy\" decoding=\"async\" width=\"670\" height=\"447\" src=\"https:\/\/diariodominicano.com\/wp-content\/uploads\/2026\/04\/UASD-28-4-26.jpg\" alt=\"\" class=\"wp-image-675778\" style=\"aspect-ratio:1.4989052236471692;width:336px;height:auto\" srcset=\"https:\/\/diariodominicano.com\/wp-content\/uploads\/2026\/04\/UASD-28-4-26.jpg 670w, https:\/\/diariodominicano.com\/wp-content\/uploads\/2026\/04\/UASD-28-4-26-300x200.jpg 300w\" sizes=\"auto, (max-width: 670px) 100vw, 670px\" \/><\/figure>\n<\/div>\n\n\n<p>La ceremonia estuvo encabezada por la vicerrectora de Extensi\u00f3n,&nbsp;Rosal\u00eda Sosa, quien pronunci\u00f3 un discurso en honor a los hombres y mujeres que participaron en los acontecimientos de abril de 1965, resaltando su lucha por la libertad y la soberan\u00eda nacional.<\/p>\n\n\n\n<p>Durante el acto, fueron izadas la bandera nacional y la bandera universitaria, esta \u00faltima colocada a&nbsp;media asta&nbsp;como s\u00edmbolo del duelo universitario que cada a\u00f1o recuerda esa fecha hist\u00f3rica. La medida responde a una disposici\u00f3n del&nbsp;Consejo Universitario&nbsp;que declara el 28 de abril como&nbsp;\u00abD\u00eda de Duelo Universitario\u00bb.<\/p>\n\n\n\n<p>En sus palabras, Sosa destac\u00f3 que abril de 1965 represent\u00f3 m\u00e1s que un hecho hist\u00f3rico, calific\u00e1ndolo como \u201cun grito profundo, irreverente y valiente por el retorno a la constitucionalidad\u201d, proceso que tuvo como figura central al profesor&nbsp;Juan Bosch.<\/p>\n\n\n\n<p>Asimismo, subray\u00f3 que el sacrificio de quienes participaron en la gesta no fue en vano, ya que sembr\u00f3 conciencia y fortaleci\u00f3 los valores democr\u00e1ticos en el pa\u00eds. \u201cHoy la bandera no se eleva con j\u00fabilo, hoy se iza a media asta en respeto a la memoria de un pueblo que resisti\u00f3\u201d, expres\u00f3 la funcionaria.<\/p>\n\n\n\n<p>La vicerrectora tambi\u00e9n resalt\u00f3 el papel de la UASD como espacio de pensamiento cr\u00edtico, se\u00f1alando que de ese contexto hist\u00f3rico surgi\u00f3 el&nbsp;Movimiento Renovador, que transform\u00f3 la universidad en una instituci\u00f3n m\u00e1s abierta y comprometida con la sociedad.<\/p>\n\n\n\n<p>Durante la actividad, el exsecretario general de la academia,&nbsp;H\u00e9ctor Luis Mart\u00ednez, destac\u00f3 que la intervenci\u00f3n extranjera fue enfrentada \u201ccon gallard\u00eda\u201d por la poblaci\u00f3n dominicana, que respondi\u00f3 de inmediato en defensa del honor y la dignidad del pa\u00eds.<\/p>\n\n\n\n<p>\u201cEl pueblo acudi\u00f3 dispuesto a defender con firmeza el suelo mancillado\u201d, expres\u00f3 Mart\u00ednez, al tiempo que record\u00f3 las palabras del coronel&nbsp;Francisco Alberto Caama\u00f1o De\u00f1\u00f3, quien afirm\u00f3 que&nbsp;\u201cno pudimos vencer, pero tampoco pudimos ser vencidos\u201d&nbsp;durante el conflicto armado.<\/p>\n\n\n\n<p>El exfuncionario universitario se\u00f1al\u00f3 que, a partir de aquel&nbsp;\u201cabril heroico\u201d, la sociedad dominicana inici\u00f3 un proceso de fortalecimiento democr\u00e1tico, avanzando en la conquista de las libertades p\u00fablicas y el respeto a los derechos ciudadanos.<\/p>\n\n\n\n<p>Asimismo, hizo un llamado a valorar las lecciones dejadas por ese episodio hist\u00f3rico, al considerarlo un agravio a la soberan\u00eda nacional que debe permanecer en la memoria colectiva. En ese sentido, inst\u00f3 a rendir tributo a los s\u00edmbolos patrios con respeto y compromiso, guiados por principios de moralidad y trabajo solidario.<\/p>\n\n\n\n<p>En la actividad estuvieron presentes adem\u00e1s de los mencionados, &nbsp;los exrectores de la UASD, Roberto Reyna, Franklin Garc\u00eda Ferm\u00edn, Iv\u00e1n Grull\u00f3n, as\u00ed como decanos, directores de escuelas, profesores, estudiantes y empleados<\/p>\n\n\n\n<figure class=\"wp-block-table\"><table class=\"has-fixed-layout\"><tbody><tr><td class=\"has-text-align-left\" data-align=\"left\"><strong>Relaciones P\u00fablicas<\/strong> UASD<\/td><\/tr><\/tbody><\/table><\/figure>\n","protected":false},"excerpt":{"rendered":"<p>diariodominicano.com Santo Domingo, R. D., 28 de abril, 2026.- La\u00a0Universidad Aut\u00f3noma de Santo Domingo (UASD)\u00a0conmemor\u00f3 este martes el\u00a061.\u00b0 aniversario\u00a0de la intervenci\u00f3n militar estadounidense del 28 de abril de 1965, con un acto solemne realizado en la explanada de la academia. La ceremonia estuvo encabezada por la vicerrectora de Extensi\u00f3n,&nbsp;Rosal\u00eda Sosa, quien pronunci\u00f3 un discurso en [&hellip;]<\/p>\n","protected":false},"author":5,"featured_media":675777,"comment_status":"open","ping_status":"closed","sticky":false,"template":"","format":"standard","meta":{"footnotes":""},"categories":[36,26,27],"tags":[336],"class_list":["post-675776","post","type-post","status-publish","format-standard","has-post-thumbnail","hentry","category-hombresmujeresycosas","category-efemerides","category-portada","tag-uasd"],"_links":{"self":[{"href":"https:\/\/diariodominicano.com\/index.php?rest_route=\/wp\/v2\/posts\/675776","targetHints":{"allow":["GET"]}}],"collection":[{"href":"https:\/\/diariodominicano.com\/index.php?rest_route=\/wp\/v2\/posts"}],"about":[{"href":"https:\/\/diariodominicano.com\/index.php?rest_route=\/wp\/v2\/types\/post"}],"author":[{"embeddable":true,"href":"https:\/\/diariodominicano.com\/index.php?rest_route=\/wp\/v2\/users\/5"}],"replies":[{"embeddable":true,"href":"https:\/\/diariodominicano.com\/index.php?rest_route=%2Fwp%2Fv2%2Fcomments&post=675776"}],"version-history":[{"count":2,"href":"https:\/\/diariodominicano.com\/index.php?rest_route=\/wp\/v2\/posts\/675776\/revisions"}],"predecessor-version":[{"id":675805,"href":"https:\/\/diariodominicano.com\/index.php?rest_route=\/wp\/v2\/posts\/675776\/revisions\/675805"}],"wp:featuredmedia":[{"embeddable":true,"href":"https:\/\/diariodominicano.com\/index.php?rest_route=\/wp\/v2\/media\/675777"}],"wp:attachment":[{"href":"https:\/\/diariodominicano.com\/index.php?rest_route=%2Fwp%2Fv2%2Fmedia&parent=675776"}],"wp:term":[{"taxonomy":"category","embeddable":true,"href":"https:\/\/diariodominicano.com\/index.php?rest_route=%2Fwp%2Fv2%2Fcategories&post=675776"},{"taxonomy":"post_tag","embeddable":true,"href":"https:\/\/diariodominicano.com\/index.php?rest_route=%2Fwp%2Fv2%2Ftags&post=675776"}],"curies":[{"name":"wp","href":"https:\/\/api.w.org\/{rel}","templated":true}]}}