{"id":675751,"date":"2026-04-28T15:50:56","date_gmt":"2026-04-28T19:50:56","guid":{"rendered":"https:\/\/diariodominicano.com\/?p=675751"},"modified":"2026-04-28T15:51:05","modified_gmt":"2026-04-28T19:51:05","slug":"policia-nacional-impulsa-proyectos-educativos-para-fortalecer-la-formacion-de-sus-miembros","status":"publish","type":"post","link":"https:\/\/diariodominicano.com\/?p=675751","title":{"rendered":"Polic\u00eda Nacional impulsa proyectos educativos para fortalecer la formaci\u00f3n de sus miembros"},"content":{"rendered":"\n<p><strong>Santo Domingo RD.-La Polic\u00eda Nacional impulsa la consolidaci\u00f3n de proyectos educativos orientados al fortalecimiento de la formaci\u00f3n policial, como parte de su estrategia para elevar la calidad acad\u00e9mica y profesional de sus miembros y robustecer la respuesta institucional ante los desaf\u00edos de la seguridad ciudadana.<\/strong><\/p>\n\n\n\n<p><strong>En ese contexto, desarroll\u00f3 en el Instituto Policial de Educaci\u00f3n Superior (IPES) un importante taller para la consolidaci\u00f3n de los proyectos educativos derivados de la ley, en el que se promovi\u00f3 el an\u00e1lisis, la socializaci\u00f3n y la presentaci\u00f3n de propuestas mediante el uso de herramientas audiovisuales.<\/strong><\/p>\n\n\n\n<figure class=\"wp-block-gallery has-nested-images columns-default is-cropped wp-block-gallery-1 is-layout-flex wp-block-gallery-is-layout-flex\">\n<figure class=\"wp-block-image size-large\"><img loading=\"lazy\" decoding=\"async\" width=\"1024\" height=\"685\" data-id=\"675762\" src=\"https:\/\/diariodominicano.com\/wp-content\/uploads\/2026\/04\/Policia-Nacional-impulsa-proyectos-educativos-para-fortalecer-formacion-de-sus-miembros-1024x685.jpg\" alt=\"\" class=\"wp-image-675762\" srcset=\"https:\/\/diariodominicano.com\/wp-content\/uploads\/2026\/04\/Policia-Nacional-impulsa-proyectos-educativos-para-fortalecer-formacion-de-sus-miembros-1024x685.jpg 1024w, https:\/\/diariodominicano.com\/wp-content\/uploads\/2026\/04\/Policia-Nacional-impulsa-proyectos-educativos-para-fortalecer-formacion-de-sus-miembros-300x201.jpg 300w, https:\/\/diariodominicano.com\/wp-content\/uploads\/2026\/04\/Policia-Nacional-impulsa-proyectos-educativos-para-fortalecer-formacion-de-sus-miembros-768x514.jpg 768w, https:\/\/diariodominicano.com\/wp-content\/uploads\/2026\/04\/Policia-Nacional-impulsa-proyectos-educativos-para-fortalecer-formacion-de-sus-miembros-1536x1027.jpg 1536w, https:\/\/diariodominicano.com\/wp-content\/uploads\/2026\/04\/Policia-Nacional-impulsa-proyectos-educativos-para-fortalecer-formacion-de-sus-miembros-816x546.jpg 816w, https:\/\/diariodominicano.com\/wp-content\/uploads\/2026\/04\/Policia-Nacional-impulsa-proyectos-educativos-para-fortalecer-formacion-de-sus-miembros.jpg 1600w\" sizes=\"auto, (max-width: 1024px) 100vw, 1024px\" \/><\/figure>\n<\/figure>\n\n\n\n<p><strong>Durante la jornada se generaron espacios de di\u00e1logo constructivo a trav\u00e9s de ciclos de preguntas y respuestas, propiciando el intercambio de ideas y la participaci\u00f3n activa de las autoridades y el personal acad\u00e9mico.<\/strong><\/p>\n\n\n\n<figure class=\"wp-block-gallery has-nested-images columns-default is-cropped wp-block-gallery-2 is-layout-flex wp-block-gallery-is-layout-flex\">\n<figure class=\"wp-block-image size-large\"><img loading=\"lazy\" decoding=\"async\" width=\"1024\" height=\"575\" data-id=\"675761\" src=\"https:\/\/diariodominicano.com\/wp-content\/uploads\/2026\/04\/Policia-Nacional-impulsa-proyectos-educativos-para-fortalecer-la-formacion-de-miembros-1024x575.jpg\" alt=\"\" class=\"wp-image-675761\" srcset=\"https:\/\/diariodominicano.com\/wp-content\/uploads\/2026\/04\/Policia-Nacional-impulsa-proyectos-educativos-para-fortalecer-la-formacion-de-miembros-1024x575.jpg 1024w, https:\/\/diariodominicano.com\/wp-content\/uploads\/2026\/04\/Policia-Nacional-impulsa-proyectos-educativos-para-fortalecer-la-formacion-de-miembros-300x169.jpg 300w, https:\/\/diariodominicano.com\/wp-content\/uploads\/2026\/04\/Policia-Nacional-impulsa-proyectos-educativos-para-fortalecer-la-formacion-de-miembros-768x432.jpg 768w, https:\/\/diariodominicano.com\/wp-content\/uploads\/2026\/04\/Policia-Nacional-impulsa-proyectos-educativos-para-fortalecer-la-formacion-de-miembros-1536x863.jpg 1536w, https:\/\/diariodominicano.com\/wp-content\/uploads\/2026\/04\/Policia-Nacional-impulsa-proyectos-educativos-para-fortalecer-la-formacion-de-miembros-816x458.jpg 816w, https:\/\/diariodominicano.com\/wp-content\/uploads\/2026\/04\/Policia-Nacional-impulsa-proyectos-educativos-para-fortalecer-la-formacion-de-miembros.jpg 1600w\" sizes=\"auto, (max-width: 1024px) 100vw, 1024px\" \/><\/figure>\n<\/figure>\n\n\n\n<p><strong>La actividad cont\u00f3 con la participaci\u00f3n de la presidenta de la Junta Directiva del IPES, doctora Mukien Sang Ben; el viceministro de Seguridad Interior del Ministerio de Interior y Polic\u00eda, Edwin F\u00e9liz Brito; el mayor general Francisco Ovalles Pichardo, miembro de la citada junta; y el rector del IPES, general Juan Hilario Guzm\u00e1n Badia, junto a vicerrectores, directores de escuelas, coordinadores, docentes y personal administrativo de la instituci\u00f3n.<\/strong><\/p>\n\n\n\n<p><strong>Como parte del proceso formativo, los participantes presentaron sus proyectos educativos, exponiendo propuestas orientadas al fortalecimiento de la formaci\u00f3n policial, lo que permiti\u00f3 evaluar iniciativas, intercambiar buenas pr\u00e1cticas y consolidar ideas alineadas con los objetivos estrat\u00e9gicos de la instituci\u00f3n.<\/strong><\/p>\n\n\n\n<p><strong>Esta iniciativa reafirma el compromiso de la Polic\u00eda Nacional con una formaci\u00f3n integral, continua y de calidad, orientada al fortalecimiento del talento humano y a una respuesta m\u00e1s efectiva frente a los retos de la seguridad ciudadana.<\/strong><\/p>\n\n\n\n<p><strong>Luis F\u00e9lix Rodr\u00edguez de la Cruz <a href=\"mailto:rodriguezdelacruzl@gmail.com\">rodriguezdelacruzl@gmail.com<\/a><\/strong><\/p>\n","protected":false},"excerpt":{"rendered":"<p>Santo Domingo RD.-La Polic\u00eda Nacional impulsa la consolidaci\u00f3n de proyectos educativos orientados al fortalecimiento de la formaci\u00f3n policial, como parte de su estrategia para elevar la calidad acad\u00e9mica y profesional de sus miembros y robustecer la respuesta institucional ante los desaf\u00edos de la seguridad ciudadana. En ese contexto, desarroll\u00f3 en el Instituto Policial de Educaci\u00f3n [&hellip;]<\/p>\n","protected":false},"author":7,"featured_media":675763,"comment_status":"closed","ping_status":"closed","sticky":false,"template":"","format":"standard","meta":{"footnotes":""},"categories":[29],"tags":[1070],"class_list":["post-675751","post","type-post","status-publish","format-standard","has-post-thumbnail","hentry","category-policiasucesos","tag-policia-nacional"],"_links":{"self":[{"href":"https:\/\/diariodominicano.com\/index.php?rest_route=\/wp\/v2\/posts\/675751","targetHints":{"allow":["GET"]}}],"collection":[{"href":"https:\/\/diariodominicano.com\/index.php?rest_route=\/wp\/v2\/posts"}],"about":[{"href":"https:\/\/diariodominicano.com\/index.php?rest_route=\/wp\/v2\/types\/post"}],"author":[{"embeddable":true,"href":"https:\/\/diariodominicano.com\/index.php?rest_route=\/wp\/v2\/users\/7"}],"replies":[{"embeddable":true,"href":"https:\/\/diariodominicano.com\/index.php?rest_route=%2Fwp%2Fv2%2Fcomments&post=675751"}],"version-history":[{"count":1,"href":"https:\/\/diariodominicano.com\/index.php?rest_route=\/wp\/v2\/posts\/675751\/revisions"}],"predecessor-version":[{"id":675765,"href":"https:\/\/diariodominicano.com\/index.php?rest_route=\/wp\/v2\/posts\/675751\/revisions\/675765"}],"wp:featuredmedia":[{"embeddable":true,"href":"https:\/\/diariodominicano.com\/index.php?rest_route=\/wp\/v2\/media\/675763"}],"wp:attachment":[{"href":"https:\/\/diariodominicano.com\/index.php?rest_route=%2Fwp%2Fv2%2Fmedia&parent=675751"}],"wp:term":[{"taxonomy":"category","embeddable":true,"href":"https:\/\/diariodominicano.com\/index.php?rest_route=%2Fwp%2Fv2%2Fcategories&post=675751"},{"taxonomy":"post_tag","embeddable":true,"href":"https:\/\/diariodominicano.com\/index.php?rest_route=%2Fwp%2Fv2%2Ftags&post=675751"}],"curies":[{"name":"wp","href":"https:\/\/api.w.org\/{rel}","templated":true}]}}