{"id":675750,"date":"2026-04-28T21:12:47","date_gmt":"2026-04-29T01:12:47","guid":{"rendered":"https:\/\/diariodominicano.com\/?p=675750"},"modified":"2026-04-28T21:12:57","modified_gmt":"2026-04-29T01:12:57","slug":"fiduciaria-la-nacional-amplia-su-capital-social-con-emision-de-73500-acciones","status":"publish","type":"post","link":"https:\/\/diariodominicano.com\/?p=675750","title":{"rendered":"Fiduciaria La Nacional ampl\u00eda su capital social con emisi\u00f3n de 73,500 acciones\u00a0"},"content":{"rendered":"\n<p><strong><em>Durante el 2025, se reflej\u00f3 que los activos de Fiduciaria La Nacional alcanzaron un total de RD$254 millones, lo que representa una variaci\u00f3n de 75.6% en comparaci\u00f3n con el 2024.<\/em><\/strong><\/p>\n\n\n\n<p><strong>Santo Domingo, R.D., 21 de abril de 2026. \u2013 Al celebrar su Asamblea General de Accionistas, Fiduciaria La Nacional anunci\u00f3 el aumento de su capital social autorizado mediante la emisi\u00f3n de 73,500 acciones, suscritas y pagadas por su principal accionista, la Asociaci\u00f3n La Nacional de Ahorros y Pr\u00e9stamos.<\/strong><\/p>\n\n\n\n<p><strong>En el acto, la entidad present\u00f3 su informe de gesti\u00f3n y estados financieros auditados correspondientes a 2025, a\u00f1o en el que sus activos alcanzaron RD$254 millones, un crecimiento de 75.6% respecto a 2024.<\/strong><\/p>\n\n\n\n<figure class=\"wp-block-gallery has-nested-images columns-default is-cropped wp-block-gallery-1 is-layout-flex wp-block-gallery-is-layout-flex\">\n<figure class=\"wp-block-image size-large\"><img loading=\"lazy\" decoding=\"async\" width=\"1024\" height=\"698\" data-id=\"675760\" src=\"https:\/\/diariodominicano.com\/wp-content\/uploads\/2026\/04\/Rafael-Dickson-y-Cesar-Paez-1024x698.jpg\" alt=\"\" class=\"wp-image-675760\" srcset=\"https:\/\/diariodominicano.com\/wp-content\/uploads\/2026\/04\/Rafael-Dickson-y-Cesar-Paez-1024x698.jpg 1024w, https:\/\/diariodominicano.com\/wp-content\/uploads\/2026\/04\/Rafael-Dickson-y-Cesar-Paez-300x205.jpg 300w, https:\/\/diariodominicano.com\/wp-content\/uploads\/2026\/04\/Rafael-Dickson-y-Cesar-Paez-768x524.jpg 768w, https:\/\/diariodominicano.com\/wp-content\/uploads\/2026\/04\/Rafael-Dickson-y-Cesar-Paez-816x556.jpg 816w, https:\/\/diariodominicano.com\/wp-content\/uploads\/2026\/04\/Rafael-Dickson-y-Cesar-Paez.jpg 1200w\" sizes=\"auto, (max-width: 1024px) 100vw, 1024px\" \/><figcaption class=\"wp-element-caption\">Rafael Dickson y C\u00e9sar P\u00e1ez <\/figcaption><\/figure>\n<\/figure>\n\n\n\n<p><strong>Rafael Dickson Morales, presidente del Consejo de Administraci\u00f3n, destac\u00f3 el fortalecimiento del gobierno corporativo con la ampliaci\u00f3n del consejo a siete miembros, alineado con las mejores pr\u00e1cticas del sector y orientado a una toma de decisiones m\u00e1s estrat\u00e9gica e independiente.<\/strong><\/p>\n\n\n\n<figure class=\"wp-block-gallery has-nested-images columns-default is-cropped wp-block-gallery-2 is-layout-flex wp-block-gallery-is-layout-flex\">\n<figure class=\"wp-block-image size-large\"><img loading=\"lazy\" decoding=\"async\" width=\"1024\" height=\"734\" data-id=\"675759\" src=\"https:\/\/diariodominicano.com\/wp-content\/uploads\/2026\/04\/Lena-S.-Ciccone-Estrada-1024x734.jpg\" alt=\"\" class=\"wp-image-675759\" srcset=\"https:\/\/diariodominicano.com\/wp-content\/uploads\/2026\/04\/Lena-S.-Ciccone-Estrada-1024x734.jpg 1024w, https:\/\/diariodominicano.com\/wp-content\/uploads\/2026\/04\/Lena-S.-Ciccone-Estrada-300x215.jpg 300w, https:\/\/diariodominicano.com\/wp-content\/uploads\/2026\/04\/Lena-S.-Ciccone-Estrada-768x550.jpg 768w, https:\/\/diariodominicano.com\/wp-content\/uploads\/2026\/04\/Lena-S.-Ciccone-Estrada-816x585.jpg 816w, https:\/\/diariodominicano.com\/wp-content\/uploads\/2026\/04\/Lena-S.-Ciccone-Estrada.jpg 1200w\" sizes=\"auto, (max-width: 1024px) 100vw, 1024px\" \/><figcaption class=\"wp-element-caption\">Lena S. Ciccone Estrada <\/figcaption><\/figure>\n<\/figure>\n\n\n\n<p><strong>En tanto que, C\u00e9sar P\u00e1ez, vicepresidente del consejo, indic\u00f3 que en 2025 la fiduciaria alcanz\u00f3 una participaci\u00f3n de mercado del 18% y se posicion\u00f3 como la segunda con mayor n\u00famero de registros, impulsada por la expansi\u00f3n de sus operaciones.<\/strong><\/p>\n\n\n\n<figure class=\"wp-block-gallery has-nested-images columns-default is-cropped wp-block-gallery-3 is-layout-flex wp-block-gallery-is-layout-flex\">\n<figure class=\"wp-block-image size-large\"><img loading=\"lazy\" decoding=\"async\" width=\"1024\" height=\"765\" data-id=\"675756\" src=\"https:\/\/diariodominicano.com\/wp-content\/uploads\/2026\/04\/Rafael-Dickson-1024x765.jpg\" alt=\"\" class=\"wp-image-675756\" srcset=\"https:\/\/diariodominicano.com\/wp-content\/uploads\/2026\/04\/Rafael-Dickson-1024x765.jpg 1024w, https:\/\/diariodominicano.com\/wp-content\/uploads\/2026\/04\/Rafael-Dickson-300x224.jpg 300w, https:\/\/diariodominicano.com\/wp-content\/uploads\/2026\/04\/Rafael-Dickson-768x574.jpg 768w, https:\/\/diariodominicano.com\/wp-content\/uploads\/2026\/04\/Rafael-Dickson-816x610.jpg 816w, https:\/\/diariodominicano.com\/wp-content\/uploads\/2026\/04\/Rafael-Dickson.jpg 1200w\" sizes=\"auto, (max-width: 1024px) 100vw, 1024px\" \/><figcaption class=\"wp-element-caption\">Rafael Dickson <\/figcaption><\/figure>\n<\/figure>\n\n\n\n<p><strong>Asimismo, los activos administrados crecieron 57.46% en comparaci\u00f3n con 2024, como resultado de nuevos negocios y la valorizaci\u00f3n de la cartera existente.<\/strong><\/p>\n\n\n\n<figure class=\"wp-block-gallery has-nested-images columns-default is-cropped wp-block-gallery-4 is-layout-flex wp-block-gallery-is-layout-flex\">\n<figure class=\"wp-block-image size-large\"><img loading=\"lazy\" decoding=\"async\" width=\"1024\" height=\"595\" data-id=\"675758\" src=\"https:\/\/diariodominicano.com\/wp-content\/uploads\/2026\/04\/Principal-Estuardo-Escobar-Juan-Bonilla-Santiago-Jaramillo-Rafael-Dickson-Cesar-Paez-Lena-Ciccone-Fabricio-Gomez-1024x595.jpg\" alt=\"\" class=\"wp-image-675758\" srcset=\"https:\/\/diariodominicano.com\/wp-content\/uploads\/2026\/04\/Principal-Estuardo-Escobar-Juan-Bonilla-Santiago-Jaramillo-Rafael-Dickson-Cesar-Paez-Lena-Ciccone-Fabricio-Gomez-1024x595.jpg 1024w, https:\/\/diariodominicano.com\/wp-content\/uploads\/2026\/04\/Principal-Estuardo-Escobar-Juan-Bonilla-Santiago-Jaramillo-Rafael-Dickson-Cesar-Paez-Lena-Ciccone-Fabricio-Gomez-300x174.jpg 300w, https:\/\/diariodominicano.com\/wp-content\/uploads\/2026\/04\/Principal-Estuardo-Escobar-Juan-Bonilla-Santiago-Jaramillo-Rafael-Dickson-Cesar-Paez-Lena-Ciccone-Fabricio-Gomez-768x446.jpg 768w, https:\/\/diariodominicano.com\/wp-content\/uploads\/2026\/04\/Principal-Estuardo-Escobar-Juan-Bonilla-Santiago-Jaramillo-Rafael-Dickson-Cesar-Paez-Lena-Ciccone-Fabricio-Gomez-816x474.jpg 816w, https:\/\/diariodominicano.com\/wp-content\/uploads\/2026\/04\/Principal-Estuardo-Escobar-Juan-Bonilla-Santiago-Jaramillo-Rafael-Dickson-Cesar-Paez-Lena-Ciccone-Fabricio-Gomez.jpg 1200w\" sizes=\"auto, (max-width: 1024px) 100vw, 1024px\" \/><figcaption class=\"wp-element-caption\">Principal &#8211; Estuardo Escobar, Juan Bonilla, Santiago Jaramillo, Rafael Dickson, C\u00e9sar P\u00e1ez, Lena Ciccone, Fabricio G\u00f3mez <\/figcaption><\/figure>\n<\/figure>\n\n\n\n<p><strong>En el transcurso del a\u00f1o 2025 la entidad obtuvo la calificaci\u00f3n de riesgo ASF emitida por Feller Rate, lo que reafirma la solidez de su estructura operativa, su capacidad t\u00e9cnica y su compromiso con est\u00e1ndares prudenciales acordes con el desarrollo del sector fiduciario en la Rep\u00fablica Dominicana.<\/strong><\/p>\n\n\n\n<p><strong>Por otro lado, en el \u00e1mbito operativo y tecnol\u00f3gico la instituci\u00f3n realiz\u00f3 la actualizaci\u00f3n del Core Fiduciario, una iniciativa orientada a optimizar la eficiencia operativa, as\u00ed como a reforzar los controles internos y robustecer la gesti\u00f3n integral de riesgos.&nbsp;<\/strong><\/p>\n\n\n\n<p><strong>Gabriela Porterfield Cabreja <a href=\"mailto:gporterfield@asociacionlanacional.com.do\">gporterfield@asociacionlanacional.com.do<\/a><\/strong><\/p>\n","protected":false},"excerpt":{"rendered":"<p>Durante el 2025, se reflej\u00f3 que los activos de Fiduciaria La Nacional alcanzaron un total de RD$254 millones, lo que representa una variaci\u00f3n de 75.6% en comparaci\u00f3n con el 2024. Santo Domingo, R.D., 21 de abril de 2026. \u2013 Al celebrar su Asamblea General de Accionistas, Fiduciaria La Nacional anunci\u00f3 el aumento de su capital [&hellip;]<\/p>\n","protected":false},"author":7,"featured_media":675757,"comment_status":"closed","ping_status":"closed","sticky":false,"template":"","format":"standard","meta":{"footnotes":""},"categories":[18],"tags":[],"class_list":["post-675750","post","type-post","status-publish","format-standard","has-post-thumbnail","hentry","category-economia"],"_links":{"self":[{"href":"https:\/\/diariodominicano.com\/index.php?rest_route=\/wp\/v2\/posts\/675750","targetHints":{"allow":["GET"]}}],"collection":[{"href":"https:\/\/diariodominicano.com\/index.php?rest_route=\/wp\/v2\/posts"}],"about":[{"href":"https:\/\/diariodominicano.com\/index.php?rest_route=\/wp\/v2\/types\/post"}],"author":[{"embeddable":true,"href":"https:\/\/diariodominicano.com\/index.php?rest_route=\/wp\/v2\/users\/7"}],"replies":[{"embeddable":true,"href":"https:\/\/diariodominicano.com\/index.php?rest_route=%2Fwp%2Fv2%2Fcomments&post=675750"}],"version-history":[{"count":1,"href":"https:\/\/diariodominicano.com\/index.php?rest_route=\/wp\/v2\/posts\/675750\/revisions"}],"predecessor-version":[{"id":675830,"href":"https:\/\/diariodominicano.com\/index.php?rest_route=\/wp\/v2\/posts\/675750\/revisions\/675830"}],"wp:featuredmedia":[{"embeddable":true,"href":"https:\/\/diariodominicano.com\/index.php?rest_route=\/wp\/v2\/media\/675757"}],"wp:attachment":[{"href":"https:\/\/diariodominicano.com\/index.php?rest_route=%2Fwp%2Fv2%2Fmedia&parent=675750"}],"wp:term":[{"taxonomy":"category","embeddable":true,"href":"https:\/\/diariodominicano.com\/index.php?rest_route=%2Fwp%2Fv2%2Fcategories&post=675750"},{"taxonomy":"post_tag","embeddable":true,"href":"https:\/\/diariodominicano.com\/index.php?rest_route=%2Fwp%2Fv2%2Ftags&post=675750"}],"curies":[{"name":"wp","href":"https:\/\/api.w.org\/{rel}","templated":true}]}}