{"id":675749,"date":"2026-04-28T14:55:19","date_gmt":"2026-04-28T18:55:19","guid":{"rendered":"https:\/\/diariodominicano.com\/?p=675749"},"modified":"2026-04-28T14:55:45","modified_gmt":"2026-04-28T18:55:45","slug":"veinte-anos-de-prision-para-hombre-que-agredio-sexualmente-a-una-nina-en-villa-altagracia","status":"publish","type":"post","link":"https:\/\/diariodominicano.com\/?p=675749","title":{"rendered":"Veinte a\u00f1os de prisi\u00f3n para hombre que agredi\u00f3 sexualmente a una ni\u00f1a en Villa Altagracia"},"content":{"rendered":"\n<p><strong>SANTO DOMINGO (Rep\u00fablica Dominicana).-&nbsp;A solicitud del Ministerio P\u00fablico, los jueces de un tribunal colegiado de Villa Altagracia condenaron a 20 a\u00f1os de prisi\u00f3n a un hombre hallado culpable de agredir sexualmente a una ni\u00f1a en el a\u00f1o 2024.<\/strong><\/p>\n\n\n\n<p><strong>La sentencia fue dictada contra Riky Bienvenido Gonz\u00e1lez Mercedes, quien fue condenado luego de que el Ministerio P\u00fablico demostrara con suficientes pruebas que cometi\u00f3 el hecho delictivo en perjuicio de la ni\u00f1a de 7 a\u00f1os de edad.<\/strong><\/p>\n\n\n\n<p><strong>El procesado, seg\u00fan establece el expediente acusatorio, toc\u00f3 y bes\u00f3 a la v\u00edctima en diferentes partes del cuerpo.<\/strong><\/p>\n\n\n\n<p><strong>Los hechos ocurrieron el 6 de septiembre de 2024 en la vivienda donde resid\u00eda la ni\u00f1a. El procesado tambi\u00e9n mostr\u00f3 a la infante v\u00eddeos pornogr\u00e1ficos y le advirti\u00f3 que no dijera a ninguna persona lo que hab\u00eda ocurrido.<\/strong><\/p>\n\n\n\n<p><strong>La investigaci\u00f3n del caso estuvo a cargo de Jeannette Cruz Gonz\u00e1lez, mientras que el fiscal Jos\u00e9 Andr\u00e9s Fern\u00e1ndez Javier represent\u00f3 al Ministerio P\u00fablico en la litigaci\u00f3n del caso.<\/strong><\/p>\n\n\n\n<p><strong>Los jueces Massiel Ivette Alonzo Rodr\u00edguez (presidenta), Ana Hern\u00e1ndez y Dante Ozuna, del Tribunal Colegiado de Villa Altagracia, dictaron la sentencia condenatoria y ordenaron su cumplimiento en el Centro de Correcci\u00f3n y Rehabilitaci\u00f3n de Najayo, en la provincia San Crist\u00f3bal. &nbsp;<\/strong><\/p>\n\n\n\n<p><strong>Direcci\u00f3n General de Comunicaci\u00f3n, Prensa, y RRPP<\/strong><\/p>\n\n\n\n<p><strong>Ministerio P\u00fablico<\/strong><strong>.&nbsp;R<\/strong><strong>.D<\/strong><strong>.<\/strong><\/p>\n\n\n\n<p><strong>Comunicaciones PGR <a href=\"mailto:comunicaciones@pgr.gob.do\">comunicaciones@pgr.gob.do<\/a> &nbsp;<\/strong><\/p>\n","protected":false},"excerpt":{"rendered":"<p>SANTO DOMINGO (Rep\u00fablica Dominicana).-&nbsp;A solicitud del Ministerio P\u00fablico, los jueces de un tribunal colegiado de Villa Altagracia condenaron a 20 a\u00f1os de prisi\u00f3n a un hombre hallado culpable de agredir sexualmente a una ni\u00f1a en el a\u00f1o 2024. La sentencia fue dictada contra Riky Bienvenido Gonz\u00e1lez Mercedes, quien fue condenado luego de que el Ministerio [&hellip;]<\/p>\n","protected":false},"author":7,"featured_media":403512,"comment_status":"closed","ping_status":"closed","sticky":false,"template":"","format":"standard","meta":{"footnotes":""},"categories":[24],"tags":[5716,171],"class_list":["post-675749","post","type-post","status-publish","format-standard","has-post-thumbnail","hentry","category-justicia-y-derecho","tag-fiscalia-villa-altagracia","tag-ministerio-publico"],"_links":{"self":[{"href":"https:\/\/diariodominicano.com\/index.php?rest_route=\/wp\/v2\/posts\/675749","targetHints":{"allow":["GET"]}}],"collection":[{"href":"https:\/\/diariodominicano.com\/index.php?rest_route=\/wp\/v2\/posts"}],"about":[{"href":"https:\/\/diariodominicano.com\/index.php?rest_route=\/wp\/v2\/types\/post"}],"author":[{"embeddable":true,"href":"https:\/\/diariodominicano.com\/index.php?rest_route=\/wp\/v2\/users\/7"}],"replies":[{"embeddable":true,"href":"https:\/\/diariodominicano.com\/index.php?rest_route=%2Fwp%2Fv2%2Fcomments&post=675749"}],"version-history":[{"count":1,"href":"https:\/\/diariodominicano.com\/index.php?rest_route=\/wp\/v2\/posts\/675749\/revisions"}],"predecessor-version":[{"id":675755,"href":"https:\/\/diariodominicano.com\/index.php?rest_route=\/wp\/v2\/posts\/675749\/revisions\/675755"}],"wp:featuredmedia":[{"embeddable":true,"href":"https:\/\/diariodominicano.com\/index.php?rest_route=\/wp\/v2\/media\/403512"}],"wp:attachment":[{"href":"https:\/\/diariodominicano.com\/index.php?rest_route=%2Fwp%2Fv2%2Fmedia&parent=675749"}],"wp:term":[{"taxonomy":"category","embeddable":true,"href":"https:\/\/diariodominicano.com\/index.php?rest_route=%2Fwp%2Fv2%2Fcategories&post=675749"},{"taxonomy":"post_tag","embeddable":true,"href":"https:\/\/diariodominicano.com\/index.php?rest_route=%2Fwp%2Fv2%2Ftags&post=675749"}],"curies":[{"name":"wp","href":"https:\/\/api.w.org\/{rel}","templated":true}]}}