{"id":675748,"date":"2026-04-28T14:48:51","date_gmt":"2026-04-28T18:48:51","guid":{"rendered":"https:\/\/diariodominicano.com\/?p=675748"},"modified":"2026-04-28T14:49:12","modified_gmt":"2026-04-28T18:49:12","slug":"veinte-anos-de-prision-a-hombre-que-mato-a-otro-de-un-batazo-en-la-cabeza-en-el-almirante","status":"publish","type":"post","link":"https:\/\/diariodominicano.com\/?p=675748","title":{"rendered":"Veinte a\u00f1os de prisi\u00f3n a hombre que mat\u00f3 a otro de un batazo en la cabeza en El Almirante"},"content":{"rendered":"\n<p><strong>SANTO DOMINGO (Rep\u00fablica Dominicana).-&nbsp;Un hombre procesado por el Ministerio P\u00fablico por matar a otro de un batazo en La Toronja, de El Almirante, en Santo Domingo Este, fue condenado a veinte a\u00f1os de prisi\u00f3n.<\/strong><\/p>\n\n\n\n<p><strong>Di\u00f3genes Emmanuel Gil Cepeda (El \u00d1ato) fue condenado por haber causado la muerte de Wilman Alexander Polanco Peralta (Moreno y\/o Alex).<\/strong><\/p>\n\n\n\n<p><strong>El expediente instrumentado por el fiscal investigador Franklyn C\u00e9spedes Batista, explica que el hecho ocurri\u00f3 alrededor del mediod\u00eda del 26 de enero de 2022, cuando la v\u00edctima estaba frente a la casa de su expareja, lugar al que&nbsp; al que el encartado se present\u00f3 junto a otras tres personas.<\/strong><\/p>\n\n\n\n<p><strong>Estando en el lugar, el procesado, que portaba un bate de b\u00e9isbol de aluminio, golpe\u00f3 en la cabeza a C\u00e9spedes Batista, quien seg\u00fan la autopsia judicial No.SDA-A-1080-2022, del Instituto Nacional de Ciencias Forense (Inacif), muri\u00f3 por trauma contuso cr\u00e1neo cef\u00e1lico y facial severo.<\/strong><\/p>\n\n\n\n<p><strong>Durante el juicio, el Ministerio P\u00fablico, representado por la fiscal litigante Ana Basora, mostr\u00f3 al tribunal suficientes elementos de pruebas que demuestran la responsabilidad penal del hoy condenado, en torno a los art\u00edculos 295 y 304 del C\u00f3digo Penal Dominicano.<\/strong><\/p>\n\n\n\n<p><strong>Por decisi\u00f3n del Segundo Tribunal Colegiado de Santo Domingo Este, integrado por los jueces Josefina Ubiera Guerrero, Ana Miledys Taveras e Isa\u00edas R. Mart\u00ednez, el condenado deber\u00e1 cumplir la sentencia en el Centro de Correcci\u00f3n y Rehabilitaci\u00f3n Najayo Hombres. &nbsp;<\/strong><\/p>\n\n\n\n<p><strong>Direcci\u00f3n General de Comunicaci\u00f3n, Prensa, y RRPP<\/strong><\/p>\n\n\n\n<p><strong>Ministerio P\u00fablico<\/strong><strong>.&nbsp;R<\/strong><strong>.D<\/strong><strong>.<\/strong><\/p>\n\n\n\n<p><strong>Comunicaciones PGR <a href=\"mailto:comunicaciones@pgr.gob.do\">comunicaciones@pgr.gob.do<\/a> &nbsp;<\/strong><\/p>\n","protected":false},"excerpt":{"rendered":"<p>SANTO DOMINGO (Rep\u00fablica Dominicana).-&nbsp;Un hombre procesado por el Ministerio P\u00fablico por matar a otro de un batazo en La Toronja, de El Almirante, en Santo Domingo Este, fue condenado a veinte a\u00f1os de prisi\u00f3n. Di\u00f3genes Emmanuel Gil Cepeda (El \u00d1ato) fue condenado por haber causado la muerte de Wilman Alexander Polanco Peralta (Moreno y\/o Alex). [&hellip;]<\/p>\n","protected":false},"author":7,"featured_media":620351,"comment_status":"closed","ping_status":"closed","sticky":false,"template":"","format":"standard","meta":{"footnotes":""},"categories":[24],"tags":[5715,171,4058],"class_list":["post-675748","post","type-post","status-publish","format-standard","has-post-thumbnail","hentry","category-justicia-y-derecho","tag-el-almirante","tag-ministerio-publico","tag-sde"],"_links":{"self":[{"href":"https:\/\/diariodominicano.com\/index.php?rest_route=\/wp\/v2\/posts\/675748","targetHints":{"allow":["GET"]}}],"collection":[{"href":"https:\/\/diariodominicano.com\/index.php?rest_route=\/wp\/v2\/posts"}],"about":[{"href":"https:\/\/diariodominicano.com\/index.php?rest_route=\/wp\/v2\/types\/post"}],"author":[{"embeddable":true,"href":"https:\/\/diariodominicano.com\/index.php?rest_route=\/wp\/v2\/users\/7"}],"replies":[{"embeddable":true,"href":"https:\/\/diariodominicano.com\/index.php?rest_route=%2Fwp%2Fv2%2Fcomments&post=675748"}],"version-history":[{"count":1,"href":"https:\/\/diariodominicano.com\/index.php?rest_route=\/wp\/v2\/posts\/675748\/revisions"}],"predecessor-version":[{"id":675754,"href":"https:\/\/diariodominicano.com\/index.php?rest_route=\/wp\/v2\/posts\/675748\/revisions\/675754"}],"wp:featuredmedia":[{"embeddable":true,"href":"https:\/\/diariodominicano.com\/index.php?rest_route=\/wp\/v2\/media\/620351"}],"wp:attachment":[{"href":"https:\/\/diariodominicano.com\/index.php?rest_route=%2Fwp%2Fv2%2Fmedia&parent=675748"}],"wp:term":[{"taxonomy":"category","embeddable":true,"href":"https:\/\/diariodominicano.com\/index.php?rest_route=%2Fwp%2Fv2%2Fcategories&post=675748"},{"taxonomy":"post_tag","embeddable":true,"href":"https:\/\/diariodominicano.com\/index.php?rest_route=%2Fwp%2Fv2%2Ftags&post=675748"}],"curies":[{"name":"wp","href":"https:\/\/api.w.org\/{rel}","templated":true}]}}