{"id":675746,"date":"2026-04-28T09:07:47","date_gmt":"2026-04-28T13:07:47","guid":{"rendered":"https:\/\/diariodominicano.com\/?p=675746"},"modified":"2026-04-28T09:07:57","modified_gmt":"2026-04-28T13:07:57","slug":"abinader-crea-comision-para-la-coordinacion-y-direccion-del-plan-san-juan-y-designa-su-director-ejecutivo","status":"publish","type":"post","link":"https:\/\/diariodominicano.com\/?p=675746","title":{"rendered":"Abinader crea Comisi\u00f3n para la Coordinaci\u00f3n y Direcci\u00f3n del Plan San Juan y designa su director ejecutivo"},"content":{"rendered":"\n<p>ARCHIVO: Presidente Luis Abinader.<\/p>\n\n\n\n<p>27 de Abril 2026 <\/p>\n\n\n\n<figure class=\"wp-block-image\"><img decoding=\"async\" src=\"https:\/\/platform-cdn.sharethis.com\/img\/facebook.svg\" alt=\"facebook sharing button\"\/><\/figure>\n\n\n\n<figure class=\"wp-block-image\"><img decoding=\"async\" src=\"https:\/\/platform-cdn.sharethis.com\/img\/sharethis.svg\" alt=\"sharethis sharing button\"\/><\/figure>\n\n\n\n<p>Santo\u00a0Domingo, RD, .-\u00a0<strong>El presidente Luis\u00a0<\/strong><strong>Abinader<\/strong>\u00a0emiti\u00f3 los\u00a0<strong>Decretos\u00a0<\/strong><a href=\"https:\/\/presidencia.gob.do\/decretos\/236-26\"><strong>236-26<\/strong><\/a><strong>\u00a0y\u00a0<\/strong><a href=\"https:\/\/presidencia.gob.do\/decretos\/285-26\"><strong>285-26<\/strong><\/a><strong>,<\/strong>\u00a0que tienen el prop\u00f3sito de dar continuidad a las\u00a0<strong>acciones para el desarrollo integral<\/strong>\u00a0en los \u00e1mbitos\u00a0<strong>econ\u00f3mico y social<\/strong>\u00a0de los residentes y comunidades de la\u00a0<strong>provincia San Juan.<\/strong>\u00a0<\/p>\n\n\n\n<p>Tras haberse creado el&nbsp;<strong>Plan para el Desarrollo Econ\u00f3mico de la provincia San Juan<\/strong>&nbsp;(Plan San Juan) en 2022, en los nuevos decretos se dispone la creaci\u00f3n de una&nbsp;<strong>Comisi\u00f3n para la Coordinaci\u00f3n y Direcci\u00f3n de este,<\/strong>&nbsp;y se designa a su director ejecutivo, cargo que ser\u00e1 desempe\u00f1ado por el se\u00f1or<strong>&nbsp;Carlos&nbsp;<\/strong><strong>Alessandry<\/strong><strong>&nbsp;Roa&nbsp;<\/strong><strong>Howley<\/strong>.&nbsp;<\/p>\n\n\n\n<p>Se recuerda que el Plan San Juan tiene como prop\u00f3sito fundamental&nbsp;<strong>transformar la econom\u00eda de la regi\u00f3n<\/strong>, promoviendo su&nbsp;<strong>desarrollo sostenible<\/strong>&nbsp;y maximizando el uso de sus recursos.&nbsp;<\/p>\n\n\n\n<p>La&nbsp;<strong>Comisi\u00f3n para la Coordinaci\u00f3n y Direcci\u00f3n del Plan San Juan<\/strong>&nbsp;queda integrada por el obispo de la Di\u00f3cesis de San Juan, quien lo presidir\u00e1; el Ministerio Administrativo de la Presidencia; el Ministerio de Agricultura; el Banco Agr\u00edcola de la Rep\u00fablica Dominicana; el Ministerio de Medio Ambiente y Recursos Naturales; el Instituto Nacional de Recursos Hidr\u00e1ulicos; el Instituto del Tabaco y la Junta Agroempresarial Dominicana.&nbsp;<\/p>\n\n\n\n<p>Asimismo, por la Gobernaci\u00f3n Provincial; un representante de la Asociaci\u00f3n de Desarrollo de la Provincia de San Juan; un representante de la Asociaci\u00f3n de Productores Agr\u00edcolas de la Provincia de San Juan; un representante de la Asociaci\u00f3n de Ganaderos; un representante de la Asociaci\u00f3n de Productores de Tabaco; el alcalde del Municipio Cabecera, m\u00e1s un representante elegido entre los dem\u00e1s municipios; la Confederaci\u00f3n Nacional de Productores Agropecuarios (Confenagro) y el director ejecutivo del Plan San Juan, quien fungir\u00e1 como secretario, con voz, pero sin voto.&nbsp;<\/p>\n\n\n\n<p><strong>Funciones del Plan San Juan<\/strong>&nbsp;<\/p>\n\n\n\n<p>La Comisi\u00f3n del Plan San Juan asume la responsabilidad de liderar la transformaci\u00f3n econ\u00f3mica regional mediante la aprobaci\u00f3n estrat\u00e9gica de&nbsp;<strong>proyectos de infraestructura y acuerdos interinstitucionales,<\/strong>&nbsp;asegurando siempre el cumplimiento de las&nbsp;<strong>normativas de contrataciones p\u00fablicas<\/strong>. Su labor se centra en diversificar la matriz productiva y coordinar la&nbsp;<strong>ejecuci\u00f3n de obras cr\u00edticas<\/strong>, tales como sistemas de riego, centros de acopio y naves en zonas francas, fundamentales para el sost\u00e9n de la actividad econ\u00f3mica local.&nbsp;<\/p>\n\n\n\n<p>Asimismo, este \u00f3rgano act\u00faa como un articulador entre los sectores p\u00fablico y privado para facilitar&nbsp;<strong>encadenamientos que generen empleo<\/strong>&nbsp;y fortalezcan el&nbsp;<strong>capital humano regional.<\/strong>&nbsp;A trav\u00e9s de la canalizaci\u00f3n de capital semilla y asistencia t\u00e9cnica, la Comisi\u00f3n apoya directamente a&nbsp;<strong>emprendimientos y peque\u00f1os productores<\/strong>, fomentando su integraci\u00f3n en cooperativas y cl\u00fasteres. Finalmente, su gesti\u00f3n se consolida mediante la promoci\u00f3n de&nbsp;<strong>alianzas comerciales estrat\u00e9gicas<\/strong>&nbsp;y la rendici\u00f3n peri\u00f3dica de informes de avance ante la&nbsp;<strong>Presidencia de la Rep\u00fablica.<\/strong>&nbsp;<\/p>\n\n\n\n<p><strong>Direcci\u00f3n Ejecutiva<\/strong>&nbsp;<\/p>\n\n\n\n<p>Mientras, la Direcci\u00f3n Ejecutiva de la Comisi\u00f3n del Plan San Juan tendr\u00e1 como responsabilidad realizar las coordinaciones t\u00e9cnicas de lugar a fin de que los proyectos aprobados por la Comisi\u00f3n del Plan San Juan se ejecuten dentro del cronograma acordado;&nbsp;<strong>administrar los fondos asignados<\/strong>&nbsp;a la ejecuci\u00f3n de las acciones y actividades aprobadas por la Comisi\u00f3n del Plan San Juan; coordinar la formulaci\u00f3n de pol\u00edticas derivadas de la Comisi\u00f3n del Plan San Juan, as\u00ed como la definici\u00f3n y ejecuci\u00f3n de las&nbsp;<strong>iniciativas, programas y proyectos<\/strong>&nbsp;que se consideren necesarios para alcanzar los resultados esperados.&nbsp;<\/p>\n\n\n\n<p>De igual forma, deber\u00e1 coordinar&nbsp;<strong>la asistencia t\u00e9cnica, financiamiento, manejo post cosecha y comercializaci\u00f3n<\/strong>&nbsp;que se ejecutar\u00e1n en cada una de las fincas intervenidas; realizar y mantener un registro georreferenciado de cada una de las unidades productivas intervenidas; supervisar la&nbsp;<strong>ejecuci\u00f3n y cumplimiento<\/strong>&nbsp;de las tareas planificadas en el marco del Plan y mantener&nbsp;<strong>registros contables de los gastos realizados<\/strong>&nbsp;en el marco del Plan.&nbsp;<\/p>\n\n\n\n<p>Finalmente, debe, adem\u00e1s, contratar las personas f\u00edsicas y jur\u00eddicas que se requieran para el cumplimiento de sus funciones y las tareas que les sean encomendadas, conforme a lo&nbsp;<strong>estipulado por las leyes correspondientes<\/strong>; supervisar el buen uso de los equipos de transporte y maquinarias de trabajo asignadas a la ejecuci\u00f3n del Plan y&nbsp;<strong>rendir informes trimestrales&nbsp;<\/strong>a la&nbsp;Comisi\u00f3n del Plan San Juan sobre el avance en su implementaci\u00f3n.&nbsp;<\/p>\n\n\n\n<p>Con informaci\u00f3n de la Presidencia de la Rep\u00fablica.<\/p>\n","protected":false},"excerpt":{"rendered":"<p>ARCHIVO: Presidente Luis Abinader. 27 de Abril 2026 Santo\u00a0Domingo, RD, .-\u00a0El presidente Luis\u00a0Abinader\u00a0emiti\u00f3 los\u00a0Decretos\u00a0236-26\u00a0y\u00a0285-26,\u00a0que tienen el prop\u00f3sito de dar continuidad a las\u00a0acciones para el desarrollo integral\u00a0en los \u00e1mbitos\u00a0econ\u00f3mico y social\u00a0de los residentes y comunidades de la\u00a0provincia San Juan.\u00a0 Tras haberse creado el&nbsp;Plan para el Desarrollo Econ\u00f3mico de la provincia San Juan&nbsp;(Plan San Juan) en 2022, [&hellip;]<\/p>\n","protected":false},"author":2,"featured_media":671046,"comment_status":"open","ping_status":"closed","sticky":false,"template":"","format":"standard","meta":{"footnotes":""},"categories":[20,27],"tags":[],"class_list":["post-675746","post","type-post","status-publish","format-standard","has-post-thumbnail","hentry","category-dominicana-hoy","category-portada"],"_links":{"self":[{"href":"https:\/\/diariodominicano.com\/index.php?rest_route=\/wp\/v2\/posts\/675746","targetHints":{"allow":["GET"]}}],"collection":[{"href":"https:\/\/diariodominicano.com\/index.php?rest_route=\/wp\/v2\/posts"}],"about":[{"href":"https:\/\/diariodominicano.com\/index.php?rest_route=\/wp\/v2\/types\/post"}],"author":[{"embeddable":true,"href":"https:\/\/diariodominicano.com\/index.php?rest_route=\/wp\/v2\/users\/2"}],"replies":[{"embeddable":true,"href":"https:\/\/diariodominicano.com\/index.php?rest_route=%2Fwp%2Fv2%2Fcomments&post=675746"}],"version-history":[{"count":1,"href":"https:\/\/diariodominicano.com\/index.php?rest_route=\/wp\/v2\/posts\/675746\/revisions"}],"predecessor-version":[{"id":675747,"href":"https:\/\/diariodominicano.com\/index.php?rest_route=\/wp\/v2\/posts\/675746\/revisions\/675747"}],"wp:featuredmedia":[{"embeddable":true,"href":"https:\/\/diariodominicano.com\/index.php?rest_route=\/wp\/v2\/media\/671046"}],"wp:attachment":[{"href":"https:\/\/diariodominicano.com\/index.php?rest_route=%2Fwp%2Fv2%2Fmedia&parent=675746"}],"wp:term":[{"taxonomy":"category","embeddable":true,"href":"https:\/\/diariodominicano.com\/index.php?rest_route=%2Fwp%2Fv2%2Fcategories&post=675746"},{"taxonomy":"post_tag","embeddable":true,"href":"https:\/\/diariodominicano.com\/index.php?rest_route=%2Fwp%2Fv2%2Ftags&post=675746"}],"curies":[{"name":"wp","href":"https:\/\/api.w.org\/{rel}","templated":true}]}}