{"id":675717,"date":"2026-04-28T01:21:16","date_gmt":"2026-04-28T05:21:16","guid":{"rendered":"https:\/\/diariodominicano.com\/?p=675717"},"modified":"2026-04-28T01:21:22","modified_gmt":"2026-04-28T05:21:22","slug":"especial-chile-celebra-dia-internacional-del-libro-en-iconicos-espacios-en-capital","status":"publish","type":"post","link":"https:\/\/diariodominicano.com\/?p=675717","title":{"rendered":"Especial: Chile celebra D\u00eda Internacional del Libro en ic\u00f3nicos espacios en capital"},"content":{"rendered":"\n<p><em>spanish.news.cn<\/em>|<em>&nbsp;2026-04-28 02:39:46<\/em>|<\/p>\n\n\n\n<p>SANTIAGO, 27 abril, 2026 (Xinhua) &#8212; Imagen del 25 de abril de 2026 de una mujer asistiendo a la tercera edici\u00f3n de la Fiesta de la Lectura en el marco del D\u00eda Internacional del Libro en el Centro Cultural La Moneda, en Santiago, capital de Chile. En el emblem\u00e1tico Cerro Santa Luc\u00eda o el imponente subterr\u00e1neo del palacio Presidencial devenido en centro cultural, Chile celebr\u00f3 el D\u00eda Internacional del Libro el fin de semana con diversas actividades en la capital con el objetivo de acercar \u00abla lectura, el arte y la cultura a la ciudadan\u00eda\u00bb, coincidieron organizadores y lectores. (Xinhua\/Jorge Villegas)<\/p>\n\n\n\n<p>Por Crist\u00f3bal Ch\u00e1vez Bravo<\/p>\n\n\n\n<p>SANTIAGO, 27 abr (Xinhua) &#8212; En el emblem\u00e1tico Cerro Santa Luc\u00eda o el imponente subterr\u00e1neo del palacio Presidencial devenido en centro cultural, Chile celebr\u00f3 el D\u00eda Internacional del Libro este fin de semana con diversas actividades en la capital con el objetivo de acercar \u00abla lectura, el arte y la cultura a la ciudadan\u00eda\u00bb, coincidieron organizadores y lectores.<\/p>\n\n\n\n<p>En el Centro Cultural La Moneda (CCLM), un ic\u00f3nico espacio afincado en el subterr\u00e1neo del Palacio de La Moneda, la casa de Gobierno de la naci\u00f3n austral, se celebr\u00f3 el s\u00e1bado pasado la tercera edici\u00f3n de la Fiesta de la Lectura que reuni\u00f3 a cientos de personas en torno a los libros.<\/p>\n\n\n\n<p>La comunicadora audiovisual Francisca T\u00e9llez fue una de las participantes que recorri\u00f3 esa celebraci\u00f3n, instancia que calific\u00f3 como \u00abmuy importante\u00bb y destac\u00f3 que \u00absea transversal en t\u00e9rmino de edad\u00bb.<\/p>\n\n\n\n<p>\u00abEs importante instancias como esta, sobre todo en momentos en los que estamos viviendo de este mundo tan convulsionado y de tantas pantallas; que podamos reunirnos en torno a la lectura, los libros y hacer esto mismo a conversar sobre lo que podemos encontrarnos en el mundo de la literatura\u00bb, explic\u00f3 a Xinhua.<\/p>\n\n\n\n<p>Por su parte, el ingeniero comercial Rafael Cotelli tambi\u00e9n asisti\u00f3 a la feria en la b\u00fasqueda de inspiraci\u00f3n y t\u00e9cnicas para participar en el ic\u00f3nico concurso chileno \u00abSantiago en 100 palabras\u00bb, en el que los habitantes del pa\u00eds sudamericano env\u00edan cuentos con esa extensi\u00f3n.<\/p>\n\n\n\n<p>\u00abVengo de un taller tambi\u00e9n. Estoy haciendo unos cuentos para &#8216;Santiago en 100 palabras&#8217;. Es una iniciativa que me gusta mucho. Creo que habla mucho de una ciudad que ha sido importante no solamente para nosotros, para m\u00ed personalmente. Es una muy bonita iniciativa y hoy d\u00eda me vengo a inspirar un poco en alg\u00fan cuento para la pr\u00f3xima edici\u00f3n\u00bb, asever\u00f3 a Xinhua.<\/p>\n\n\n\n<p>Durante la Fiesta de la Lectura, el subsecretario del Patrimonio Cultural de Chile, Emilio de la Cerda, anunci\u00f3 la incorporaci\u00f3n del Espacio Lector del CCLM al Sistema Nacional de Bibliotecas P\u00fablicas.<\/p>\n\n\n\n<p>\u00abEs bien importante incorporar un espacio tan emblem\u00e1tico como el Centro Cultural La Moneda a la Red de Bibliotecas P\u00fablicas. En Chile tenemos un sistema de bibliotecas distribuidas en todo el pa\u00eds, y en este sentido, tanto el Espacio Lector del CCLM se integra a esta red, como nosotros como sistema tambi\u00e9n pasamos a ser parte de este centro cultural\u00bb, indic\u00f3 el funcionario del pa\u00eds sudamericano.<\/p>\n\n\n\n<p>En el mismo evento la directora de la Oficina Regional de la Organizaci\u00f3n de las Naciones Unidas para la Educaci\u00f3n, la Ciencia y la Cultura (Unesco), Esther Kuisch, coment\u00f3 que las bibliotecas p\u00fablicas, al ser espacios gratuitos, equitativos y, abiertos a todas las personas, permiten que la lectura se fomente \u00abno solamente en casa y en las escuelas, sino tambi\u00e9n en espacios p\u00fablicos y centros culturales como este\u00bb.<\/p>\n\n\n\n<p>Las actividades en torno a libro se extendieron en toda la capital chilena, como en la comuna de Providencia donde se celebr\u00f3 el Festival Penguin Libros y que junt\u00f3 a m\u00e1s de 20.000 personas durante el fin de semana.<\/p>\n\n\n\n<p>\u00abNos entusiasma cumplir este quinto a\u00f1o de vida y que este festival se convierta en una importante vitrina para nuestros autores y nuestro cat\u00e1logo con ocasi\u00f3n de celebrar el D\u00eda Internacional del Libro\u00bb, dijo la directora editorial de Penguin Random House, Melanie J\u00f6sch.<\/p>\n\n\n\n<p>Agreg\u00f3 que el festival \u00abse ha ganado un lugar importante en la agenda de eventos literarios del circuito del cono sur lo que queda demostrado por el creciente n\u00famero de autores nacionales e internacionales que son parte de esta fiesta cada a\u00f1o\u00bb.<\/p>\n\n\n\n<p>Por su parte, en el emblem\u00e1tico Cerro Santa Lucia, uno de los pulmones verdes en el casco hist\u00f3rico de Santiago de Chile, \u00abBook Santiago\u00bb junt\u00f3 el fin de semana pasado a 25 editoriales, autoras destacadas y cuentacuentos.<\/p>\n\n\n\n<p>\u00abEstamos impulsando con fuerza la cultura y que esta pueda llegar a todos los espacios de nuestra comuna\u00bb, coment\u00f3 la encargada de Cultura de la Municipalidad de Santiago, Leslie Briones.<\/p>\n\n\n\n<p>Abund\u00f3 que buscan acercar la lectura, el arte y la cultura a la ciudadan\u00eda, \u00abrecuperando y activando espacios p\u00fablicos con sentido y tambi\u00e9n con participaci\u00f3n ciudadana\u00bb.<\/p>\n\n\n\n<figure class=\"wp-block-image\"><img decoding=\"async\" src=\"https:\/\/spanish.xinhuanet.com\/20260428\/b8b2f6831ed946658dac2d3cd5c9b44a\/c6110e13f1014fa3ae0a2f54acec48f4.jpg\" alt=\"\"\/><\/figure>\n\n\n\n<p>SANTIAGO, 27 abril, 2026 (Xinhua) &#8212; Imagen del 25 de abril de 2026 de personas observando libros durante la tercera edici\u00f3n de la Fiesta de la Lectura en el marco del D\u00eda Internacional del Libro en el Centro Cultural La Moneda, en Santiago, capital de Chile. En el emblem\u00e1tico Cerro Santa Luc\u00eda o el imponente subterr\u00e1neo del palacio Presidencial devenido en centro cultural, Chile celebr\u00f3 el D\u00eda Internacional del Libro el fin de semana con diversas actividades en la capital con el objetivo de acercar \u00abla lectura, el arte y la cultura a la ciudadan\u00eda\u00bb, coincidieron organizadores y lectores. (Xinhua\/Jorge Villegas)<\/p>\n\n\n\n<figure class=\"wp-block-image\"><img decoding=\"async\" src=\"https:\/\/spanish.xinhuanet.com\/20260428\/b8b2f6831ed946658dac2d3cd5c9b44a\/411db326d4ec432db83ad7c03dedf564.jpg\" alt=\"\"\/><\/figure>\n\n\n\n<p>SANTIAGO, 27 abril, 2026 (Xinhua) &#8212; Imagen del 25 de abril de 2026 de personas asistiendo a la tercera edici\u00f3n de la Fiesta de la Lectura en el marco del D\u00eda Internacional del Libro en el Centro Cultural La Moneda, en Santiago, capital de Chile. En el emblem\u00e1tico Cerro Santa Luc\u00eda o el imponente subterr\u00e1neo del palacio Presidencial devenido en centro cultural, Chile celebr\u00f3 el D\u00eda Internacional del Libro el fin de semana con diversas actividades en la capital con el objetivo de acercar \u00abla lectura, el arte y la cultura a la ciudadan\u00eda\u00bb, coincidieron organizadores y lectores. (Xinhua\/Jorge Villegas)<\/p>\n\n\n\n<figure class=\"wp-block-image\"><img decoding=\"async\" src=\"https:\/\/spanish.xinhuanet.com\/20260428\/b8b2f6831ed946658dac2d3cd5c9b44a\/9a4a56e4ee5a4905977f42e4b7714b2f.jpg\" alt=\"\"\/><\/figure>\n\n\n\n<p>SANTIAGO, 27 abril, 2026 (Xinhua) &#8212; Imagen del 25 de abril de 2026 de personas asistiendo a la tercera edici\u00f3n de la Fiesta de la Lectura en el marco del D\u00eda Internacional del Libro en el Centro Cultural La Moneda, en Santiago, capital de Chile. En el emblem\u00e1tico Cerro Santa Luc\u00eda o el imponente subterr\u00e1neo del palacio Presidencial devenido en centro cultural, Chile celebr\u00f3 el D\u00eda Internacional del Libro el fin de semana con diversas actividades en la capital con el objetivo de acercar \u00abla lectura, el arte y la cultura a la ciudadan\u00eda\u00bb, coincidieron organizadores y lectores. (Xinhua\/Jorge Villegas)<\/p>\n\n\n\n<figure class=\"wp-block-image\"><img decoding=\"async\" src=\"https:\/\/spanish.xinhuanet.com\/20260428\/b8b2f6831ed946658dac2d3cd5c9b44a\/639871084fb745faa4dc47f6ad2941a6.jpg\" alt=\"\"\/><\/figure>\n\n\n\n<p>SANTIAGO, 27 abril, 2026 (Xinhua) &#8212; Imagen del 25 de abril de 2026 de personas asistiendo a la tercera edici\u00f3n de la Fiesta de la Lectura en el marco del D\u00eda Internacional del Libro en el Centro Cultural La Moneda, en Santiago, capital de Chile. En el emblem\u00e1tico Cerro Santa Luc\u00eda o el imponente subterr\u00e1neo del palacio Presidencial devenido en centro cultural, Chile celebr\u00f3 el D\u00eda Internacional del Libro el fin de semana con diversas actividades en la capital con el objetivo de acercar \u00abla lectura, el arte y la cultura a la ciudadan\u00eda\u00bb, coincidieron organizadores y lectores. (Xinhua\/Jorge Villegas)<\/p>\n\n\n\n<figure class=\"wp-block-image\"><img decoding=\"async\" src=\"https:\/\/spanish.xinhuanet.com\/20260428\/b8b2f6831ed946658dac2d3cd5c9b44a\/daa77058a12746da98ca780a6c2e7af4.jpg\" alt=\"\"\/><\/figure>\n\n\n\n<p>SANTIAGO, 27 abril, 2026 (Xinhua) &#8212; Imagen del 25 de abril de 2026 de personas asistiendo a la tercera edici\u00f3n de la Fiesta de la Lectura en el marco del D\u00eda Internacional del Libro en el Centro Cultural La Moneda, en Santiago, capital de Chile. En el emblem\u00e1tico Cerro Santa Luc\u00eda o el imponente subterr\u00e1neo del palacio Presidencial devenido en centro cultural, Chile celebr\u00f3 el D\u00eda Internacional del Libro el fin de semana con diversas actividades en la capital con el objetivo de acercar \u00abla lectura, el arte y la cultura a la ciudadan\u00eda\u00bb, coincidieron organizadores y lectores. (Xinhua\/Jorge Villegas)<\/p>\n","protected":false},"excerpt":{"rendered":"<p>spanish.news.cn|&nbsp;2026-04-28 02:39:46| SANTIAGO, 27 abril, 2026 (Xinhua) &#8212; Imagen del 25 de abril de 2026 de una mujer asistiendo a la tercera edici\u00f3n de la Fiesta de la Lectura en el marco del D\u00eda Internacional del Libro en el Centro Cultural La Moneda, en Santiago, capital de Chile. En el emblem\u00e1tico Cerro Santa Luc\u00eda o [&hellip;]<\/p>\n","protected":false},"author":2,"featured_media":675718,"comment_status":"open","ping_status":"closed","sticky":false,"template":"","format":"standard","meta":{"footnotes":""},"categories":[21,23],"tags":[2849],"class_list":["post-675717","post","type-post","status-publish","format-standard","has-post-thumbnail","hentry","category-cultura","category-internacional","tag-chile"],"_links":{"self":[{"href":"https:\/\/diariodominicano.com\/index.php?rest_route=\/wp\/v2\/posts\/675717","targetHints":{"allow":["GET"]}}],"collection":[{"href":"https:\/\/diariodominicano.com\/index.php?rest_route=\/wp\/v2\/posts"}],"about":[{"href":"https:\/\/diariodominicano.com\/index.php?rest_route=\/wp\/v2\/types\/post"}],"author":[{"embeddable":true,"href":"https:\/\/diariodominicano.com\/index.php?rest_route=\/wp\/v2\/users\/2"}],"replies":[{"embeddable":true,"href":"https:\/\/diariodominicano.com\/index.php?rest_route=%2Fwp%2Fv2%2Fcomments&post=675717"}],"version-history":[{"count":1,"href":"https:\/\/diariodominicano.com\/index.php?rest_route=\/wp\/v2\/posts\/675717\/revisions"}],"predecessor-version":[{"id":675719,"href":"https:\/\/diariodominicano.com\/index.php?rest_route=\/wp\/v2\/posts\/675717\/revisions\/675719"}],"wp:featuredmedia":[{"embeddable":true,"href":"https:\/\/diariodominicano.com\/index.php?rest_route=\/wp\/v2\/media\/675718"}],"wp:attachment":[{"href":"https:\/\/diariodominicano.com\/index.php?rest_route=%2Fwp%2Fv2%2Fmedia&parent=675717"}],"wp:term":[{"taxonomy":"category","embeddable":true,"href":"https:\/\/diariodominicano.com\/index.php?rest_route=%2Fwp%2Fv2%2Fcategories&post=675717"},{"taxonomy":"post_tag","embeddable":true,"href":"https:\/\/diariodominicano.com\/index.php?rest_route=%2Fwp%2Fv2%2Ftags&post=675717"}],"curies":[{"name":"wp","href":"https:\/\/api.w.org\/{rel}","templated":true}]}}