{"id":675679,"date":"2026-04-28T00:56:31","date_gmt":"2026-04-28T04:56:31","guid":{"rendered":"https:\/\/diariodominicano.com\/?p=675679"},"modified":"2026-04-28T01:05:21","modified_gmt":"2026-04-28T05:05:21","slug":"policia-informa-sargento-policial-adscrito-a-la-dicrim-fallece-tras-resultar-herido-de-bala-en-la-cabeza","status":"publish","type":"post","link":"https:\/\/diariodominicano.com\/?p=675679","title":{"rendered":"Polic\u00eda informa sargento policial adscrito a la DICRIM fallece tras resultar herido de bala en la cabeza"},"content":{"rendered":"\n<p><strong>Fue v\u00edctima de delincuentes al responder denuncia ciudadana en Yamas\u00e1.<\/strong><\/p>\n\n\n\n<p><strong>Polic\u00eda advierte no descansar\u00e1 hasta ubicar y capturar a los autores.<\/strong><\/p>\n\n\n\n<p><strong>La Polic\u00eda Nacional inform\u00f3 que un sargento adscrito a la Direcci\u00f3n Central de Investigaci\u00f3n (DICRIM) result\u00f3 fallecido tras recibir una herida de bala en la cabeza mientras daba respuesta a una denuncia ciudadana en un sector del municipio Yamas\u00e1, provincia Monte Plata.<\/strong><\/p>\n\n\n\n<p><strong>Se trata del sargento Juan Tom\u00e1s Charles, quien falleci\u00f3 mientras recib\u00eda atenciones m\u00e9dicas en el Hospital General Docente de la Polic\u00eda Nacional (Hosgedopol), donde fue llevado en estado cr\u00edtico, referido de otro centro de salud.<\/strong><\/p>\n\n\n\n<p><strong>Las investigaciones se encuentran en su fase inicial y en desarrollo, conforme declaraciones ofrecidas por el vocero institucional, coronel Diego Pesqueira.<\/strong><\/p>\n\n\n\n<p><strong>Adelant\u00f3 que el hecho, en proceso de investigaci\u00f3n, ocurri\u00f3 en el sector conocido como \u201cCuneta de M\u00e1yiga\u201d, donde el agente acudi\u00f3 en atenci\u00f3n a una denuncia presentada por ciudadano ante la dotaci\u00f3n policial, relacionada a que varios individuos armados lo hab\u00edan amenazado de muerte.<\/strong><\/p>\n\n\n\n<p><strong>El reporte preliminar indica que la patrulla que acudi\u00f3 al referido fue atacada a tiros por tres hombres, uno de ellos identificado preliminarmente como \u201cOrlando\u201d, quienes emprendieron la huida tras perpetrar la agresi\u00f3n.<\/strong><\/p>\n\n\n\n<p><strong>La instituci\u00f3n del orden indic\u00f3 que equipos de investigaci\u00f3n y unidades t\u00e1cticas mantienen un amplio operativo de b\u00fasqueda y rastreo en toda la zona, con el objetivo de ubicar y apresar a los responsables de este hecho criminal.<\/strong><\/p>\n\n\n\n<p><strong>\u201cDamos garant\u00eda a la sociedad de que estos individuos ser\u00e1n localizados, apresados y puestos a disposici\u00f3n de la justicia\u201d, asegur\u00f3 el vocero policial.<\/strong><\/p>\n\n\n\n<p><strong>La Polic\u00eda Nacional reiter\u00f3 su compromiso de continuar enfrentando la criminalidad y exhort\u00f3 a la ciudadan\u00eda a colaborar con las autoridades, suministrando cualquier informaci\u00f3n que contribuya a la captura de los implicados.<\/strong><\/p>\n","protected":false},"excerpt":{"rendered":"<p>Fue v\u00edctima de delincuentes al responder denuncia ciudadana en Yamas\u00e1. Polic\u00eda advierte no descansar\u00e1 hasta ubicar y capturar a los autores. La Polic\u00eda Nacional inform\u00f3 que un sargento adscrito a la Direcci\u00f3n Central de Investigaci\u00f3n (DICRIM) result\u00f3 fallecido tras recibir una herida de bala en la cabeza mientras daba respuesta a una denuncia ciudadana en [&hellip;]<\/p>\n","protected":false},"author":7,"featured_media":665705,"comment_status":"open","ping_status":"closed","sticky":false,"template":"","format":"standard","meta":{"footnotes":""},"categories":[29,27],"tags":[5123,1070],"class_list":["post-675679","post","type-post","status-publish","format-standard","has-post-thumbnail","hentry","category-policiasucesos","category-portada","tag-dicrim","tag-policia-nacional"],"_links":{"self":[{"href":"https:\/\/diariodominicano.com\/index.php?rest_route=\/wp\/v2\/posts\/675679","targetHints":{"allow":["GET"]}}],"collection":[{"href":"https:\/\/diariodominicano.com\/index.php?rest_route=\/wp\/v2\/posts"}],"about":[{"href":"https:\/\/diariodominicano.com\/index.php?rest_route=\/wp\/v2\/types\/post"}],"author":[{"embeddable":true,"href":"https:\/\/diariodominicano.com\/index.php?rest_route=\/wp\/v2\/users\/7"}],"replies":[{"embeddable":true,"href":"https:\/\/diariodominicano.com\/index.php?rest_route=%2Fwp%2Fv2%2Fcomments&post=675679"}],"version-history":[{"count":1,"href":"https:\/\/diariodominicano.com\/index.php?rest_route=\/wp\/v2\/posts\/675679\/revisions"}],"predecessor-version":[{"id":675694,"href":"https:\/\/diariodominicano.com\/index.php?rest_route=\/wp\/v2\/posts\/675679\/revisions\/675694"}],"wp:featuredmedia":[{"embeddable":true,"href":"https:\/\/diariodominicano.com\/index.php?rest_route=\/wp\/v2\/media\/665705"}],"wp:attachment":[{"href":"https:\/\/diariodominicano.com\/index.php?rest_route=%2Fwp%2Fv2%2Fmedia&parent=675679"}],"wp:term":[{"taxonomy":"category","embeddable":true,"href":"https:\/\/diariodominicano.com\/index.php?rest_route=%2Fwp%2Fv2%2Fcategories&post=675679"},{"taxonomy":"post_tag","embeddable":true,"href":"https:\/\/diariodominicano.com\/index.php?rest_route=%2Fwp%2Fv2%2Ftags&post=675679"}],"curies":[{"name":"wp","href":"https:\/\/api.w.org\/{rel}","templated":true}]}}