{"id":675660,"date":"2026-04-28T00:25:45","date_gmt":"2026-04-28T04:25:45","guid":{"rendered":"https:\/\/diariodominicano.com\/?p=675660"},"modified":"2026-04-28T00:25:48","modified_gmt":"2026-04-28T04:25:48","slug":"carney-insta-a-eeuu-a-resolver-disputa-arancelaria-con-canada","status":"publish","type":"post","link":"https:\/\/diariodominicano.com\/?p=675660","title":{"rendered":"Carney insta a EEUU a resolver disputa arancelaria con Canad\u00e1"},"content":{"rendered":"\n<p>Ottawa, 27 abr (Prensa Latina) El primer ministro Mark Carney afirm\u00f3 hoy que Canad\u00e1 y Estados Unidos podr\u00edan resolver la disputa arancelaria en curso en cuesti\u00f3n de&nbsp;d\u00edas, si la parte estadounidense tuviera la&nbsp;capacidad y la voluntad de hacerlo.<\/p>\n\n\n\n<ul class=\"wp-block-list\">\n<li><a href=\"https:\/\/www.prensa-latina.cu\/2026\/04\/27\/\"><time>abril 27, 2026 | 23:03<\/time><\/a><\/li>\n<\/ul>\n\n\n\n<ul class=\"wp-block-list\">\n<li><a href=\"https:\/\/www.prensa-latina.cu\/2026\/04\/27\/carney-insta-a-eeuu-a-resolver-disputa-arancelaria-con-canada\/#\"><\/a><\/li>\n\n\n\n<li><a href=\"https:\/\/www.prensa-latina.cu\/2026\/04\/27\/carney-insta-a-eeuu-a-resolver-disputa-arancelaria-con-canada\/#\"><\/a><\/li>\n\n\n\n<li><a href=\"https:\/\/www.prensa-latina.cu\/2026\/04\/27\/carney-insta-a-eeuu-a-resolver-disputa-arancelaria-con-canada\/#\"><\/a><\/li>\n\n\n\n<li><a href=\"https:\/\/www.prensa-latina.cu\/2026\/04\/27\/carney-insta-a-eeuu-a-resolver-disputa-arancelaria-con-canada\/#\"><\/a><\/li>\n<\/ul>\n\n\n\n<p>En declaraciones a CBC News: The National, asegur\u00f3 que la parte canadiense est\u00e1 dispuesta a trabajar en un acuerdo que permita la eliminaci\u00f3n de algunos de esos aranceles, aunque, a\u00f1adi\u00f3, no est\u00e1 interesada en lograr r\u00e1pidamente un&nbsp;convenio peque\u00f1o.<\/p>\n\n\n\n<p>A pesar de que varios pa\u00edses, entre ellos Reino Unido, Jap\u00f3n y el bloque de la Uni\u00f3n Europea alcanzaron alianzas con Estados Unidos el a\u00f1o pasado, mantuvieron alg\u00fan tipo de arancel sobre las importaciones a la naci\u00f3n de Am\u00e9rica del Norte.<\/p>\n\n\n\n<p>\u00abPodr\u00edamos sentarnos esta tarde y resolver todo esto en el transcurso de 10 d\u00edas si la parte estadounidense, que tiene otras cosas que hacer, lo reconozco, tuviera la capacidad y la disposici\u00f3n para hacerlo\u00bb,&nbsp;dijo.<\/p>\n\n\n\n<p>Actualmente, Estados Unidos mantiene elevados aranceles a la importaci\u00f3n de varios productos canadienses, entre ellos acero, aluminio, cobre, algunas piezas de autom\u00f3viles, madera y productos de madera.<\/p>\n\n\n\n<p>De cara a las negociaciones comerciales, Carney integr\u00f3 un comit\u00e9 asesor de 24 miembros sobre las relaciones econ\u00f3micas entre Canad\u00e1 y Estados Unidos, que se reunir\u00e1 en los pr\u00f3ximos d\u00edas.<\/p>\n\n\n\n<p>Mientras, el presidente Donald Trump defiende su estrategia arancelaria para reactivar la actividad econ\u00f3mica estadounidense a expensas de las industrias canadienses.<\/p>\n\n\n\n<p>Seg\u00fan medios locales de prensa, Canad\u00e1 y Estados Unidos indicaron que un acuerdo comenz\u00f3 a tomar forma el oto\u00f1o pasado antes que el presidente Donald Trump cancelara abruptamente las conversaciones oficiales, en respuesta a un anuncio del gobierno de Ontario que se emiti\u00f3 en Estados Unidos.<\/p>\n\n\n\n<p>La comunicaci\u00f3n inclu\u00eda un discurso del expresidente estadounidense Ronald Reagan, en el que explicaba c\u00f3mo los aranceles afectan a los consumidores.<\/p>\n\n\n\n<p>npg\/abp<\/p>\n\n\n\n<ul class=\"wp-block-list\">\n<li>#<a href=\"https:\/\/www.prensa-latina.cu\/etiqueta\/aranceles\/\">aranceles<\/a>\u00a0#<a href=\"https:\/\/www.prensa-latina.cu\/etiqueta\/eeuu\/\">eeuu<\/a><\/li>\n<\/ul>\n","protected":false},"excerpt":{"rendered":"<p>Ottawa, 27 abr (Prensa Latina) El primer ministro Mark Carney afirm\u00f3 hoy que Canad\u00e1 y Estados Unidos podr\u00edan resolver la disputa arancelaria en curso en cuesti\u00f3n de&nbsp;d\u00edas, si la parte estadounidense tuviera la&nbsp;capacidad y la voluntad de hacerlo. En declaraciones a CBC News: The National, asegur\u00f3 que la parte canadiense est\u00e1 dispuesta a trabajar en [&hellip;]<\/p>\n","protected":false},"author":2,"featured_media":675661,"comment_status":"open","ping_status":"closed","sticky":false,"template":"","format":"standard","meta":{"footnotes":""},"categories":[18],"tags":[5697],"class_list":["post-675660","post","type-post","status-publish","format-standard","has-post-thumbnail","hentry","category-economia","tag-carney-insta-a-eeuu"],"_links":{"self":[{"href":"https:\/\/diariodominicano.com\/index.php?rest_route=\/wp\/v2\/posts\/675660","targetHints":{"allow":["GET"]}}],"collection":[{"href":"https:\/\/diariodominicano.com\/index.php?rest_route=\/wp\/v2\/posts"}],"about":[{"href":"https:\/\/diariodominicano.com\/index.php?rest_route=\/wp\/v2\/types\/post"}],"author":[{"embeddable":true,"href":"https:\/\/diariodominicano.com\/index.php?rest_route=\/wp\/v2\/users\/2"}],"replies":[{"embeddable":true,"href":"https:\/\/diariodominicano.com\/index.php?rest_route=%2Fwp%2Fv2%2Fcomments&post=675660"}],"version-history":[{"count":1,"href":"https:\/\/diariodominicano.com\/index.php?rest_route=\/wp\/v2\/posts\/675660\/revisions"}],"predecessor-version":[{"id":675662,"href":"https:\/\/diariodominicano.com\/index.php?rest_route=\/wp\/v2\/posts\/675660\/revisions\/675662"}],"wp:featuredmedia":[{"embeddable":true,"href":"https:\/\/diariodominicano.com\/index.php?rest_route=\/wp\/v2\/media\/675661"}],"wp:attachment":[{"href":"https:\/\/diariodominicano.com\/index.php?rest_route=%2Fwp%2Fv2%2Fmedia&parent=675660"}],"wp:term":[{"taxonomy":"category","embeddable":true,"href":"https:\/\/diariodominicano.com\/index.php?rest_route=%2Fwp%2Fv2%2Fcategories&post=675660"},{"taxonomy":"post_tag","embeddable":true,"href":"https:\/\/diariodominicano.com\/index.php?rest_route=%2Fwp%2Fv2%2Ftags&post=675660"}],"curies":[{"name":"wp","href":"https:\/\/api.w.org\/{rel}","templated":true}]}}