{"id":675655,"date":"2026-04-28T00:20:12","date_gmt":"2026-04-28T04:20:12","guid":{"rendered":"https:\/\/diariodominicano.com\/?p=675655"},"modified":"2026-04-28T00:20:23","modified_gmt":"2026-04-28T04:20:23","slug":"presidenta-afirma-que-lucha-contra-corrupcion-corresponde-a-mexico","status":"publish","type":"post","link":"https:\/\/diariodominicano.com\/?p=675655","title":{"rendered":"Presidenta afirma que lucha contra corrupci\u00f3n corresponde a M\u00e9xico"},"content":{"rendered":"\n<p>Ciudad de M\u00e9xico, 27 abr (Prensa Latina) La presidenta Claudia Sheinbaum afirm\u00f3 hoy que la lucha contra la corrupci\u00f3n en M\u00e9xico le corresponde a su Gobierno y a otras instancias del pa\u00eds, y subray\u00f3 que cualquier investigaci\u00f3n contra alguien debe incluir evidencias.<\/p>\n\n\n\n<ul class=\"wp-block-list\">\n<li><a href=\"https:\/\/www.prensa-latina.cu\/2026\/04\/27\/\"><time>abril 27, 2026 | 15:38<\/time><\/a><\/li>\n<\/ul>\n\n\n\n<ul class=\"wp-block-list\">\n<li><a href=\"https:\/\/www.prensa-latina.cu\/2026\/04\/27\/presidenta-afirma-que-lucha-contra-corrupcion-corresponde-a-mexico\/#\"><\/a><\/li>\n\n\n\n<li><a href=\"https:\/\/www.prensa-latina.cu\/2026\/04\/27\/presidenta-afirma-que-lucha-contra-corrupcion-corresponde-a-mexico\/#\"><\/a><\/li>\n\n\n\n<li><a href=\"https:\/\/www.prensa-latina.cu\/2026\/04\/27\/presidenta-afirma-que-lucha-contra-corrupcion-corresponde-a-mexico\/#\"><\/a><\/li>\n\n\n\n<li><a href=\"https:\/\/www.prensa-latina.cu\/2026\/04\/27\/presidenta-afirma-que-lucha-contra-corrupcion-corresponde-a-mexico\/#\"><\/a><\/li>\n<\/ul>\n\n\n\n<p>\u201cLa lucha contra la corrupci\u00f3n le corresponde al gobierno de M\u00e9xico, a la Fiscal\u00eda General de la Rep\u00fablica, a las fiscal\u00edas estatales, en caso de la denuncia de alg\u00fan acto de corrupci\u00f3n\u201d, dijo la mandataria en respuesta a una pregunta sobre una publicaci\u00f3n del diario estadounidense Los Angeles Times.<\/p>\n\n\n\n<p>Seg\u00fan el rotativo, unas recientes palabras del embajador de Washington en esta capital, Ronald Johnson, se relacionan con una campa\u00f1a del pa\u00eds norte\u00f1o contra funcionarios supuestamente corruptos en M\u00e9xico.<\/p>\n\n\n\n<p>La jefa del Ejecutivo apunt\u00f3 este lunes que concierne a Estados Unidos el combate a ese flagelo con respecto a funcionarios del vecino territorio norte\u00f1o, pues la problem\u00e1tica no resulta exclusiva de esta naci\u00f3n latinoamericana.<\/p>\n\n\n\n<p>\u201cEl tener gobiernos honestos, el que no haya corrupci\u00f3n en los gobiernos, pues es algo que le corresponde a cada Estado. Ahora, si hay una investigaci\u00f3n de alguna fiscal\u00eda a alg\u00fan servidor p\u00fablico en M\u00e9xico, lo que tiene que haber es pruebas claras y evidencias claras\u201d, enfatiz\u00f3.<\/p>\n\n\n\n<p>La mandataria record\u00f3 el caso del general Salvador Cienfuegos, detenido en 2020 en Estados Unidos por la Administraci\u00f3n para el Control de Drogas, y liberado posteriormente debido a la inexistencia de pruebas sobre alg\u00fan acto ilegal.<\/p>\n\n\n\n<p>Agreg\u00f3 que cualquier investigaci\u00f3n en el vecino del Norte contra una persona en M\u00e9xico \u201ctiene que tener pruebas revisadas por la Fiscal\u00eda General de la Rep\u00fablica\u201d.<\/p>\n\n\n\n<p>\u201cNo vamos a cubrir a nadie que tenga alguna evidencia de alg\u00fan delito, pero tiene que haber evidencias, porque si no, son otros temas los que estar\u00edan en esos casos\u201d, asever\u00f3 la gobernante, quien a\u00f1adi\u00f3 que tambi\u00e9n en aquel pa\u00eds deben revisar situaciones.<\/p>\n\n\n\n<p>En ese sentido, aludi\u00f3 Sheinbaum al caso de dos empresarios con doble nacionalidad se\u00f1alados por su relaci\u00f3n con el contrabando de combustibles en esta naci\u00f3n latinoamericana y las peticiones de M\u00e9xico para que se detengan.<\/p>\n\n\n\n<p>\u201cNosotros tambi\u00e9n pedimos all\u00e1 que se entregue a M\u00e9xico empresarios que se dedicaban a una ilegalidad. Entonces, ellos tienen que \u2013de acuerdo con la investigaci\u00f3n de la fiscal\u00eda-, detener a estas personas. No porque sean ciudadanos estadounidenses no tienen la obligaci\u00f3n de investigar\u201d, declar\u00f3.<\/p>\n\n\n\n<p>La publicaci\u00f3n del medio ocurre tras destaparse el caso de dos agentes estadounidenses que participaron en el desmantelamiento de un laboratorio en el norte\u00f1o estado de Chihuahua, sin conocimiento del gobierno federal, lo cual se supo tras un accidente en el cual fallecieron.<\/p>\n\n\n\n<p>De acuerdo con las autoridades, que pidieron explicaciones tanto a la Embajada norteamericana como a la administraci\u00f3n de Chihuahua, \u201cla legislaci\u00f3n mexicana es clara: no permite la participaci\u00f3n de agentes extranjeros en operaciones dentro del territorio nacional\u201d.<\/p>\n\n\n\n<p>oda\/las<\/p>\n\n\n\n<ul class=\"wp-block-list\">\n<li>#<a href=\"https:\/\/www.prensa-latina.cu\/etiqueta\/agentes\/\">agentes<\/a>\u00a0#<a href=\"https:\/\/www.prensa-latina.cu\/etiqueta\/corrupcion\/\">corrupci\u00f3n<\/a>\u00a0#<a href=\"https:\/\/www.prensa-latina.cu\/etiqueta\/eeuu\/\">eeuu<\/a>\u00a0#<a href=\"https:\/\/www.prensa-latina.cu\/etiqueta\/embajador\/\">embajador<\/a>\u00a0#<a href=\"https:\/\/www.prensa-latina.cu\/etiqueta\/mexico\/\">M\u00e9xico<\/a>\u00a0#<a href=\"https:\/\/www.prensa-latina.cu\/etiqueta\/sheinbaum\/\">sheinbaum<\/a><\/li>\n<\/ul>\n","protected":false},"excerpt":{"rendered":"<p>Ciudad de M\u00e9xico, 27 abr (Prensa Latina) La presidenta Claudia Sheinbaum afirm\u00f3 hoy que la lucha contra la corrupci\u00f3n en M\u00e9xico le corresponde a su Gobierno y a otras instancias del pa\u00eds, y subray\u00f3 que cualquier investigaci\u00f3n contra alguien debe incluir evidencias. \u201cLa lucha contra la corrupci\u00f3n le corresponde al gobierno de M\u00e9xico, a la [&hellip;]<\/p>\n","protected":false},"author":2,"featured_media":675656,"comment_status":"open","ping_status":"closed","sticky":false,"template":"","format":"standard","meta":{"footnotes":""},"categories":[23,27],"tags":[1444,246],"class_list":["post-675655","post","type-post","status-publish","format-standard","has-post-thumbnail","hentry","category-internacional","category-portada","tag-dra-claudia-sheinbaum-pardo","tag-mexico"],"_links":{"self":[{"href":"https:\/\/diariodominicano.com\/index.php?rest_route=\/wp\/v2\/posts\/675655","targetHints":{"allow":["GET"]}}],"collection":[{"href":"https:\/\/diariodominicano.com\/index.php?rest_route=\/wp\/v2\/posts"}],"about":[{"href":"https:\/\/diariodominicano.com\/index.php?rest_route=\/wp\/v2\/types\/post"}],"author":[{"embeddable":true,"href":"https:\/\/diariodominicano.com\/index.php?rest_route=\/wp\/v2\/users\/2"}],"replies":[{"embeddable":true,"href":"https:\/\/diariodominicano.com\/index.php?rest_route=%2Fwp%2Fv2%2Fcomments&post=675655"}],"version-history":[{"count":1,"href":"https:\/\/diariodominicano.com\/index.php?rest_route=\/wp\/v2\/posts\/675655\/revisions"}],"predecessor-version":[{"id":675657,"href":"https:\/\/diariodominicano.com\/index.php?rest_route=\/wp\/v2\/posts\/675655\/revisions\/675657"}],"wp:featuredmedia":[{"embeddable":true,"href":"https:\/\/diariodominicano.com\/index.php?rest_route=\/wp\/v2\/media\/675656"}],"wp:attachment":[{"href":"https:\/\/diariodominicano.com\/index.php?rest_route=%2Fwp%2Fv2%2Fmedia&parent=675655"}],"wp:term":[{"taxonomy":"category","embeddable":true,"href":"https:\/\/diariodominicano.com\/index.php?rest_route=%2Fwp%2Fv2%2Fcategories&post=675655"},{"taxonomy":"post_tag","embeddable":true,"href":"https:\/\/diariodominicano.com\/index.php?rest_route=%2Fwp%2Fv2%2Ftags&post=675655"}],"curies":[{"name":"wp","href":"https:\/\/api.w.org\/{rel}","templated":true}]}}