{"id":675650,"date":"2026-04-28T00:13:41","date_gmt":"2026-04-28T04:13:41","guid":{"rendered":"https:\/\/diariodominicano.com\/?p=675650"},"modified":"2026-04-28T00:13:47","modified_gmt":"2026-04-28T04:13:47","slug":"dura-critica-de-la-iglesia-argentina-a-milei-por-ferrea-censura","status":"publish","type":"post","link":"https:\/\/diariodominicano.com\/?p=675650","title":{"rendered":"Dura cr\u00edtica de la Iglesia argentina a Milei por f\u00e9rrea censura"},"content":{"rendered":"\n<p>Buenos Aires, 27 abr (Prensa Latina) El gobierno del presidente argentino, Javier Milei, mantuvo hoy la prohibici\u00f3n al ingreso a la Casa Rosada para los periodistas acreditados ante el Ejecutivo, decisi\u00f3n duramente criticada por la Iglesia cat\u00f3lica.<\/p>\n\n\n\n<ul class=\"wp-block-list\">\n<li><a href=\"https:\/\/www.prensa-latina.cu\/2026\/04\/27\/\"><time>abril 27, 2026 | 16:19<\/time><\/a><\/li>\n<\/ul>\n\n\n\n<ul class=\"wp-block-list\">\n<li><a href=\"https:\/\/www.prensa-latina.cu\/2026\/04\/27\/dura-critica-de-la-iglesia-argentina-a-milei-por-ferrea-censura\/#\"><\/a><\/li>\n\n\n\n<li><a href=\"https:\/\/www.prensa-latina.cu\/2026\/04\/27\/dura-critica-de-la-iglesia-argentina-a-milei-por-ferrea-censura\/#\"><\/a><\/li>\n\n\n\n<li><a href=\"https:\/\/www.prensa-latina.cu\/2026\/04\/27\/dura-critica-de-la-iglesia-argentina-a-milei-por-ferrea-censura\/#\"><\/a><\/li>\n\n\n\n<li><a href=\"https:\/\/www.prensa-latina.cu\/2026\/04\/27\/dura-critica-de-la-iglesia-argentina-a-milei-por-ferrea-censura\/#\"><\/a><\/li>\n<\/ul>\n\n\n\n<p>La acci\u00f3n la adopt\u00f3 el pasado jueves cuando tuvo programada la visita de Peter Thiel, el magnate norteamericano due\u00f1o de la empresa Palantir, a la que culpan por suministrar informaci\u00f3n equivocada de inteligencia artificial a las fuerzas armadas de Estados Unidos que provoc\u00f3 el ataque a una escuela iran\u00ed con saldo de casi 170 ni\u00f1as muertas.<\/p>\n\n\n\n<p>Seg\u00fan la Presidencia, la medida contra los periodistas que cubren las actividades del Gobierno en el Palacio de Balcarce 50 es preventiva. Frente a esta nueva avanzada libertaria la Iglesia emiti\u00f3 un duro comunicado y conden\u00f3 la violencia contra el periodismo.<\/p>\n\n\n\n<p>En el documento, difundido este lunes, la Conferencia Episcopal argentina repudi\u00f3 la decisi\u00f3n de suspender las acreditaciones de todos los trabajadores de prensa en Casa Rosada luego de una ins\u00f3lita denuncia de la Casa Militar por supuesto espionaje ilegal contra dos trabajadores de TN y remarc\u00f3 \u00ablo imperativo de erradicar discursos de odio\u00bb.<\/p>\n\n\n\n<p>El comunicado se public\u00f3 luego de la reuni\u00f3n que encabez\u00f3 el arzobispo de San Juan y presidente de la Comisi\u00f3n Episcopal de Comunicaci\u00f3n Social, monse\u00f1or Jorge Lozano, con representantes de periodistas acreditados en Casa de Gobierno.<\/p>\n\n\n\n<p>El texto expresa que en el encuentro los trabajadores de prensa manifestaron la importancia de la labor que realizan \u00abde modo pr\u00e1cticamente ininterrumpido desde 1940\u00bb, incluidos tres per\u00edodos de dictadura.<\/p>\n\n\n\n<p>Adem\u00e1s reafirmaron la necesidad de respetar el derecho a trabajar, a la libre expresi\u00f3n y a la informaci\u00f3n responsable a la sociedad.<\/p>\n\n\n\n<p>A su vez, hicieron especial \u00e9nfasis en el cuidado de los principios Constitucionales y los valores afectados en estas circunstancias.<\/p>\n\n\n\n<p>Paralelamente, trascendi\u00f3 que el Juzgado Contencioso Administrativo Federal N\u00b0 10 comenz\u00f3 a analizar el amparo judicial que present\u00f3 el diario \u00c1mbito Financiero contra la extorsiva prohibici\u00f3n que adopt\u00f3 la Presidencia.<\/p>\n\n\n\n<p>Ese medio reclam\u00f3 ante la justicia que la medida del ejecutivo vulnera derechos constitucionales como la libertad de prensa, el derecho a trabajar y el principio de igualdad ante la ley. oda\/mh<\/p>\n\n\n\n<ul class=\"wp-block-list\">\n<li>#<a href=\"https:\/\/www.prensa-latina.cu\/etiqueta\/iglesia\/\">iglesia<\/a>\u00a0#<a href=\"https:\/\/www.prensa-latina.cu\/etiqueta\/prensa\/\">prensa<\/a><\/li>\n<\/ul>\n","protected":false},"excerpt":{"rendered":"<p>Buenos Aires, 27 abr (Prensa Latina) El gobierno del presidente argentino, Javier Milei, mantuvo hoy la prohibici\u00f3n al ingreso a la Casa Rosada para los periodistas acreditados ante el Ejecutivo, decisi\u00f3n duramente criticada por la Iglesia cat\u00f3lica. La acci\u00f3n la adopt\u00f3 el pasado jueves cuando tuvo programada la visita de Peter Thiel, el magnate norteamericano [&hellip;]<\/p>\n","protected":false},"author":2,"featured_media":675651,"comment_status":"open","ping_status":"closed","sticky":false,"template":"","format":"standard","meta":{"footnotes":""},"categories":[23],"tags":[5695],"class_list":["post-675650","post","type-post","status-publish","format-standard","has-post-thumbnail","hentry","category-internacional","tag-dura-critica-de-la-iglesia-argentina-a-milei-por-ferrea-censura"],"_links":{"self":[{"href":"https:\/\/diariodominicano.com\/index.php?rest_route=\/wp\/v2\/posts\/675650","targetHints":{"allow":["GET"]}}],"collection":[{"href":"https:\/\/diariodominicano.com\/index.php?rest_route=\/wp\/v2\/posts"}],"about":[{"href":"https:\/\/diariodominicano.com\/index.php?rest_route=\/wp\/v2\/types\/post"}],"author":[{"embeddable":true,"href":"https:\/\/diariodominicano.com\/index.php?rest_route=\/wp\/v2\/users\/2"}],"replies":[{"embeddable":true,"href":"https:\/\/diariodominicano.com\/index.php?rest_route=%2Fwp%2Fv2%2Fcomments&post=675650"}],"version-history":[{"count":1,"href":"https:\/\/diariodominicano.com\/index.php?rest_route=\/wp\/v2\/posts\/675650\/revisions"}],"predecessor-version":[{"id":675652,"href":"https:\/\/diariodominicano.com\/index.php?rest_route=\/wp\/v2\/posts\/675650\/revisions\/675652"}],"wp:featuredmedia":[{"embeddable":true,"href":"https:\/\/diariodominicano.com\/index.php?rest_route=\/wp\/v2\/media\/675651"}],"wp:attachment":[{"href":"https:\/\/diariodominicano.com\/index.php?rest_route=%2Fwp%2Fv2%2Fmedia&parent=675650"}],"wp:term":[{"taxonomy":"category","embeddable":true,"href":"https:\/\/diariodominicano.com\/index.php?rest_route=%2Fwp%2Fv2%2Fcategories&post=675650"},{"taxonomy":"post_tag","embeddable":true,"href":"https:\/\/diariodominicano.com\/index.php?rest_route=%2Fwp%2Fv2%2Ftags&post=675650"}],"curies":[{"name":"wp","href":"https:\/\/api.w.org\/{rel}","templated":true}]}}