{"id":675645,"date":"2026-04-27T17:42:46","date_gmt":"2026-04-27T21:42:46","guid":{"rendered":"https:\/\/diariodominicano.com\/?p=675645"},"modified":"2026-04-27T17:42:49","modified_gmt":"2026-04-27T21:42:49","slug":"director-provincial-de-deportes-miderec-santiago-entrega-utileria-para-jugar-beisbol","status":"publish","type":"post","link":"https:\/\/diariodominicano.com\/?p=675645","title":{"rendered":"Director provincial de deportes MIDEREC-Santiago entrega utiler\u00eda para jugar b\u00e9isbol"},"content":{"rendered":"\n<p><strong>SANTIAGO DE LOS CABALLEROS, Santiago, Rep\u00fablica Dominicana (27-04<\/strong><strong>-2026).-&nbsp;Por instrucci\u00f3n del ministro de deportes, Kelvin Cruz, el director provincial de deportes, MIDEREC-Santiago, Ram\u00f3n Antonio Pe\u00f1a Rodr\u00edguez (Tony), entreg\u00f3 utiler\u00eda para jugar b\u00e9isbol a varias entidades del sector El Ensue\u00f1o.<\/strong><\/p>\n\n\n\n<p><strong>El se\u00f1or Pe\u00f1a Rodr\u00edguez, recientemente, se traslad\u00f3 a ese barrio, en el que trabajan las ligas de b\u00e9isbol, Manny Cruz y Luis Puello, entrenando ni\u00f1os y j\u00f3venes aspirantes a peloteros.<\/strong><\/p>\n\n\n\n<p><strong>All\u00ed, el funcionario del deporte, al hacer entrega de la utiler\u00eda, signific\u00f3 el inter\u00e9s del ministro, Kevin Cruz, en el progreso de ese tipo de entidades que laboran capacitando a la juventud en sus disciplinas preferidas, haci\u00e9ndolos hombres y mujeres de bien para la sociedad.<\/strong><\/p>\n\n\n\n<p><strong>Las entidades son dirigidas por los se\u00f1ores, Manny de la Cruz y Luis Puello, quienes, al un\u00edsono, se mostraron complacidos con la ayuda recibida, agradeci\u00e9ndola a cabalidad.<\/strong><\/p>\n\n\n\n<p><strong>Y agregaron: \u201cEs una suerte tener un ministro de deportes como el se\u00f1or Cruz, que mira precisamente a entidades peque\u00f1as, lo que nos hace grandes, y, al se\u00f1or Pe\u00f1a Rodr\u00edguez, que nos ofrece confianza pues est\u00e1 cerca todo el tiempo. Gracias, gracias\u201d.<\/strong><\/p>\n\n\n\n<p><strong>Oscar Polanco &lt;oscarpolanco.santiagord@gmail.com&gt;<\/strong><\/p>\n","protected":false},"excerpt":{"rendered":"<p>SANTIAGO DE LOS CABALLEROS, Santiago, Rep\u00fablica Dominicana (27-04-2026).-&nbsp;Por instrucci\u00f3n del ministro de deportes, Kelvin Cruz, el director provincial de deportes, MIDEREC-Santiago, Ram\u00f3n Antonio Pe\u00f1a Rodr\u00edguez (Tony), entreg\u00f3 utiler\u00eda para jugar b\u00e9isbol a varias entidades del sector El Ensue\u00f1o. El se\u00f1or Pe\u00f1a Rodr\u00edguez, recientemente, se traslad\u00f3 a ese barrio, en el que trabajan las ligas de [&hellip;]<\/p>\n","protected":false},"author":7,"featured_media":675646,"comment_status":"closed","ping_status":"closed","sticky":false,"template":"","format":"standard","meta":{"footnotes":""},"categories":[17],"tags":[249,226],"class_list":["post-675645","post","type-post","status-publish","format-standard","has-post-thumbnail","hentry","category-deportes","tag-miderec","tag-santiago"],"_links":{"self":[{"href":"https:\/\/diariodominicano.com\/index.php?rest_route=\/wp\/v2\/posts\/675645","targetHints":{"allow":["GET"]}}],"collection":[{"href":"https:\/\/diariodominicano.com\/index.php?rest_route=\/wp\/v2\/posts"}],"about":[{"href":"https:\/\/diariodominicano.com\/index.php?rest_route=\/wp\/v2\/types\/post"}],"author":[{"embeddable":true,"href":"https:\/\/diariodominicano.com\/index.php?rest_route=\/wp\/v2\/users\/7"}],"replies":[{"embeddable":true,"href":"https:\/\/diariodominicano.com\/index.php?rest_route=%2Fwp%2Fv2%2Fcomments&post=675645"}],"version-history":[{"count":1,"href":"https:\/\/diariodominicano.com\/index.php?rest_route=\/wp\/v2\/posts\/675645\/revisions"}],"predecessor-version":[{"id":675647,"href":"https:\/\/diariodominicano.com\/index.php?rest_route=\/wp\/v2\/posts\/675645\/revisions\/675647"}],"wp:featuredmedia":[{"embeddable":true,"href":"https:\/\/diariodominicano.com\/index.php?rest_route=\/wp\/v2\/media\/675646"}],"wp:attachment":[{"href":"https:\/\/diariodominicano.com\/index.php?rest_route=%2Fwp%2Fv2%2Fmedia&parent=675645"}],"wp:term":[{"taxonomy":"category","embeddable":true,"href":"https:\/\/diariodominicano.com\/index.php?rest_route=%2Fwp%2Fv2%2Fcategories&post=675645"},{"taxonomy":"post_tag","embeddable":true,"href":"https:\/\/diariodominicano.com\/index.php?rest_route=%2Fwp%2Fv2%2Ftags&post=675645"}],"curies":[{"name":"wp","href":"https:\/\/api.w.org\/{rel}","templated":true}]}}