{"id":675619,"date":"2026-04-27T15:49:06","date_gmt":"2026-04-27T19:49:06","guid":{"rendered":"https:\/\/diariodominicano.com\/?p=675619"},"modified":"2026-04-27T15:49:15","modified_gmt":"2026-04-27T19:49:15","slug":"accidente-de-avanzada-presidencial-deja-tres-heridos-en-dominicana","status":"publish","type":"post","link":"https:\/\/diariodominicano.com\/?p=675619","title":{"rendered":"Accidente de avanzada presidencial deja tres heridos en Dominicana"},"content":{"rendered":"\n<p>diariodominicano.com<\/p>\n\n\n\n<p>Santo Domingo, 27 abr (Prensa Latina) Tres personas resultaron heridas hoy tras un accidente de tr\u00e1nsito que involucr\u00f3 a miembros de la avanzada del presidente dominicano, Luis Abinader, ocurrido en el tramo carretero Maim\u00f3n\u2013Puerto Plata.<\/p>\n\n\n\n<p>De acuerdo con la Presidencia, los lesionados son dos miembros del Cuerpo de Seguridad Presidencial y un ciudadano, quienes presentan diversos traumas y fueron trasladados a centros de salud cercanos, donde reciben atenciones m\u00e9dicas.<\/p>\n\n\n\n<p>El incidente se produjo en horas de la ma\u00f1ana, mientras el equipo de seguridad se dirig\u00eda hacia una actividad oficial en Puerto Plata (en la costa norte del pa\u00eds).<\/p>\n\n\n\n<p>Im\u00e1genes del lugar muestran los veh\u00edculos involucrados volcados en una ca\u00f1ada a un lado de la v\u00eda.<\/p>\n\n\n\n<p>Las autoridades precisaron que el mandatario no se encontraba en la caravana al momento del accidente.<\/p>\n\n\n\n<p>lam\/mpv<\/p>\n","protected":false},"excerpt":{"rendered":"<p>diariodominicano.com Santo Domingo, 27 abr (Prensa Latina) Tres personas resultaron heridas hoy tras un accidente de tr\u00e1nsito que involucr\u00f3 a miembros de la avanzada del presidente dominicano, Luis Abinader, ocurrido en el tramo carretero Maim\u00f3n\u2013Puerto Plata. De acuerdo con la Presidencia, los lesionados son dos miembros del Cuerpo de Seguridad Presidencial y un ciudadano, quienes [&hellip;]<\/p>\n","protected":false},"author":5,"featured_media":675621,"comment_status":"closed","ping_status":"closed","sticky":false,"template":"","format":"standard","meta":{"footnotes":""},"categories":[20,27],"tags":[],"class_list":["post-675619","post","type-post","status-publish","format-standard","has-post-thumbnail","hentry","category-dominicana-hoy","category-portada"],"_links":{"self":[{"href":"https:\/\/diariodominicano.com\/index.php?rest_route=\/wp\/v2\/posts\/675619","targetHints":{"allow":["GET"]}}],"collection":[{"href":"https:\/\/diariodominicano.com\/index.php?rest_route=\/wp\/v2\/posts"}],"about":[{"href":"https:\/\/diariodominicano.com\/index.php?rest_route=\/wp\/v2\/types\/post"}],"author":[{"embeddable":true,"href":"https:\/\/diariodominicano.com\/index.php?rest_route=\/wp\/v2\/users\/5"}],"replies":[{"embeddable":true,"href":"https:\/\/diariodominicano.com\/index.php?rest_route=%2Fwp%2Fv2%2Fcomments&post=675619"}],"version-history":[{"count":1,"href":"https:\/\/diariodominicano.com\/index.php?rest_route=\/wp\/v2\/posts\/675619\/revisions"}],"predecessor-version":[{"id":675622,"href":"https:\/\/diariodominicano.com\/index.php?rest_route=\/wp\/v2\/posts\/675619\/revisions\/675622"}],"wp:featuredmedia":[{"embeddable":true,"href":"https:\/\/diariodominicano.com\/index.php?rest_route=\/wp\/v2\/media\/675621"}],"wp:attachment":[{"href":"https:\/\/diariodominicano.com\/index.php?rest_route=%2Fwp%2Fv2%2Fmedia&parent=675619"}],"wp:term":[{"taxonomy":"category","embeddable":true,"href":"https:\/\/diariodominicano.com\/index.php?rest_route=%2Fwp%2Fv2%2Fcategories&post=675619"},{"taxonomy":"post_tag","embeddable":true,"href":"https:\/\/diariodominicano.com\/index.php?rest_route=%2Fwp%2Fv2%2Ftags&post=675619"}],"curies":[{"name":"wp","href":"https:\/\/api.w.org\/{rel}","templated":true}]}}