{"id":675612,"date":"2026-04-27T15:32:11","date_gmt":"2026-04-27T19:32:11","guid":{"rendered":"https:\/\/diariodominicano.com\/?p=675612"},"modified":"2026-04-27T15:32:22","modified_gmt":"2026-04-27T19:32:22","slug":"rd-y-hungria-firman-acuerdo-aereo-para-promover-la-conectividad","status":"publish","type":"post","link":"https:\/\/diariodominicano.com\/?p=675612","title":{"rendered":"RD y Hungr\u00eda firman acuerdo a\u00e9reo para promover la conectividad"},"content":{"rendered":"\n<p>diariodominicano.com<\/p>\n\n\n\n<p>Santo\u00a0Domingo, R. D.,  27 de abril, 2026.\u2013\u00a0Tras a\u00f1os de negociaciones t\u00e9cnicas, los Gobiernos de la\u00a0<strong>Rep\u00fablica Dominicana y Hungr\u00eda<\/strong>\u00a0avanzan en la formalizaci\u00f3n de acuerdos para fortalecer las\u00a0<strong>relaciones aerocomerciales\u00a0<\/strong>entre ambos pa\u00edses.\u00a0<\/p>\n\n\n\n<p>El proceso de firma de los instrumentos que buscan&nbsp;<strong>impulsar los servicios a\u00e9reos binacionales<\/strong>&nbsp;se llev\u00f3 a cabo en una reuni\u00f3n este 27 de abril de 2026, en la sede de la&nbsp;<strong>Junta de Aviaci\u00f3n Civil<\/strong>&nbsp;(JAC).&nbsp;<\/p>\n\n\n\n<p>Durante el encuentro, las autoridades de las partes desarrollaron la negociaci\u00f3n y firma de un&nbsp;<strong>memor\u00e1ndum de entendimiento<\/strong>&nbsp;(MOU), como paso previo a la r\u00fabrica de un&nbsp;<strong>Acuerdo de Servicios A\u00e9reos<\/strong>&nbsp;(ASA), marcando un avance decisivo en el fortalecimiento de sus relaciones bilaterales.&nbsp;<\/p>\n\n\n\n<p>Con estos convenios se establece un&nbsp;<strong>marco moderno y flexible<\/strong>&nbsp;para las operaciones a\u00e9reas, permitiendo a las aerol\u00edneas definir rutas, frecuencias y tarifas bajo criterios de mercado, lo que facilita una&nbsp;<strong>mayor conectividad<\/strong>&nbsp;entre ambos pa\u00edses.&nbsp;<\/p>\n\n\n\n<p>La delegaci\u00f3n dominicana estuvo encabezada por&nbsp;<strong>H\u00e9ctor&nbsp;<\/strong><strong>Porcella<\/strong>, presidente de la&nbsp;<strong>JAC<\/strong>, acompa\u00f1ado por la comisi\u00f3n de acuerdos que recibi\u00f3 a la delegaci\u00f3n de Hungr\u00eda, presidida por el&nbsp;<strong>Dr.&nbsp;<\/strong><strong>M\u00e1t\u00e9<\/strong><strong>&nbsp;<\/strong><strong>L\u0151winger<\/strong>, director de la Direcci\u00f3n General de Aviaci\u00f3n Civil de Hungr\u00eda (DGAC), acompa\u00f1ado por su asesor,&nbsp;<strong>Bendeg\u00faz<\/strong><strong>&nbsp;<\/strong><strong>J\u00e1nos<\/strong><strong>&nbsp;<\/strong><strong>Jagodics<\/strong><strong>,<\/strong>&nbsp;y&nbsp;<strong>Bal\u00e1zs&nbsp;<\/strong><strong>Heincz<\/strong>, embajador de la Rep\u00fablica de Hungr\u00eda en Cuba, concurrente en la Rep\u00fablica Dominicana.&nbsp;<\/p>\n\n\n\n<p>En febrero de 2019, las partes revisaron&nbsp;&nbsp;dicho instrumento, concluyendo la conveniencia de avanzar hacia un acuerdo formal actualizado que&nbsp;<strong>regule los servicios a\u00e9reos bilaterales.<\/strong>&nbsp;<\/p>\n\n\n\n<p><strong><\/strong>Datos del&nbsp;<strong>Banco Central de la Rep\u00fablica Dominicana<\/strong>&nbsp;indican que entre 2019 y febrero de 2026 unos&nbsp;<strong>52,000 pasajeros h\u00fangaros<\/strong>&nbsp;visitaron el pa\u00eds, cuyos registros evidencian un mercado con alto potencial para el desarrollo de rutas m\u00e1s eficientes e incluso directas.&nbsp;<\/p>\n\n\n\n<p>Estos acuerdos representan una oportunidad estrat\u00e9gica para fortalecer el&nbsp;<strong>turismo, el comercio, la inversi\u00f3n y los v\u00ednculos bilaterales,<\/strong>&nbsp;al tiempo que posicionan a la Rep\u00fablica Dominicana como un&nbsp;hub&nbsp;clave de conectividad a\u00e9rea&nbsp;<strong>hacia Europa<\/strong>&nbsp;y otros destinos no tradicionales.&nbsp;<\/p>\n\n\n\n<p><a href=\"https:\/\/presidencia.gob.do\/taxonomy\/term\/317\">JAC<\/a><\/p>\n","protected":false},"excerpt":{"rendered":"<p>diariodominicano.com Santo\u00a0Domingo, R. D., 27 de abril, 2026.\u2013\u00a0Tras a\u00f1os de negociaciones t\u00e9cnicas, los Gobiernos de la\u00a0Rep\u00fablica Dominicana y Hungr\u00eda\u00a0avanzan en la formalizaci\u00f3n de acuerdos para fortalecer las\u00a0relaciones aerocomerciales\u00a0entre ambos pa\u00edses.\u00a0 El proceso de firma de los instrumentos que buscan&nbsp;impulsar los servicios a\u00e9reos binacionales&nbsp;se llev\u00f3 a cabo en una reuni\u00f3n este 27 de abril de 2026, [&hellip;]<\/p>\n","protected":false},"author":5,"featured_media":675614,"comment_status":"closed","ping_status":"closed","sticky":false,"template":"","format":"standard","meta":{"footnotes":""},"categories":[20,27],"tags":[],"class_list":["post-675612","post","type-post","status-publish","format-standard","has-post-thumbnail","hentry","category-dominicana-hoy","category-portada"],"_links":{"self":[{"href":"https:\/\/diariodominicano.com\/index.php?rest_route=\/wp\/v2\/posts\/675612","targetHints":{"allow":["GET"]}}],"collection":[{"href":"https:\/\/diariodominicano.com\/index.php?rest_route=\/wp\/v2\/posts"}],"about":[{"href":"https:\/\/diariodominicano.com\/index.php?rest_route=\/wp\/v2\/types\/post"}],"author":[{"embeddable":true,"href":"https:\/\/diariodominicano.com\/index.php?rest_route=\/wp\/v2\/users\/5"}],"replies":[{"embeddable":true,"href":"https:\/\/diariodominicano.com\/index.php?rest_route=%2Fwp%2Fv2%2Fcomments&post=675612"}],"version-history":[{"count":1,"href":"https:\/\/diariodominicano.com\/index.php?rest_route=\/wp\/v2\/posts\/675612\/revisions"}],"predecessor-version":[{"id":675615,"href":"https:\/\/diariodominicano.com\/index.php?rest_route=\/wp\/v2\/posts\/675612\/revisions\/675615"}],"wp:featuredmedia":[{"embeddable":true,"href":"https:\/\/diariodominicano.com\/index.php?rest_route=\/wp\/v2\/media\/675614"}],"wp:attachment":[{"href":"https:\/\/diariodominicano.com\/index.php?rest_route=%2Fwp%2Fv2%2Fmedia&parent=675612"}],"wp:term":[{"taxonomy":"category","embeddable":true,"href":"https:\/\/diariodominicano.com\/index.php?rest_route=%2Fwp%2Fv2%2Fcategories&post=675612"},{"taxonomy":"post_tag","embeddable":true,"href":"https:\/\/diariodominicano.com\/index.php?rest_route=%2Fwp%2Fv2%2Ftags&post=675612"}],"curies":[{"name":"wp","href":"https:\/\/api.w.org\/{rel}","templated":true}]}}