{"id":675611,"date":"2026-04-27T17:32:27","date_gmt":"2026-04-27T21:32:27","guid":{"rendered":"https:\/\/diariodominicano.com\/?p=675611"},"modified":"2026-04-27T17:32:35","modified_gmt":"2026-04-27T21:32:35","slug":"las-familias-dominicanas-viven-con-miedo","status":"publish","type":"post","link":"https:\/\/diariodominicano.com\/?p=675611","title":{"rendered":"Las Familias Dominicanas Viven con Miedo"},"content":{"rendered":"\n<p><strong>PLD&nbsp;denuncia crisis de violencia, inseguridad ciudadana y ausencia de plan de prevenci\u00f3n de parte del Gobierno &nbsp;<\/strong><\/p>\n\n\n\n<p><strong>La Comisi\u00f3n de Defensa y Seguridad del Partido de la Liberaci\u00f3n Dominicana (PLD)&nbsp;expres\u00f3 su preocupaci\u00f3n por el deterioro de la seguridad ciudadana y la violencia que se ha instalado en la vida cotidiana.<\/strong><\/p>\n\n\n\n<p><strong>En ese sentido, reprocha la falta de respuestas efectivas de las autoridades, frente a una realidad que no puede ocultarse detr\u00e1s de discursos oficiales ni de cifras imprecisas, sin el debido soporte t\u00e9cnico.<\/strong><\/p>\n\n\n\n<figure class=\"wp-block-gallery has-nested-images columns-default is-cropped wp-block-gallery-1 is-layout-flex wp-block-gallery-is-layout-flex\">\n<figure class=\"wp-block-image size-large\"><img loading=\"lazy\" decoding=\"async\" width=\"1024\" height=\"634\" data-id=\"675642\" src=\"https:\/\/diariodominicano.com\/wp-content\/uploads\/2026\/04\/Las-Familias-Dominicanas-Viven-con-Miedo-PLD-denuncia-crisis-de-violencia-inseguridad-1024x634.jpg\" alt=\"\" class=\"wp-image-675642\" srcset=\"https:\/\/diariodominicano.com\/wp-content\/uploads\/2026\/04\/Las-Familias-Dominicanas-Viven-con-Miedo-PLD-denuncia-crisis-de-violencia-inseguridad-1024x634.jpg 1024w, https:\/\/diariodominicano.com\/wp-content\/uploads\/2026\/04\/Las-Familias-Dominicanas-Viven-con-Miedo-PLD-denuncia-crisis-de-violencia-inseguridad-300x186.jpg 300w, https:\/\/diariodominicano.com\/wp-content\/uploads\/2026\/04\/Las-Familias-Dominicanas-Viven-con-Miedo-PLD-denuncia-crisis-de-violencia-inseguridad-768x476.jpg 768w, https:\/\/diariodominicano.com\/wp-content\/uploads\/2026\/04\/Las-Familias-Dominicanas-Viven-con-Miedo-PLD-denuncia-crisis-de-violencia-inseguridad-816x505.jpg 816w, https:\/\/diariodominicano.com\/wp-content\/uploads\/2026\/04\/Las-Familias-Dominicanas-Viven-con-Miedo-PLD-denuncia-crisis-de-violencia-inseguridad.jpg 1200w\" sizes=\"auto, (max-width: 1024px) 100vw, 1024px\" \/><\/figure>\n<\/figure>\n\n\n\n<p><strong>\u201cNos preocupa que el Gobierno insista en\u00a0 vender como logro una supuesta reducci\u00f3n de la\u00a0 \u00a0 criminalidad, mientras las familias dominicanas\u00a0 viven con miedo, los comerciantes cierran sus negocios por incertidumbre, los ciudadanos son v\u00edctimas de robos y hurtos a plena luz del d\u00eda\u201d, declar\u00f3 Yineuri D\u00edaz, subsecretaria de la Comisi\u00f3n de Defensa y Seguridad del PLD, vocera en la rueda de prensa en la que particip\u00f3 ,\u00a0 Sigfrido Pared P\u00e9rez, titular de la\u00a0 Comisi\u00f3n de Defensa y Seguridad, los miembros del Comit\u00e9 Pol\u00edtico, Richard Medina y El\u00edas Cornelio y el subsecretario de Defensa y Seguridad, Geovanny Gonz\u00e1lez.<\/strong><\/p>\n\n\n\n<figure class=\"wp-block-gallery has-nested-images columns-default is-cropped wp-block-gallery-2 is-layout-flex wp-block-gallery-is-layout-flex\">\n<figure class=\"wp-block-image size-large\"><img loading=\"lazy\" decoding=\"async\" width=\"1024\" height=\"520\" data-id=\"675641\" src=\"https:\/\/diariodominicano.com\/wp-content\/uploads\/2026\/04\/Las-Familias-Dominicanas-Viven-con-Miedo-1024x520.jpg\" alt=\"\" class=\"wp-image-675641\" srcset=\"https:\/\/diariodominicano.com\/wp-content\/uploads\/2026\/04\/Las-Familias-Dominicanas-Viven-con-Miedo-1024x520.jpg 1024w, https:\/\/diariodominicano.com\/wp-content\/uploads\/2026\/04\/Las-Familias-Dominicanas-Viven-con-Miedo-300x152.jpg 300w, https:\/\/diariodominicano.com\/wp-content\/uploads\/2026\/04\/Las-Familias-Dominicanas-Viven-con-Miedo-768x390.jpg 768w, https:\/\/diariodominicano.com\/wp-content\/uploads\/2026\/04\/Las-Familias-Dominicanas-Viven-con-Miedo-816x414.jpg 816w, https:\/\/diariodominicano.com\/wp-content\/uploads\/2026\/04\/Las-Familias-Dominicanas-Viven-con-Miedo.jpg 1200w\" sizes=\"auto, (max-width: 1024px) 100vw, 1024px\" \/><\/figure>\n<\/figure>\n\n\n\n<p><strong>Yineuri D\u00edaz, exponiendo el documento entregado a la prensa, indic\u00f3 que el Gobierno afirma que la tasa de homicidios por cada 100,000 habitantes fue de 8.15 en el a\u00f1o 2025, sin embargo, esa cifra no tiene soporte t\u00e9cnico verificable.<\/strong><\/p>\n\n\n\n<p><strong>\u201cLa Procuradur\u00eda General de la Rep\u00fablica solo dispone de datos hasta 2024, los cuales muestran una tasa de 12.7, mientras el propio Gobierno inform\u00f3 9.7 para ese mismo per\u00edodo\u201d, se\u00f1ala la integrante del Comit\u00e9 Central del PLD.<\/strong><\/p>\n\n\n\n<p><strong>Manifiesta que tan preocupante como el aumento de la criminalidad y las muertes por este flagelo, es que el 59% de las muertes violentas se producen en conflictos sociales cotidianos, seg\u00fan datos de la propia Procuradora General de la Rep\u00fablica.<\/strong><\/p>\n\n\n\n<p><strong>La especialista en defensa y seguridad nacional expuso que a esto se suma una autoridad preventiva ausente; la llamada \u201cReforma Policial\u201d que no ha logrado construir protocolos eficaces para intervenir antes de que la violencia termine en tragedia, incluso en sus mismos destacamentos policiales.<\/strong><\/p>\n\n\n\n<p><strong>En ese orden, inform\u00f3 que, en el primer trimestre de 2026, la Polic\u00eda Nacional mat\u00f3 a 51 personas. Todos esos casos fueron clasificados institucionalmente como \u00abintercambios de disparos\u00bb y que, sin embargo, investigaciones period\u00edsticas rigurosas apuntan a que una cantidad importante de esos episodios presentan indicios de ejecuciones extrajudiciales.<\/strong><\/p>\n\n\n\n<p><strong>Debido a la falta de resultados de las autoridades y el incremento de la violencia y los ajusticiamientos extrajudiciales, el PLD solicita una serie de medidas que van desde publicar datos verificables y con metodolog\u00eda transparente hasta revisar con seriedad t\u00e9cnica el proyecto de Ley policial.<\/strong><\/p>\n\n\n\n<p><strong>Concluy\u00f3 destacando que la Rep\u00fablica Dominicana necesita seguridad con transparencia, prevenci\u00f3n con resultados, autoridad con legalidad y una reforma policial que deje de ser un lema para convertirse en una realidad palpable en cada barrio, en cada comunidad, en cada negocio y en cada hogar.<\/strong><\/p>\n\n\n\n<p><strong>SECRETARIA DE COMUNICACIONES<\/strong><\/p>\n","protected":false},"excerpt":{"rendered":"<p>PLD&nbsp;denuncia crisis de violencia, inseguridad ciudadana y ausencia de plan de prevenci\u00f3n de parte del Gobierno &nbsp; La Comisi\u00f3n de Defensa y Seguridad del Partido de la Liberaci\u00f3n Dominicana (PLD)&nbsp;expres\u00f3 su preocupaci\u00f3n por el deterioro de la seguridad ciudadana y la violencia que se ha instalado en la vida cotidiana. En ese sentido, reprocha la [&hellip;]<\/p>\n","protected":false},"author":7,"featured_media":675643,"comment_status":"closed","ping_status":"closed","sticky":false,"template":"","format":"standard","meta":{"footnotes":""},"categories":[22],"tags":[175],"class_list":["post-675611","post","type-post","status-publish","format-standard","has-post-thumbnail","hentry","category-politica","tag-pld"],"_links":{"self":[{"href":"https:\/\/diariodominicano.com\/index.php?rest_route=\/wp\/v2\/posts\/675611","targetHints":{"allow":["GET"]}}],"collection":[{"href":"https:\/\/diariodominicano.com\/index.php?rest_route=\/wp\/v2\/posts"}],"about":[{"href":"https:\/\/diariodominicano.com\/index.php?rest_route=\/wp\/v2\/types\/post"}],"author":[{"embeddable":true,"href":"https:\/\/diariodominicano.com\/index.php?rest_route=\/wp\/v2\/users\/7"}],"replies":[{"embeddable":true,"href":"https:\/\/diariodominicano.com\/index.php?rest_route=%2Fwp%2Fv2%2Fcomments&post=675611"}],"version-history":[{"count":1,"href":"https:\/\/diariodominicano.com\/index.php?rest_route=\/wp\/v2\/posts\/675611\/revisions"}],"predecessor-version":[{"id":675644,"href":"https:\/\/diariodominicano.com\/index.php?rest_route=\/wp\/v2\/posts\/675611\/revisions\/675644"}],"wp:featuredmedia":[{"embeddable":true,"href":"https:\/\/diariodominicano.com\/index.php?rest_route=\/wp\/v2\/media\/675643"}],"wp:attachment":[{"href":"https:\/\/diariodominicano.com\/index.php?rest_route=%2Fwp%2Fv2%2Fmedia&parent=675611"}],"wp:term":[{"taxonomy":"category","embeddable":true,"href":"https:\/\/diariodominicano.com\/index.php?rest_route=%2Fwp%2Fv2%2Fcategories&post=675611"},{"taxonomy":"post_tag","embeddable":true,"href":"https:\/\/diariodominicano.com\/index.php?rest_route=%2Fwp%2Fv2%2Ftags&post=675611"}],"curies":[{"name":"wp","href":"https:\/\/api.w.org\/{rel}","templated":true}]}}