{"id":675608,"date":"2026-04-27T15:56:45","date_gmt":"2026-04-27T19:56:45","guid":{"rendered":"https:\/\/diariodominicano.com\/?p=675608"},"modified":"2026-04-27T15:56:49","modified_gmt":"2026-04-27T19:56:49","slug":"san-juan-acata-paro-de-labores-en-rechazo-a-actividad-minera-en-la-provincia","status":"publish","type":"post","link":"https:\/\/diariodominicano.com\/?p=675608","title":{"rendered":"San Juan acata paro de labores en rechazo a actividad minera en la provincia"},"content":{"rendered":"\n<p>Comunitarios alegan que en fase de ejecuci\u00f3n el proyecto contaminar\u00eda r\u00edos y afluentes.<\/p>\n\n\n\n<p>Comunitarios de diversas localidades de la sure\u00f1a provincia&nbsp;San Juan&nbsp;acataron este lunes el llamado a paro en rechazo a la actividad minera en esa demarcaci\u00f3n, al asegurar que dichas acciones afectar\u00eda el agua de la zona.<\/p>\n\n\n\n<p>A trav\u00e9s de videos publicados por usuarios en redes sociales, se pueden apreciar&nbsp;comercios cerrados y residentes minando las calles&nbsp;con consignas en contra de la empresa GoldQuest y el Proyecto Romero.<\/p>\n\n\n\n<p>En las im\u00e1genes tambi\u00e9n se pueden apreciar quemas de neum\u00e1ticos.<\/p>\n\n\n\n<p>Las oficinas p\u00fablicas se mantienen abiertas y con muy poca afluencia de personas, seg\u00fan pudo saber este diario.<\/p>\n\n\n\n<p>Una de las principales consignas de quienes est\u00e1n opuestos a la explotaci\u00f3n minera es que se evite lo sucedido en la provincia S\u00e1nchez Ram\u00edrez, donde opera la minera Barrick Gold.<\/p>\n\n\n\n<p>Comunitarios de esa provincia han denunciado el mal manejo de los fondos que le corresponden a la demarcaci\u00f3n y la contaminaci\u00f3n de sus aguas.<\/p>\n\n\n\n<p>En el distrito municipal de Sabaneta, que queda en ruta hacia la posible explotaci\u00f3n minera, fueron incendiados neumaticos en se\u00f1al de protesta.<\/p>\n\n\n\n<p>Tambi\u00e9n se registraron protestas en el kil\u00f3metro 9 del distrito municipal La Sanja.<\/p>\n\n\n\n<p>En la provincia, la&nbsp;Asociaci\u00f3n Dominicana de Profesores (ADP)&nbsp;llam\u00f3 a suspensi\u00f3n de docencia en los centros educativos p\u00fablicos, durante la huelga.<\/p>\n\n\n\n<p>El&nbsp;Proyecto Romero&nbsp;contempla la explotaci\u00f3n minera de oro y cobre en esa provincia y se espera por el estudio de impacto ambiental para evaluar la factibilidad de la utilizaci\u00f3n de esos recursos.<\/p>\n\n\n\n<p>Comunitarios alegan que&nbsp;en fase de ejecuci\u00f3n el proyecto contaminar\u00eda r\u00edos y afluentes.&nbsp;<\/p>\n\n\n\n<p>En marcha est\u00e1n los estudios ambientales y autoridades como la primera dama de la Rep\u00fablica, Raquel Arbaje, han indicado que una vez se tengan los resultados de esos estudios se ponderar\u00eda la posibilidad de explotaci\u00f3n minera de la zona.<\/p>\n\n\n\n<p>Listin Diario<\/p>\n\n\n\n<p><\/p>\n","protected":false},"excerpt":{"rendered":"<p>Comunitarios alegan que en fase de ejecuci\u00f3n el proyecto contaminar\u00eda r\u00edos y afluentes. Comunitarios de diversas localidades de la sure\u00f1a provincia&nbsp;San Juan&nbsp;acataron este lunes el llamado a paro en rechazo a la actividad minera en esa demarcaci\u00f3n, al asegurar que dichas acciones afectar\u00eda el agua de la zona. A trav\u00e9s de videos publicados por usuarios [&hellip;]<\/p>\n","protected":false},"author":7,"featured_media":675625,"comment_status":"closed","ping_status":"closed","sticky":false,"template":"","format":"standard","meta":{"footnotes":""},"categories":[36],"tags":[4778],"class_list":["post-675608","post","type-post","status-publish","format-standard","has-post-thumbnail","hentry","category-hombresmujeresycosas","tag-san-juan"],"_links":{"self":[{"href":"https:\/\/diariodominicano.com\/index.php?rest_route=\/wp\/v2\/posts\/675608","targetHints":{"allow":["GET"]}}],"collection":[{"href":"https:\/\/diariodominicano.com\/index.php?rest_route=\/wp\/v2\/posts"}],"about":[{"href":"https:\/\/diariodominicano.com\/index.php?rest_route=\/wp\/v2\/types\/post"}],"author":[{"embeddable":true,"href":"https:\/\/diariodominicano.com\/index.php?rest_route=\/wp\/v2\/users\/7"}],"replies":[{"embeddable":true,"href":"https:\/\/diariodominicano.com\/index.php?rest_route=%2Fwp%2Fv2%2Fcomments&post=675608"}],"version-history":[{"count":1,"href":"https:\/\/diariodominicano.com\/index.php?rest_route=\/wp\/v2\/posts\/675608\/revisions"}],"predecessor-version":[{"id":675626,"href":"https:\/\/diariodominicano.com\/index.php?rest_route=\/wp\/v2\/posts\/675608\/revisions\/675626"}],"wp:featuredmedia":[{"embeddable":true,"href":"https:\/\/diariodominicano.com\/index.php?rest_route=\/wp\/v2\/media\/675625"}],"wp:attachment":[{"href":"https:\/\/diariodominicano.com\/index.php?rest_route=%2Fwp%2Fv2%2Fmedia&parent=675608"}],"wp:term":[{"taxonomy":"category","embeddable":true,"href":"https:\/\/diariodominicano.com\/index.php?rest_route=%2Fwp%2Fv2%2Fcategories&post=675608"},{"taxonomy":"post_tag","embeddable":true,"href":"https:\/\/diariodominicano.com\/index.php?rest_route=%2Fwp%2Fv2%2Ftags&post=675608"}],"curies":[{"name":"wp","href":"https:\/\/api.w.org\/{rel}","templated":true}]}}