{"id":675606,"date":"2026-04-27T15:26:05","date_gmt":"2026-04-27T19:26:05","guid":{"rendered":"https:\/\/diariodominicano.com\/?p=675606"},"modified":"2026-04-27T15:26:08","modified_gmt":"2026-04-27T19:26:08","slug":"siete-vinculados-al-asesinato-de-deivy-carlos-abreu-quezada-son-enviados-a-prision","status":"publish","type":"post","link":"https:\/\/diariodominicano.com\/?p=675606","title":{"rendered":"Siete vinculados al asesinato de Deivy Carlos Abreu Quezada son enviados a prisi\u00f3n \u00a0"},"content":{"rendered":"\n<p><strong>SANTO DOMINGO (Rep\u00fablica Dominicana).-&nbsp;<\/strong>Tras analizar las pruebas aportadas por el Ministerio P\u00fablico, un juez impuso tres meses de prisi\u00f3n preventiva a siete motoristas implicados en el crimen de Deivy Carlos Abreu Quezada, a quien atacaron luego de perseguirlo hasta el parqueo del Palacio de Justicia de Santiago.<\/p>\n\n\n\n<p>Adony Antonio Ure\u00f1a Ventura, Andr\u00e9s Moncl\u00fa Gonz\u00e1lez, Carlos Andr\u00e9s Roa Mor\u00e1n, Miguel Garc\u00eda Balbuena, Joanfry Joel N\u00fa\u00f1ez, Juan Carlos Soto Ortiz y Kevin Francisco Metz Cruz se asociaron para perseguir, interceptar y matar a la v\u00edctima Deivy Carlos Abreu Quezada, un conductor de cami\u00f3n de recogida de desechos s\u00f3lidos que muri\u00f3 mientras recib\u00eda atenciones m\u00e9dicas en el Hospital del Seguro Social Presidente Estrella Ure\u00f1a.<\/p>\n\n\n\n<p>Luego de identificar, arrestar e individualizar a los perpetradores del crimen, la Fiscal\u00eda de Santiago, a trav\u00e9s de su Departamento de Violencias F\u00edsicas (Homicidios), continu\u00f3 con el levantamiento de pruebas materiales, documentales y testimoniales con las cuales estableci\u00f3 ante el juzgador que los imputados se comportaron como una turba criminal para acorralar y darle muerte a la v\u00edctima.<\/p>\n\n\n\n<p>Las fiscales asignadas a la investigaci\u00f3n Joanna Garc\u00eda Rivas y Luisa Garc\u00eda reunieron evidencias contundentes que vinculan al grupo con el hecho criminal.<\/p>\n\n\n\n<p>El juez Jos\u00e9 Rafael De As\u00eds, de la Oficina Judicial de Servicios de Atenci\u00f3n Permanente de Santiago, impuso la medida con base en las evidencias aportadas por el \u00f3rgano acusador y dispuso el cumplimiento de la medida en los centros de correcci\u00f3n y rehabilitaci\u00f3n de Rafey, en Santiago; La Isleta, en Moca, provincia Espaillat, y en El Pinito, de La Vega.<\/p>\n\n\n\n<p>Las investigadoras establecieron que mientras la v\u00edctima conduc\u00eda el cami\u00f3n recolector de desperdicios por la Circunvalaci\u00f3n Sur, sector ensanche Berm\u00fadez, fue interceptado por uno de los motoconchistas, que se encuentra en calidad de pr\u00f3fugo y junto a otros motoristas presionaban a la v\u00edctima para que detuviera la marcha, por un supuesto roce vehicular, pero, la v\u00edctima, al observar la violencia que mostraban en su comportamiento, no se detuvo.<\/p>\n\n\n\n<p>Establece la investigaci\u00f3n preliminar que el referido motorista se desmont\u00f3 de la moto y la coloc\u00f3 frente al cami\u00f3n, para forzarlo a detenerse, pero la v\u00edctima no accedi\u00f3 y continu\u00f3 la marcha arrastrando la motocicleta.<\/p>\n\n\n\n<p>Luego, por varios kil\u00f3metros, se vio perseguido por los imputados que logran interceptarlo en el Palacio de Justicia, a donde el conductor del cami\u00f3n penetr\u00f3, buscando resguardarse de la turba asesina que lo persegu\u00eda.<\/p>\n\n\n\n<p>La Fiscal\u00eda de Santiago precisa en la medida de coerci\u00f3n que no posee ning\u00fan tipo de evidencias que refieran que alg\u00fan motorista estuviera lesionado.<\/p>\n\n\n\n<p>Como calificaci\u00f3n jur\u00eddica provisional, la Fiscal\u00eda de Santiago present\u00f3 contra los siete imputados arrestados cargos por violaci\u00f3n a los art\u00edculos 265, 266, 296, 297 y 302 del C\u00f3digo Penal Dominicano, por la comisi\u00f3n del hecho criminal, para el cual se asociaron como una turba criminal, dejando evidenciada su intenci\u00f3n cuando vociferaban \u201cm\u00e1talo, m\u00e1talo\u201d, como refieren las pruebas videogr\u00e1ficas.<\/p>\n\n\n\n<p>Entre otras pruebas, el Ministerio P\u00fablico tiene en su poder el arma blanca tipo cuchillo de caza, color negro, con el cual uno de los imputados le infringi\u00f3 una mortal herida en el miembro inferior derecho.<\/p>\n\n\n\n<p><strong>Direcci\u00f3n General de Comunicaci\u00f3n, Prensa y RRPP<\/strong><\/p>\n\n\n\n<p><strong>Ministerio P\u00fablico RD<\/strong><\/p>\n\n\n\n<p>Comunicaciones PGR <a href=\"mailto:comunicaciones@pgr.gob.do\">comunicaciones@pgr.gob.do<\/a> &nbsp;<\/p>\n","protected":false},"excerpt":{"rendered":"<p>SANTO DOMINGO (Rep\u00fablica Dominicana).-&nbsp;Tras analizar las pruebas aportadas por el Ministerio P\u00fablico, un juez impuso tres meses de prisi\u00f3n preventiva a siete motoristas implicados en el crimen de Deivy Carlos Abreu Quezada, a quien atacaron luego de perseguirlo hasta el parqueo del Palacio de Justicia de Santiago. Adony Antonio Ure\u00f1a Ventura, Andr\u00e9s Moncl\u00fa Gonz\u00e1lez, Carlos [&hellip;]<\/p>\n","protected":false},"author":7,"featured_media":469415,"comment_status":"closed","ping_status":"closed","sticky":false,"template":"","format":"standard","meta":{"footnotes":""},"categories":[24],"tags":[171],"class_list":["post-675606","post","type-post","status-publish","format-standard","has-post-thumbnail","hentry","category-justicia-y-derecho","tag-ministerio-publico"],"_links":{"self":[{"href":"https:\/\/diariodominicano.com\/index.php?rest_route=\/wp\/v2\/posts\/675606","targetHints":{"allow":["GET"]}}],"collection":[{"href":"https:\/\/diariodominicano.com\/index.php?rest_route=\/wp\/v2\/posts"}],"about":[{"href":"https:\/\/diariodominicano.com\/index.php?rest_route=\/wp\/v2\/types\/post"}],"author":[{"embeddable":true,"href":"https:\/\/diariodominicano.com\/index.php?rest_route=\/wp\/v2\/users\/7"}],"replies":[{"embeddable":true,"href":"https:\/\/diariodominicano.com\/index.php?rest_route=%2Fwp%2Fv2%2Fcomments&post=675606"}],"version-history":[{"count":1,"href":"https:\/\/diariodominicano.com\/index.php?rest_route=\/wp\/v2\/posts\/675606\/revisions"}],"predecessor-version":[{"id":675613,"href":"https:\/\/diariodominicano.com\/index.php?rest_route=\/wp\/v2\/posts\/675606\/revisions\/675613"}],"wp:featuredmedia":[{"embeddable":true,"href":"https:\/\/diariodominicano.com\/index.php?rest_route=\/wp\/v2\/media\/469415"}],"wp:attachment":[{"href":"https:\/\/diariodominicano.com\/index.php?rest_route=%2Fwp%2Fv2%2Fmedia&parent=675606"}],"wp:term":[{"taxonomy":"category","embeddable":true,"href":"https:\/\/diariodominicano.com\/index.php?rest_route=%2Fwp%2Fv2%2Fcategories&post=675606"},{"taxonomy":"post_tag","embeddable":true,"href":"https:\/\/diariodominicano.com\/index.php?rest_route=%2Fwp%2Fv2%2Ftags&post=675606"}],"curies":[{"name":"wp","href":"https:\/\/api.w.org\/{rel}","templated":true}]}}