{"id":675590,"date":"2026-04-27T13:03:39","date_gmt":"2026-04-27T17:03:39","guid":{"rendered":"https:\/\/diariodominicano.com\/?p=675590"},"modified":"2026-04-27T13:03:50","modified_gmt":"2026-04-27T17:03:50","slug":"ejercito-de-mali-mata-a-mas-de-100-terroristas-en-la-region-occidental","status":"publish","type":"post","link":"https:\/\/diariodominicano.com\/?p=675590","title":{"rendered":"Ej\u00e9rcito de Mali mata a m\u00e1s de 100 terroristas en la regi\u00f3n occidental"},"content":{"rendered":"\n<p>diariodominicano.com<\/p>\n\n\n\n<p>BAMAKO, 27 abr (Xinhua) &#8212; El ej\u00e9rcito de Mali mat\u00f3 a m\u00e1s de 100 terroristas en la regi\u00f3n occidental de Koulikoro, inform\u00f3 el domingo en un comunicado. El Estado Mayor General de las Fuerzas Armadas inform\u00f3 en el comunicado que durante las redadas despu\u00e9s de los ataques terroristas del s\u00e1bado, activos a\u00e9reos malienses detectaron un grupo de motocicletas que se dirig\u00eda hacia un escondite al oeste de la localidad de Kolokani, en la regi\u00f3n de Koulikoro. Tras la detecci\u00f3n se lanzaron ataques a\u00e9reos contra el contingente, con lo que se logr\u00f3 abatir a m\u00e1s de 100 terroristas y destruir su log\u00edstica, se\u00f1al\u00f3 el comunicado. El ej\u00e9rcito a\u00f1adi\u00f3 que los grupos terroristas ser\u00e1n perseguidos en todo el territorio nacional. En un comunicado emitido el s\u00e1bado, el Gobierno dijo que varias posiciones militares y localidades, incluida Kati, una ciudad cuartel cercana a la capital maliense de Bamako, fueron blancas de ataques de grupos terroristas armados.<\/p>\n","protected":false},"excerpt":{"rendered":"<p>diariodominicano.com BAMAKO, 27 abr (Xinhua) &#8212; El ej\u00e9rcito de Mali mat\u00f3 a m\u00e1s de 100 terroristas en la regi\u00f3n occidental de Koulikoro, inform\u00f3 el domingo en un comunicado. El Estado Mayor General de las Fuerzas Armadas inform\u00f3 en el comunicado que durante las redadas despu\u00e9s de los ataques terroristas del s\u00e1bado, activos a\u00e9reos malienses detectaron [&hellip;]<\/p>\n","protected":false},"author":5,"featured_media":675591,"comment_status":"closed","ping_status":"closed","sticky":false,"template":"","format":"standard","meta":{"footnotes":""},"categories":[23,27],"tags":[],"class_list":["post-675590","post","type-post","status-publish","format-standard","has-post-thumbnail","hentry","category-internacional","category-portada"],"_links":{"self":[{"href":"https:\/\/diariodominicano.com\/index.php?rest_route=\/wp\/v2\/posts\/675590","targetHints":{"allow":["GET"]}}],"collection":[{"href":"https:\/\/diariodominicano.com\/index.php?rest_route=\/wp\/v2\/posts"}],"about":[{"href":"https:\/\/diariodominicano.com\/index.php?rest_route=\/wp\/v2\/types\/post"}],"author":[{"embeddable":true,"href":"https:\/\/diariodominicano.com\/index.php?rest_route=\/wp\/v2\/users\/5"}],"replies":[{"embeddable":true,"href":"https:\/\/diariodominicano.com\/index.php?rest_route=%2Fwp%2Fv2%2Fcomments&post=675590"}],"version-history":[{"count":1,"href":"https:\/\/diariodominicano.com\/index.php?rest_route=\/wp\/v2\/posts\/675590\/revisions"}],"predecessor-version":[{"id":675592,"href":"https:\/\/diariodominicano.com\/index.php?rest_route=\/wp\/v2\/posts\/675590\/revisions\/675592"}],"wp:featuredmedia":[{"embeddable":true,"href":"https:\/\/diariodominicano.com\/index.php?rest_route=\/wp\/v2\/media\/675591"}],"wp:attachment":[{"href":"https:\/\/diariodominicano.com\/index.php?rest_route=%2Fwp%2Fv2%2Fmedia&parent=675590"}],"wp:term":[{"taxonomy":"category","embeddable":true,"href":"https:\/\/diariodominicano.com\/index.php?rest_route=%2Fwp%2Fv2%2Fcategories&post=675590"},{"taxonomy":"post_tag","embeddable":true,"href":"https:\/\/diariodominicano.com\/index.php?rest_route=%2Fwp%2Fv2%2Ftags&post=675590"}],"curies":[{"name":"wp","href":"https:\/\/api.w.org\/{rel}","templated":true}]}}