{"id":675585,"date":"2026-04-27T12:51:26","date_gmt":"2026-04-27T16:51:26","guid":{"rendered":"https:\/\/diariodominicano.com\/?p=675585"},"modified":"2026-04-27T12:53:57","modified_gmt":"2026-04-27T16:53:57","slug":"caasd-intervendra-canada-juan-valdez-en-los-rios-para-poner-fin-a-inundaciones","status":"publish","type":"post","link":"https:\/\/diariodominicano.com\/?p=675585","title":{"rendered":"Caasd intervendr\u00e1 ca\u00f1ada Juan Valdez en Los R\u00edos para poner fin a inundaciones"},"content":{"rendered":"\n<p>diariodominicano.com<\/p>\n\n\n\n<p>Santo\u00a0Domingo, R. D., 27 de abril, 2026.\u2013\u00a0El director general de la\u00a0<strong>Corporaci\u00f3n del Acueducto y Alcantarillado de Santo Domingo<\/strong>\u00a0(Caasd),\u00a0<strong>ingeniero\u00a0<\/strong><strong>Fellito<\/strong><strong>\u00a0<\/strong><strong>Suberv\u00ed<\/strong>, asegur\u00f3 que\u00a0<em>\u201cel dolor de cabeza, la zozobra y el terror\u201d<\/em>\u00a0que provocan las inundaciones, que por\u00a0<strong>m\u00e1s de 30 a\u00f1os<\/strong>\u00a0han sufrido los residentes en las proximidades de la\u00a0<strong>ca\u00f1ada Juan Valdez<\/strong>\u00a0en el sector de Los R\u00edos, ser\u00e1 cosa del pasado con el\u00a0<strong>saneamiento de este afluente<\/strong>.\u00a0\u00a0<\/p>\n\n\n\n<p>Sin embargo, el funcionario advirti\u00f3 que la soluci\u00f3n a las&nbsp;<strong>inundaciones en el Gran Santo Domingo<\/strong>&nbsp;requiere de la&nbsp;<em>\u201ctoma de conciencia\u201d<\/em>&nbsp;por parte de la poblaci\u00f3n respecto al&nbsp;<strong>manejo de la basura.<\/strong>&nbsp;&nbsp;<\/p>\n\n\n<div class=\"wp-block-image\">\n<figure class=\"alignleft size-full is-resized\"><img loading=\"lazy\" decoding=\"async\" width=\"670\" height=\"376\" src=\"https:\/\/diariodominicano.com\/wp-content\/uploads\/2026\/04\/CAASD-canada-Los-Rios47-4-26.png\" alt=\"\" class=\"wp-image-675587\" style=\"aspect-ratio:1.7819922837354158;width:347px;height:auto\" srcset=\"https:\/\/diariodominicano.com\/wp-content\/uploads\/2026\/04\/CAASD-canada-Los-Rios47-4-26.png 670w, https:\/\/diariodominicano.com\/wp-content\/uploads\/2026\/04\/CAASD-canada-Los-Rios47-4-26-300x168.png 300w\" sizes=\"auto, (max-width: 670px) 100vw, 670px\" \/><\/figure>\n<\/div>\n\n\n<p>Durante un recorrido por las ca\u00f1adas en proceso de saneamiento durante el fin de semana, entre ellas&nbsp;<strong>Juan Valdez, Las 800,&nbsp;<\/strong><strong>Guajim\u00eda<\/strong><strong>, Las Caobas y Los Girasoles,<\/strong>&nbsp;el ingeniero&nbsp;Suberv\u00ed&nbsp;explic\u00f3 que, aunque el imaginario colectivo se enfoca en el centro de la ciudad,&nbsp;<em>\u201cdonde m\u00e1s se inunda es en la periferia, donde est\u00e1n todas esas ca\u00f1adas\u201d,&nbsp;<\/em>debido a la&nbsp;<strong>densidad poblacional y al impacto de los desechos<\/strong>&nbsp;en los cauces.&nbsp;&nbsp;<\/p>\n\n\n\n<p>El director de la&nbsp;Caasd&nbsp;fue enf\u00e1tico al se\u00f1alar que&nbsp;<strong>la basura es el principal obst\u00e1culo<\/strong>&nbsp;para que las obras de infraestructura funcionen correctamente.&nbsp;<em>\u201cNo nos quejemos porque el Estado no limpia los imbornales. Vamos a poner esfuerzo para que no lo ensucien\u201d,&nbsp;<\/em>sentenci\u00f3&nbsp;Fellito&nbsp;Suberv\u00ed.&nbsp;&nbsp;<\/p>\n\n\n\n<p>Se\u00f1al\u00f3&nbsp;que,&nbsp;pensando&nbsp;en&nbsp;el&nbsp;<strong>bienestar<\/strong><strong>, la&nbsp;<\/strong><strong>seguridad<\/strong><strong>&nbsp;y la&nbsp;<\/strong><strong>salud<\/strong>&nbsp;de la&nbsp;gente,&nbsp;el&nbsp;<strong>gobierno<\/strong><strong>&nbsp;del&nbsp;<\/strong><strong>presidente<\/strong><strong>&nbsp;Luis Abinader<\/strong>&nbsp;ha&nbsp;puesto&nbsp;el&nbsp;tema&nbsp;de las&nbsp;ca\u00f1adas&nbsp;<em>\u201cen&nbsp;el&nbsp;tablero\u201d,<\/em>&nbsp;pero&nbsp;advirti\u00f3&nbsp;que,&nbsp;si&nbsp;no se&nbsp;crea&nbsp;conciencia, la&nbsp;basura&nbsp;seguir\u00e1&nbsp;afectando&nbsp;los&nbsp;sistemas&nbsp;dise\u00f1ados&nbsp;para&nbsp;durar&nbsp;hasta&nbsp;<strong>50&nbsp;<\/strong><strong>a\u00f1os<\/strong><strong>.&nbsp;<\/strong>&nbsp;<\/p>\n\n\n\n<p>El ingeniero&nbsp;Suberv\u00ed&nbsp;Hern\u00e1ndez denunci\u00f3 incluso que en zonas donde ya se han entregado obras que ahora son avenidas, hay personas que rompen el concreto que cubre las ca\u00f1adas y&nbsp;<em>\u201cle hacen un hoyo para tirar la basura por ah\u00ed abajo\u201d.&nbsp;<\/em>&nbsp;<\/p>\n\n\n\n<p>Fellito&nbsp;Suberv\u00ed&nbsp;defendi\u00f3 la&nbsp;<strong>efectividad de los proyectos<\/strong>&nbsp;concluidos por la&nbsp;Caasd, citando como ejemplo principal a&nbsp;<strong>Cristo Park<\/strong>. Asegur\u00f3 que, a pesar de las fuertes lluvias recientes, en ese lugar&nbsp;<em>\u201cno pas\u00f3 nada\u201d<\/em>&nbsp;porque la obra funciona correctamente como desag\u00fce hacia el&nbsp;<strong>r\u00edo Isabela.&nbsp;<\/strong>&nbsp;<\/p>\n\n\n\n<p>Asimismo, destac\u00f3 que, de los&nbsp;<strong>45 kil\u00f3metros<\/strong>&nbsp;de ca\u00f1adas intervenidos, ya se han entregado&nbsp;<strong>19 kil\u00f3metros<\/strong>&nbsp;en sectores como&nbsp;<strong>Villa Linda, Los Cocos, El Caf\u00e9 de Herrera y El Indio<\/strong>, donde los reportes indican que no hubo inundaciones tras la finalizaci\u00f3n de los trabajos.&nbsp;&nbsp;<\/p>\n\n\n\n<p>El titular de la&nbsp;Caasd&nbsp;reiter\u00f3&nbsp;que&nbsp;el&nbsp;mantenimiento&nbsp;de la ciudad es un&nbsp;<strong>esfuerzo<\/strong><strong>&nbsp;colectivo<\/strong>.&nbsp;<em>\u201cEs un&nbsp;problema&nbsp;de&nbsp;sociedad&nbsp;y de&nbsp;toma&nbsp;de&nbsp;decisi\u00f3n, no&nbsp;solamente&nbsp;del&nbsp;Gobierno,&nbsp;sino&nbsp;tambi\u00e9n de la&nbsp;ciudadan\u00eda\u201d,<\/em>&nbsp;concluy\u00f3,&nbsp;tras&nbsp;proponer&nbsp;una&nbsp;<strong>campa\u00f1a<\/strong><strong>&nbsp;<\/strong><strong>educativa<\/strong>&nbsp;permanente&nbsp;que&nbsp;involucre a&nbsp;<strong>l\u00edderes<\/strong><strong>&nbsp;<\/strong><strong>pol\u00edticos<\/strong><strong>&nbsp;y&nbsp;<\/strong><strong>comunicadores<\/strong>&nbsp;para&nbsp;cambiar&nbsp;la&nbsp;cultura&nbsp;de&nbsp;limpieza&nbsp;en&nbsp;el&nbsp;pa\u00eds.&nbsp;<\/p>\n\n\n\n<p><a href=\"https:\/\/presidencia.gob.do\/taxonomy\/term\/100\">CAASD<\/a><\/p>\n","protected":false},"excerpt":{"rendered":"<p>diariodominicano.com Santo\u00a0Domingo, R. D., 27 de abril, 2026.\u2013\u00a0El director general de la\u00a0Corporaci\u00f3n del Acueducto y Alcantarillado de Santo Domingo\u00a0(Caasd),\u00a0ingeniero\u00a0Fellito\u00a0Suberv\u00ed, asegur\u00f3 que\u00a0\u201cel dolor de cabeza, la zozobra y el terror\u201d\u00a0que provocan las inundaciones, que por\u00a0m\u00e1s de 30 a\u00f1os\u00a0han sufrido los residentes en las proximidades de la\u00a0ca\u00f1ada Juan Valdez\u00a0en el sector de Los R\u00edos, ser\u00e1 cosa del [&hellip;]<\/p>\n","protected":false},"author":5,"featured_media":675586,"comment_status":"closed","ping_status":"closed","sticky":false,"template":"","format":"standard","meta":{"footnotes":""},"categories":[20,27],"tags":[],"class_list":["post-675585","post","type-post","status-publish","format-standard","has-post-thumbnail","hentry","category-dominicana-hoy","category-portada"],"_links":{"self":[{"href":"https:\/\/diariodominicano.com\/index.php?rest_route=\/wp\/v2\/posts\/675585","targetHints":{"allow":["GET"]}}],"collection":[{"href":"https:\/\/diariodominicano.com\/index.php?rest_route=\/wp\/v2\/posts"}],"about":[{"href":"https:\/\/diariodominicano.com\/index.php?rest_route=\/wp\/v2\/types\/post"}],"author":[{"embeddable":true,"href":"https:\/\/diariodominicano.com\/index.php?rest_route=\/wp\/v2\/users\/5"}],"replies":[{"embeddable":true,"href":"https:\/\/diariodominicano.com\/index.php?rest_route=%2Fwp%2Fv2%2Fcomments&post=675585"}],"version-history":[{"count":2,"href":"https:\/\/diariodominicano.com\/index.php?rest_route=\/wp\/v2\/posts\/675585\/revisions"}],"predecessor-version":[{"id":675589,"href":"https:\/\/diariodominicano.com\/index.php?rest_route=\/wp\/v2\/posts\/675585\/revisions\/675589"}],"wp:featuredmedia":[{"embeddable":true,"href":"https:\/\/diariodominicano.com\/index.php?rest_route=\/wp\/v2\/media\/675586"}],"wp:attachment":[{"href":"https:\/\/diariodominicano.com\/index.php?rest_route=%2Fwp%2Fv2%2Fmedia&parent=675585"}],"wp:term":[{"taxonomy":"category","embeddable":true,"href":"https:\/\/diariodominicano.com\/index.php?rest_route=%2Fwp%2Fv2%2Fcategories&post=675585"},{"taxonomy":"post_tag","embeddable":true,"href":"https:\/\/diariodominicano.com\/index.php?rest_route=%2Fwp%2Fv2%2Ftags&post=675585"}],"curies":[{"name":"wp","href":"https:\/\/api.w.org\/{rel}","templated":true}]}}