{"id":675582,"date":"2026-04-27T12:41:23","date_gmt":"2026-04-27T16:41:23","guid":{"rendered":"https:\/\/diariodominicano.com\/?p=675582"},"modified":"2026-04-28T01:14:18","modified_gmt":"2026-04-28T05:14:18","slug":"con-punto-coma-convivio-educativo-sobre-valor-de-la-lectura-vida-de-sanchez-batalla-del-19-marzo-y-revolucion-de-abril-1965","status":"publish","type":"post","link":"https:\/\/diariodominicano.com\/?p=675582","title":{"rendered":"Con Punto &amp; Coma; Convivio educativo sobre valor de la lectura, vida de S\u00e1nchez, Batalla del 19 Marzo y Revoluci\u00f3n de Abril, 1965"},"content":{"rendered":"\n<p>diariodominicano.com<\/p>\n\n\n\n<p>Por Juan Cruz Triffolio<br>Santo Domingo Este, R.D., 27 de abril, 2026<strong>.-\u00a0<\/strong>Con el prop\u00f3sito de compartir algunas informaciones sobre\u00a0<strong>el valor de la lectura,<\/strong>\u00a0al tiempo que conocer la\u00a0<strong>significaci\u00f3n hist\u00f3rica de la Batalla del 19 Marz<\/strong>o y la\u00a0<strong>vida y el aporte del pr\u00f3cer Francisco del Rosario S\u00e1nchez a la Independencia Nacional<\/strong>, la\u00a0<strong>Fundaci\u00f3n Dominicana por la Vida, Inc. -FundoVida-<\/strong>, realiz\u00f3\u00a0<strong>un convivio educativo<\/strong>\u00a0con unos treinta\u00a0 ni\u00f1os y ni\u00f1as, quienes en compa\u00f1\u00eda de algunos padres y madres que asisten con frecuencia a las reuniones sabatinas, organizadas por la referida entidad comunitaria, el\u00a0<strong>sector Maquiteria.<\/strong><\/p>\n\n\n\n<p>De igual modo, los infantes presentes tuvieron la oportunidad de recibir diversos&nbsp;<strong>apuntes sobre la Revoluci\u00f3n de Abril de 1965<\/strong>, epopeya donde los dominicanos ratificaron su&nbsp;<strong>defensa a la constitucionalidad y el respeto a los Derechos humanos.<\/strong><\/p>\n\n\n\n<p>Algunos de los ni\u00f1os y ni\u00f1as al momento de recibir los folletos ilustrativos.<\/p>\n\n\n\n<p>Sobre los temas tratados, cada uno de los asistentes recibieron&nbsp;<strong>un folleto ilustrativo conteniendo informaciones que servir\u00e1n de gu\u00eda para, en un futuro no lejano, continuar conociendo sobre la importancia y trascendencia hist\u00f3rica de esos hechos, prohombres y mujeres extraordinarias<\/strong>&nbsp;que mostraron&nbsp;<strong>su amor por la patria y la soberan\u00eda nacional.<\/strong><\/p>\n\n\n\n<p>Durante el encuentro se produjo&nbsp;<strong>una valiosa din\u00e1mica de preguntas y respuestas<\/strong>&nbsp;que los presentes aprovecharon para precisar y ampliar sus conocimientos sobre la historia dominicana y sus protagonistas.<\/p>\n\n\n\n<p>Al final de la actividad, los participantes agradecieron a&nbsp;<strong>FundoVida<\/strong>&nbsp;por&nbsp;<strong>el ejercicio de aprendizaje realizado<\/strong>, prometieron semanalmente asistir a las reuniones porque, seg\u00fan algunos expresaron, se aprende mucho&nbsp;<strong>sobre nuestro pasado, presente y futuro como pueblo caribe\u00f1o.<\/strong><\/p>\n\n\n\n<p>Asimismo, como est\u00edmulo para los ni\u00f1os y ni\u00f1as que hicieron presencia en el&nbsp;<strong>convivio educativo<\/strong>, disfrutaron de&nbsp;<strong>un suculento refrigerio y una porci\u00f3n de corn flakes<\/strong>, al tiempo que&nbsp;<strong>recibieron algunos l\u00e1pices y mascotas para ser utilizados en su proceso escolar.<\/strong><\/p>\n","protected":false},"excerpt":{"rendered":"<p>diariodominicano.com Por Juan Cruz TriffolioSanto Domingo Este, R.D., 27 de abril, 2026.-\u00a0Con el prop\u00f3sito de compartir algunas informaciones sobre\u00a0el valor de la lectura,\u00a0al tiempo que conocer la\u00a0significaci\u00f3n hist\u00f3rica de la Batalla del 19 Marzo y la\u00a0vida y el aporte del pr\u00f3cer Francisco del Rosario S\u00e1nchez a la Independencia Nacional, la\u00a0Fundaci\u00f3n Dominicana por la Vida, Inc. [&hellip;]<\/p>\n","protected":false},"author":5,"featured_media":675583,"comment_status":"closed","ping_status":"closed","sticky":false,"template":"","format":"standard","meta":{"footnotes":""},"categories":[21,19,16,27],"tags":[5706,184],"class_list":["post-675582","post","type-post","status-publish","format-standard","has-post-thumbnail","hentry","category-cultura","category-mi-voz","category-opiniones","category-portada","tag-con-punto-coma","tag-juan-cruz-triffolio"],"_links":{"self":[{"href":"https:\/\/diariodominicano.com\/index.php?rest_route=\/wp\/v2\/posts\/675582","targetHints":{"allow":["GET"]}}],"collection":[{"href":"https:\/\/diariodominicano.com\/index.php?rest_route=\/wp\/v2\/posts"}],"about":[{"href":"https:\/\/diariodominicano.com\/index.php?rest_route=\/wp\/v2\/types\/post"}],"author":[{"embeddable":true,"href":"https:\/\/diariodominicano.com\/index.php?rest_route=\/wp\/v2\/users\/5"}],"replies":[{"embeddable":true,"href":"https:\/\/diariodominicano.com\/index.php?rest_route=%2Fwp%2Fv2%2Fcomments&post=675582"}],"version-history":[{"count":1,"href":"https:\/\/diariodominicano.com\/index.php?rest_route=\/wp\/v2\/posts\/675582\/revisions"}],"predecessor-version":[{"id":675584,"href":"https:\/\/diariodominicano.com\/index.php?rest_route=\/wp\/v2\/posts\/675582\/revisions\/675584"}],"wp:featuredmedia":[{"embeddable":true,"href":"https:\/\/diariodominicano.com\/index.php?rest_route=\/wp\/v2\/media\/675583"}],"wp:attachment":[{"href":"https:\/\/diariodominicano.com\/index.php?rest_route=%2Fwp%2Fv2%2Fmedia&parent=675582"}],"wp:term":[{"taxonomy":"category","embeddable":true,"href":"https:\/\/diariodominicano.com\/index.php?rest_route=%2Fwp%2Fv2%2Fcategories&post=675582"},{"taxonomy":"post_tag","embeddable":true,"href":"https:\/\/diariodominicano.com\/index.php?rest_route=%2Fwp%2Fv2%2Ftags&post=675582"}],"curies":[{"name":"wp","href":"https:\/\/api.w.org\/{rel}","templated":true}]}}