{"id":675573,"date":"2026-04-27T11:38:12","date_gmt":"2026-04-27T15:38:12","guid":{"rendered":"https:\/\/diariodominicano.com\/?p=675573"},"modified":"2026-04-27T11:38:22","modified_gmt":"2026-04-27T15:38:22","slug":"el-vaticano-alerta-de-la-difusion-politica-del-aborto-como-instrumento-de-control-demografico","status":"publish","type":"post","link":"https:\/\/diariodominicano.com\/?p=675573","title":{"rendered":"El Vaticano alerta de la \u201cdifusi\u00f3n\u201d pol\u00edtica del aborto como instrumento de control demogr\u00e1fico"},"content":{"rendered":"\n<p>diariodominicano.com<\/p>\n\n\n\n<p>Por Victoria Cardiel es periodista especializada en temas de informaci\u00f3n social y religiosa.<\/p>\n\n\n\n<p>Vaticano, 27 de abril, 2026.-  El Vaticano public\u00f3 este lunes 27 de abril un nuevo documento destinado a promover, en el seno de la familia, el cuidado de la creaci\u00f3n y de la vida humana, en el que advierte sobre el avance de determinadas \u201cideolog\u00edas\u201d contrarias a la vida, que fomentan el aborto y la esterilizaci\u00f3n como medios para controlar el crecimiento demogr\u00e1fico.\u00a0<\/p>\n\n\n\n<p>El texto constata que en la actualidad existe \u201cuna tendencia a percibir el crecimiento demogr\u00e1fico como la principal amenaza para la humanidad\u201d y lamenta las pol\u00edticas de algunos gobiernos que \u201cdifunden el aborto, promoviendo a veces en los pa\u00edses pobres la adopci\u00f3n de la pr\u00e1ctica de la esterilizaci\u00f3n\u201d e imponen de este modo \u201cun fuerte control de la natalidad\u201d. El documento cita, en este contexto, la enc\u00edclica&nbsp;<em>Caritas in veritate<\/em>, publicada en 2009 por el Papa Benedicto XVI.<\/p>\n\n\n\n<p>El volumen bebe del magisterio de los cuatro \u00faltimos Pont\u00edfices. El documento m\u00e1s antiguo al que hace referencia es&nbsp;<em>Gaudium et Spes<\/em>, del Concilio Vaticano II, promulgado por San Pablo VI el 7 de diciembre de 1965. Tambi\u00e9n recoge aportaciones de San Juan Pablo II, que sent\u00f3 bases decisivas en el \u00e1mbito de la familia y de la doctrina social de la Iglesia, especialmente en&nbsp;<em>Familiaris Consortio<\/em>&nbsp;(1981) y&nbsp;<em>Sollicitudo Rei Socialis<\/em>&nbsp;(1987).<\/p>\n\n\n\n<p>Asimismo, incorpora el magisterio de Francisco, que en&nbsp;<em>Evangelii Gaudium<\/em>&nbsp;(2013) llama a una Iglesia \u201cen salida\u201d, centrada en el anuncio del Evangelio y cercana a las periferias humanas. Este enfoque pastoral se aplica a la vida familiar en&nbsp;<em>Amoris Laetitia<\/em>&nbsp;(2016), donde se subraya la importancia del discernimiento y del acompa\u00f1amiento.<\/p>\n\n\n\n<p>\u201cEsta situaci\u00f3n da lugar a que un n\u00famero incalculable de ni\u00f1os no lleguen a nacer, ni\u00f1os a los que se les ha negado el derecho al don primordial de la creaci\u00f3n, el don de la vida misma\u201d, lamenta el Vaticano.&nbsp;<\/p>\n\n\n\n<h2 class=\"wp-block-heading\">Intentos de cancelar la diferencia sexual<\/h2>\n\n\n\n<p>A\u00f1ade que este fen\u00f3meno tambi\u00e9n se produce \u201ccuando la sociedad se ve perturbada por los intentos de cancelar la diferencia sexual porque ya no sabe confrontarse con la misma\u201d.<\/p>\n\n\n\n<p>Frente a esta realidad, el documento invita a centrar la atenci\u00f3n en otros factores que considera verdaderamente perjudiciales, como el consumismo extremo, la contaminaci\u00f3n, la cultura del usar y tirar y el deseo de ejercer un poder absoluto sobre el cuerpo humano mediante su manipulaci\u00f3n, favorecida por los recientes avances tecnol\u00f3gicos.<\/p>\n\n\n\n<p>En este sentido, recuerda que estas derivas se producen cuando \u201cno se respeta el derecho a la vida y a la muerte natural, si se hace artificial la concepci\u00f3n, la gestaci\u00f3n y el nacimiento del hombre, si se sacrifican embriones humanos a la investigaci\u00f3n\u201d, as\u00ed como cuando los gobiernos \u201cdifunden el aborto, promoviendo a veces en los pa\u00edses pobres la adopci\u00f3n de la pr\u00e1ctica de la esterilizaci\u00f3n\u201d e imponen \u201cun fuerte control de la natalidad\u201d.<\/p>\n\n\n\n<h2 class=\"wp-block-heading\">La importancia de la educaci\u00f3n sexual<\/h2>\n\n\n\n<p>El texto subraya adem\u00e1s que la educaci\u00f3n integral de los hijos por parte de sus padres debe incluir tambi\u00e9n la formaci\u00f3n en el amor y la sexualidad. \u201cEste tema es objeto de muchos debates en la actualidad, lo que a menudo genera conflictos entre las escuelas y las familias a la hora de determinar qu\u00e9 es lo que se debe ense\u00f1ar\u201d, reconoce el documento, publicado este lunes y compuesto por 78 p\u00e1ginas.<\/p>\n\n\n\n<p>El Vaticano insiste en que no \u201cdebemos olvidar que aprender a recibir el propio cuerpo, a cuidarlo y a respetar sus significados, es esencial para una verdadera ecolog\u00eda humana\u201d, ya que \u201cla aceptaci\u00f3n del propio cuerpo como don de Dios es necesaria para acoger y aceptar el mundo entero como regalo del Padre y casa com\u00fan\u201d.<\/p>\n\n\n\n<p>n el \u00e1mbito pr\u00e1ctico, el documento anima a las familias a asumir la responsabilidad de educar a sus miembros, manteniendo conversaciones adecuadas a cada edad \u201csobre la necesidad de proteger la vida humana frente al aborto, la maternidad subrogada y la eutanasia; sobre la necesidad de cuidar a las personas con dificultades en el seno de la familia; y sobre la belleza, la dignidad y el significado de la sexualidad humana\u201d.&nbsp;<\/p>\n\n\n\n<p>Tambi\u00e9n sugiere implicarse con la escuela local, promoviendo mejoras ecol\u00f3gicas tanto en las instalaciones como en los contenidos educativos, o iniciativas como huertos escolares y el aprendizaje de la bot\u00e1nica.<\/p>\n\n\n\n<h2 class=\"wp-block-heading\">Ecolog\u00eda integral en la vida de familia<\/h2>\n\n\n\n<p>El documento, titulado<a href=\"https:\/\/www.humandevelopment.va\/content\/dam\/sviluppoumano\/news\/2026-news\/03-marzo\/documento-ecologia-integrale-famiglia\/La-ecologia-integral-en-la-vida-de-la-familia.pdf\"><u>&nbsp;<\/u><em><u>La ecolog\u00eda integral en la vida de la familia<\/u><\/em><u>,<\/u><\/a>&nbsp;ha sido elaborado conjuntamente por el Dicasterio para el Servicio del Desarrollo Humano Integral y el Dicasterio para los Laicos, la Familia y la Vida. Seg\u00fan explican sus responsables, es fruto de un trabajo compartido en el que han participado te\u00f3logos, consultores y matrimonios.<\/p>\n\n\n\n<p>El volumen ofrece ideas y consejos pr\u00e1cticos dirigidos a personas, familias y grupos eclesiales para afrontar los actuales desaf\u00edos medioambientales y promover el desarrollo integral de cada individuo. La primera parte presenta conceptos fundamentales basados en los escritos m\u00e1s significativos del Papa Francisco.&nbsp;<\/p>\n\n\n\n<p>La segunda, n\u00facleo del documento, se articula en torno a siete temas inspirados en&nbsp;<em>Laudato si\u2019<\/em>: escuchar el clamor de la tierra; escuchar el clamor de los pobres y los vulnerables; adoptar y promover una econom\u00eda ecol\u00f3gica; fomentar estilos de vida sostenibles; impulsar la ecolog\u00eda integral en la educaci\u00f3n; fortalecer la espiritualidad ecol\u00f3gica en la familia; y promover la participaci\u00f3n de las familias en la vida comunitaria.<\/p>\n\n\n\n<p>Cada cap\u00edtulo se estructura en cuatro secciones: explicaci\u00f3n del tema, implicaciones concretas, preguntas para la reflexi\u00f3n y el debate, y propuestas de acciones. Entre ellas, plantea interrogantes como: \u201c\u00bfHa experimentado nuestra familia situaciones en las que se han utilizado los recursos naturales (\u2026) de un modo que cree o exacerbe las tensiones sociales o la desigualdad?\u201d o \u201c\u00bfHemos intentado medir de alguna manera el nivel de nuestro consumo en nuestra familia y en nuestro hogar?\u201d.<\/p>\n\n\n\n<h2 class=\"wp-block-heading\">Evitar el despilfarro y usar el transporte p\u00fablico<\/h2>\n\n\n\n<p>El texto tambi\u00e9n incluye recomendaciones concretas, como ense\u00f1ar a los ni\u00f1os a \u201crespetar y cuidar a los animales\u201d, \u201cevitar el despilfarro de alimentos o electricidad\u201d, usar \u201cel transporte p\u00fablico con mayor frecuencia\u201d, explorar \u201copciones de bajo coste para aislar su vivienda del fr\u00edo y del calor\u201d o clasificar correctamente los residuos dom\u00e9sticos.<\/p>\n\n\n\n<p>Finalmente, el documento invita a participar en proyectos comprometidos \u201ccon la asistencia y la solidaridad, prestando especial atenci\u00f3n a grupos de poblaci\u00f3n vulnerables, como los miembros de comunidades ind\u00edgenas, los refugiados, los migrantes, los ni\u00f1os en situaci\u00f3n de riesgo, las familias que atraviesan dificultades o duelos y las personas analfabetas\u201d.&nbsp;<\/p>\n\n\n\n<p>Tambi\u00e9n plantea preguntas sobre el papel educativo de los padres y las tensiones que enfrentan al transmitir valores de sobriedad en una cultura marcada por el consumismo y la presi\u00f3n social.<\/p>\n\n\n\n<p>\u201cLos padres que intentan inculcar valores como la sobriedad y un estilo de vida modesto pueden ser percibidos como figuras autoritarias o como personas que ignoran el marketing y la presi\u00f3n de grupo. \u00bfC\u00f3mo se puede apoyar a dichos padres a sobrellevar estas dificultades?\u201d, se\u00f1ala el texto.<\/p>\n\n\n\n<p><\/p>\n","protected":false},"excerpt":{"rendered":"<p>diariodominicano.com Por Victoria Cardiel es periodista especializada en temas de informaci\u00f3n social y religiosa. Vaticano, 27 de abril, 2026.- El Vaticano public\u00f3 este lunes 27 de abril un nuevo documento destinado a promover, en el seno de la familia, el cuidado de la creaci\u00f3n y de la vida humana, en el que advierte sobre el [&hellip;]<\/p>\n","protected":false},"author":5,"featured_media":675574,"comment_status":"closed","ping_status":"closed","sticky":false,"template":"","format":"standard","meta":{"footnotes":""},"categories":[23,27],"tags":[],"class_list":["post-675573","post","type-post","status-publish","format-standard","has-post-thumbnail","hentry","category-internacional","category-portada"],"_links":{"self":[{"href":"https:\/\/diariodominicano.com\/index.php?rest_route=\/wp\/v2\/posts\/675573","targetHints":{"allow":["GET"]}}],"collection":[{"href":"https:\/\/diariodominicano.com\/index.php?rest_route=\/wp\/v2\/posts"}],"about":[{"href":"https:\/\/diariodominicano.com\/index.php?rest_route=\/wp\/v2\/types\/post"}],"author":[{"embeddable":true,"href":"https:\/\/diariodominicano.com\/index.php?rest_route=\/wp\/v2\/users\/5"}],"replies":[{"embeddable":true,"href":"https:\/\/diariodominicano.com\/index.php?rest_route=%2Fwp%2Fv2%2Fcomments&post=675573"}],"version-history":[{"count":1,"href":"https:\/\/diariodominicano.com\/index.php?rest_route=\/wp\/v2\/posts\/675573\/revisions"}],"predecessor-version":[{"id":675575,"href":"https:\/\/diariodominicano.com\/index.php?rest_route=\/wp\/v2\/posts\/675573\/revisions\/675575"}],"wp:featuredmedia":[{"embeddable":true,"href":"https:\/\/diariodominicano.com\/index.php?rest_route=\/wp\/v2\/media\/675574"}],"wp:attachment":[{"href":"https:\/\/diariodominicano.com\/index.php?rest_route=%2Fwp%2Fv2%2Fmedia&parent=675573"}],"wp:term":[{"taxonomy":"category","embeddable":true,"href":"https:\/\/diariodominicano.com\/index.php?rest_route=%2Fwp%2Fv2%2Fcategories&post=675573"},{"taxonomy":"post_tag","embeddable":true,"href":"https:\/\/diariodominicano.com\/index.php?rest_route=%2Fwp%2Fv2%2Ftags&post=675573"}],"curies":[{"name":"wp","href":"https:\/\/api.w.org\/{rel}","templated":true}]}}