{"id":675570,"date":"2026-04-27T10:58:19","date_gmt":"2026-04-27T14:58:19","guid":{"rendered":"https:\/\/diariodominicano.com\/?p=675570"},"modified":"2026-04-27T10:58:20","modified_gmt":"2026-04-27T14:58:20","slug":"canciller-del-reino-de-espana-realizara-visita-oficial-a-la-republica-dominicana","status":"publish","type":"post","link":"https:\/\/diariodominicano.com\/?p=675570","title":{"rendered":"Canciller del Reino de Espa\u00f1a realizar\u00e1 visita oficial a la Rep\u00fablica Dominicana\u00a0"},"content":{"rendered":"\n<p>diariodominicano.com<\/p>\n\n\n\n<p>Santo\u00a0Domingo, R. D.,  27 de abril, 2026.-\u00a0El ministro de Relaciones Exteriores,\u00a0<strong>Roberto \u00c1lvarez,<\/strong>\u00a0recibir\u00e1 este\u00a0<strong>martes 28 de abril\u00a0<\/strong>a su hom\u00f3logo del Reino de Espa\u00f1a,\u00a0<strong>Jos\u00e9 Manuel Albares<\/strong>, quien realizar\u00e1 una\u00a0<strong>visita oficial<\/strong>\u00a0al pa\u00eds.\u00a0\u00a0<\/p>\n\n\n\n<p><strong>El Ministerio de Relaciones Exteriores&nbsp;<\/strong>inform\u00f3 que el ministro de Asuntos Exteriores, Uni\u00f3n Europea y Cooperaci\u00f3n del Reino de Espa\u00f1a llegar\u00e1 a la Canciller\u00eda&nbsp;<strong>en horas de la ma\u00f1ana<\/strong>. Tras los saludos protocolares, ambos cancilleres sostendr\u00e1n una&nbsp;<strong>reuni\u00f3n de trabajo.&nbsp;<\/strong>&nbsp;<\/p>\n\n\n\n<p>La agenda incluye una&nbsp;<strong>conferencia de prensa conjunta<\/strong>, en la que se informar\u00e1 sobre los temas abordados.&nbsp;&nbsp;<\/p>\n\n\n\n<p>La visita se realiza en reciprocidad al encuentro sostenido por ambos cancilleres en Madrid, en&nbsp;<strong>mayo de 2025,<\/strong>&nbsp;y da seguimiento a los&nbsp;<strong>compromisos de trabajo acordados<\/strong>&nbsp;en esa ocasi\u00f3n.&nbsp;&nbsp;<\/p>\n\n\n\n<p>La Rep\u00fablica Dominicana y el Reino de Espa\u00f1a mantienen&nbsp;<strong>relaciones diplom\u00e1ticas de larga data y una agenda de cooperaci\u00f3n<\/strong>&nbsp;en \u00e1reas de inter\u00e9s com\u00fan, en el marco de un di\u00e1logo institucional continuo y respetuoso.&nbsp;&nbsp;<\/p>\n\n\n\n<p>El ministro espa\u00f1ol estar\u00e1 acompa\u00f1ado por la secretaria de Estado para Iberoam\u00e9rica y el Caribe,&nbsp;<strong>Susana&nbsp;<\/strong><strong>Sumelzo<\/strong>; la embajadora de Espa\u00f1a en la Rep\u00fablica Dominicana,&nbsp;<strong>Lorea&nbsp;<\/strong><strong>Arribalzaga<\/strong>, as\u00ed como por otros funcionarios.&nbsp;&nbsp;<\/p>\n\n\n\n<p>Mientras que, el canciller Roberto \u00c1lvarez estar\u00e1 acompa\u00f1ado por los viceministros&nbsp;<strong>Francisco Caraballo, Rub\u00e9n&nbsp;<\/strong><strong>Sili\u00e9<\/strong><strong>&nbsp;y&nbsp;<\/strong><strong>Opinio<\/strong><strong>&nbsp;D\u00edaz<\/strong>, junto con otros funcionarios del&nbsp;Mirex.&nbsp;&nbsp;<\/p>\n\n\n\n<p>La Rep\u00fablica Dominicana reafirma su compromiso con una pol\u00edtica exterior basada en el&nbsp;<strong>respeto mutuo, el di\u00e1logo constructivo y la cooperaci\u00f3n<\/strong>&nbsp;con sus socios internacionales&nbsp;<\/p>\n\n\n\n<p><a href=\"https:\/\/presidencia.gob.do\/taxonomy\/term\/73\">MIREX<\/a><\/p>\n","protected":false},"excerpt":{"rendered":"<p>diariodominicano.com Santo\u00a0Domingo, R. D., 27 de abril, 2026.-\u00a0El ministro de Relaciones Exteriores,\u00a0Roberto \u00c1lvarez,\u00a0recibir\u00e1 este\u00a0martes 28 de abril\u00a0a su hom\u00f3logo del Reino de Espa\u00f1a,\u00a0Jos\u00e9 Manuel Albares, quien realizar\u00e1 una\u00a0visita oficial\u00a0al pa\u00eds.\u00a0\u00a0 El Ministerio de Relaciones Exteriores&nbsp;inform\u00f3 que el ministro de Asuntos Exteriores, Uni\u00f3n Europea y Cooperaci\u00f3n del Reino de Espa\u00f1a llegar\u00e1 a la Canciller\u00eda&nbsp;en horas de [&hellip;]<\/p>\n","protected":false},"author":5,"featured_media":675571,"comment_status":"closed","ping_status":"closed","sticky":false,"template":"","format":"standard","meta":{"footnotes":""},"categories":[1],"tags":[],"class_list":["post-675570","post","type-post","status-publish","format-standard","has-post-thumbnail","hentry","category-editorial"],"_links":{"self":[{"href":"https:\/\/diariodominicano.com\/index.php?rest_route=\/wp\/v2\/posts\/675570","targetHints":{"allow":["GET"]}}],"collection":[{"href":"https:\/\/diariodominicano.com\/index.php?rest_route=\/wp\/v2\/posts"}],"about":[{"href":"https:\/\/diariodominicano.com\/index.php?rest_route=\/wp\/v2\/types\/post"}],"author":[{"embeddable":true,"href":"https:\/\/diariodominicano.com\/index.php?rest_route=\/wp\/v2\/users\/5"}],"replies":[{"embeddable":true,"href":"https:\/\/diariodominicano.com\/index.php?rest_route=%2Fwp%2Fv2%2Fcomments&post=675570"}],"version-history":[{"count":1,"href":"https:\/\/diariodominicano.com\/index.php?rest_route=\/wp\/v2\/posts\/675570\/revisions"}],"predecessor-version":[{"id":675572,"href":"https:\/\/diariodominicano.com\/index.php?rest_route=\/wp\/v2\/posts\/675570\/revisions\/675572"}],"wp:featuredmedia":[{"embeddable":true,"href":"https:\/\/diariodominicano.com\/index.php?rest_route=\/wp\/v2\/media\/675571"}],"wp:attachment":[{"href":"https:\/\/diariodominicano.com\/index.php?rest_route=%2Fwp%2Fv2%2Fmedia&parent=675570"}],"wp:term":[{"taxonomy":"category","embeddable":true,"href":"https:\/\/diariodominicano.com\/index.php?rest_route=%2Fwp%2Fv2%2Fcategories&post=675570"},{"taxonomy":"post_tag","embeddable":true,"href":"https:\/\/diariodominicano.com\/index.php?rest_route=%2Fwp%2Fv2%2Ftags&post=675570"}],"curies":[{"name":"wp","href":"https:\/\/api.w.org\/{rel}","templated":true}]}}