{"id":675563,"date":"2026-04-27T10:37:09","date_gmt":"2026-04-27T14:37:09","guid":{"rendered":"https:\/\/diariodominicano.com\/?p=675563"},"modified":"2026-04-27T10:38:35","modified_gmt":"2026-04-27T14:38:35","slug":"rusia-convoca-a-embajador-aleman-por-reunion-de-legislador-con-lider-terrorista","status":"publish","type":"post","link":"https:\/\/diariodominicano.com\/?p=675563","title":{"rendered":"Rusia convoca a embajador alem\u00e1n por reuni\u00f3n de legislador con l\u00edder terrorista"},"content":{"rendered":"\n<p><em>spanish.news.cn<\/em>|<em>&nbsp;2026-04-27 22:25:01<\/em>|<\/p>\n\n\n\n<p>MOSC\u00da, 27 abr (Xinhua) &#8212; El Ministerio de Relaciones Exteriores de Rusia convoc\u00f3 hoy lunes al embajador alem\u00e1n en Rusia, Alexander Lambsdorff, por una reciente reuni\u00f3n en Kiev entre un legislador alem\u00e1n y el l\u00edder de una organizaci\u00f3n terrorista.<\/p>\n\n\n\n<p>Lambsdorff fue convocado a la canciller\u00eda esta ma\u00f1ana, y se present\u00f3 una firme protesta ante el embajador por la reuni\u00f3n sostenida en Kiev con la ayuda del Gobierno ucraniano, inform\u00f3 el ministerio.<\/p>\n\n\n\n<p>Roderich Kiesewetter, miembro del Bundestag alem\u00e1n y del comit\u00e9 parlamentario de Asuntos Exteriores, en representaci\u00f3n del partido gobernante Uni\u00f3n Cristianodem\u00f3crata, se reuni\u00f3 con Akhmad Zakayev, jefe de la Rep\u00fablica Chechena de Ichkeria, una organizaci\u00f3n terrorista prohibida en Rusia e incluida en la lista de b\u00fasqueda internacional.<\/p>\n\n\n\n<p>En el comunicado, el ministerio se\u00f1al\u00f3 que el legislador alem\u00e1n dio la bienvenida a las actividades antirrusas llevadas a cabo por terroristas y les pidi\u00f3 ampliar la cooperaci\u00f3n con Alemania. Dicha cooperaci\u00f3n incluye el reclutamiento de migrantes rusos que residen en Alemania para llevar a cabo actos destinados a desestabilizar la situaci\u00f3n sociopol\u00edtica de Rusia.<\/p>\n\n\n\n<p>Mosc\u00fa considera a la reuni\u00f3n \u00abentre un legislador alem\u00e1n y un criminal notorio\u00bb como una prueba irrefutable de que las autoridades alemanas buscan interferir en los asuntos internos de Rusia y representan amenazas claras para la seguridad nacional de Rusia, de acuerdo con el ministerio.<\/p>\n\n\n\n<p><a href=\"https:\/\/www.facebook.com\/sharer\/sharer.php?u=https:\/\/spanish.xinhuanet.com\/20260427\/5331a0cbd20748018fba049991d653da\/c.html\" target=\"_blank\" rel=\"noreferrer noopener\"><\/a>&nbsp;<a href=\"https:\/\/twitter.com\/intent\/tweet?text=Rusia%20convoca%20a%20embajador%20alem%C3%A1n%20por%20reuni%C3%B3n%20de%20legislador%20con%20l%C3%ADder%20terrorista&amp;url=https:\/\/spanish.xinhuanet.com\/20260427\/5331a0cbd20748018fba049991d653da\/c.html\" target=\"_blank\" rel=\"noreferrer noopener\"><\/a>&nbsp;<a target=\"_blank\" href=\"https:\/\/service.weibo.com\/share\/share.php?title=Rusia%20convoca%20a%20embajador%20alem%C3%A1n%20por%20reuni%C3%B3n%20de%20legislador%20con%20l%C3%ADder%20terrorista&amp;url=https:\/\/spanish.xinhuanet.com\/20260427\/5331a0cbd20748018fba049991d653da\/c.html\" rel=\"noreferrer noopener\"><\/a>&nbsp;<a><\/a><\/p>\n\n\n\n<figure class=\"wp-block-image\"><img decoding=\"async\" src=\"https:\/\/imgs.news.cn\/res\/xhwimg\/spanish\/20170522\/img\/jc-xfa.png\" alt=\"\"\/><\/figure>\n","protected":false},"excerpt":{"rendered":"<p>spanish.news.cn|&nbsp;2026-04-27 22:25:01| MOSC\u00da, 27 abr (Xinhua) &#8212; El Ministerio de Relaciones Exteriores de Rusia convoc\u00f3 hoy lunes al embajador alem\u00e1n en Rusia, Alexander Lambsdorff, por una reciente reuni\u00f3n en Kiev entre un legislador alem\u00e1n y el l\u00edder de una organizaci\u00f3n terrorista. Lambsdorff fue convocado a la canciller\u00eda esta ma\u00f1ana, y se present\u00f3 una firme protesta [&hellip;]<\/p>\n","protected":false},"author":2,"featured_media":336093,"comment_status":"open","ping_status":"closed","sticky":false,"template":"","format":"standard","meta":{"footnotes":""},"categories":[23],"tags":[3560],"class_list":["post-675563","post","type-post","status-publish","format-standard","has-post-thumbnail","hentry","category-internacional","tag-rusia"],"_links":{"self":[{"href":"https:\/\/diariodominicano.com\/index.php?rest_route=\/wp\/v2\/posts\/675563","targetHints":{"allow":["GET"]}}],"collection":[{"href":"https:\/\/diariodominicano.com\/index.php?rest_route=\/wp\/v2\/posts"}],"about":[{"href":"https:\/\/diariodominicano.com\/index.php?rest_route=\/wp\/v2\/types\/post"}],"author":[{"embeddable":true,"href":"https:\/\/diariodominicano.com\/index.php?rest_route=\/wp\/v2\/users\/2"}],"replies":[{"embeddable":true,"href":"https:\/\/diariodominicano.com\/index.php?rest_route=%2Fwp%2Fv2%2Fcomments&post=675563"}],"version-history":[{"count":3,"href":"https:\/\/diariodominicano.com\/index.php?rest_route=\/wp\/v2\/posts\/675563\/revisions"}],"predecessor-version":[{"id":675567,"href":"https:\/\/diariodominicano.com\/index.php?rest_route=\/wp\/v2\/posts\/675563\/revisions\/675567"}],"wp:featuredmedia":[{"embeddable":true,"href":"https:\/\/diariodominicano.com\/index.php?rest_route=\/wp\/v2\/media\/336093"}],"wp:attachment":[{"href":"https:\/\/diariodominicano.com\/index.php?rest_route=%2Fwp%2Fv2%2Fmedia&parent=675563"}],"wp:term":[{"taxonomy":"category","embeddable":true,"href":"https:\/\/diariodominicano.com\/index.php?rest_route=%2Fwp%2Fv2%2Fcategories&post=675563"},{"taxonomy":"post_tag","embeddable":true,"href":"https:\/\/diariodominicano.com\/index.php?rest_route=%2Fwp%2Fv2%2Ftags&post=675563"}],"curies":[{"name":"wp","href":"https:\/\/api.w.org\/{rel}","templated":true}]}}