{"id":675552,"date":"2026-04-27T10:26:04","date_gmt":"2026-04-27T14:26:04","guid":{"rendered":"https:\/\/diariodominicano.com\/?p=675552"},"modified":"2026-04-27T10:26:07","modified_gmt":"2026-04-27T14:26:07","slug":"en-vigor-cadena-perpetua-en-el-salvador","status":"publish","type":"post","link":"https:\/\/diariodominicano.com\/?p=675552","title":{"rendered":"En vigor cadena perpetua en El Salvador"},"content":{"rendered":"\n<p>San Salvador, 27 (Prensa Latina) La entrada en vigor de la cadena perpetua en el Salvador es hoy noticia en el pa\u00eds, una reforma penal para delitos considerados de extrema gravedad como homicidios, violaci\u00f3n y pertenencia a pandillas.<\/p>\n\n\n\n<ul class=\"wp-block-list\">\n<li><a href=\"https:\/\/www.prensa-latina.cu\/2026\/04\/27\/\"><time>abril 27, 2026 | 09:56<\/time><\/a><\/li>\n<\/ul>\n\n\n\n<ul class=\"wp-block-list\">\n<li><a href=\"https:\/\/www.prensa-latina.cu\/2026\/04\/27\/en-vigor-cadena-perpetua-en-el-salvador\/#\"><\/a><\/li>\n\n\n\n<li><a href=\"https:\/\/www.prensa-latina.cu\/2026\/04\/27\/en-vigor-cadena-perpetua-en-el-salvador\/#\"><\/a><\/li>\n\n\n\n<li><a href=\"https:\/\/www.prensa-latina.cu\/2026\/04\/27\/en-vigor-cadena-perpetua-en-el-salvador\/#\"><\/a><\/li>\n\n\n\n<li><a href=\"https:\/\/www.prensa-latina.cu\/2026\/04\/27\/en-vigor-cadena-perpetua-en-el-salvador\/#\"><\/a><\/li>\n<\/ul>\n\n\n\n<p>La enmienda entr\u00f3 en vigor luego de 30 d\u00edas de ser ratificada constitucionalmente en la Asamblea Legislativa a solicitud del presidente Nayib Bukele, y publicada el 27 de marzo en el Diario Oficial.<\/p>\n\n\n\n<p>Entre las figuras delictivas reformadas se incluyen los homicidios simple y agravado, feminicidio, violaci\u00f3n en sus distintas formas y la pertenencia a organizaciones criminales o terroristas, categor\u00eda bajo la cual se tipifica ahora a las pandillas.<\/p>\n\n\n\n<p>De tal manera la cadena perpetua se convierte en la \u00fanica pena aplicable para quienes sean condenados por esos delitos sean autores o c\u00f3mplices, incluyendo personas entre 12 y 18 a\u00f1os de edad. Sin embargo, estipula la obligatoriedad de revisi\u00f3n peri\u00f3dica de las condenas.<\/p>\n\n\n\n<p>Aunque el Gobierno defiende la reforma constitucional, organismos internacionales como la Comisi\u00f3n Interamericana de Derechos Humanos y Human Rights Watch han criticado ampliamente la medida y coinciden en que contraviene los est\u00e1ndares internacionales, sobretodo con relaci\u00f3n a la aplicaci\u00f3n de la cadena perpetua a ni\u00f1as, ni\u00f1os y adolescentes.<\/p>\n\n\n\n<p>La propuesta de reforma constitucional para levantar la prohibici\u00f3n de cadena perpetua por la comisi\u00f3n de ciertos delitos graves fue aprobada en la Asamblea Legislativa con una votaci\u00f3n de 59 a favor y uno en contra en medio del contexto de r\u00e9gimen de excepci\u00f3n vigente desde marzo de 2022.<\/p>\n\n\n\n<p>mem\/tdd<\/p>\n","protected":false},"excerpt":{"rendered":"<p>San Salvador, 27 (Prensa Latina) La entrada en vigor de la cadena perpetua en el Salvador es hoy noticia en el pa\u00eds, una reforma penal para delitos considerados de extrema gravedad como homicidios, violaci\u00f3n y pertenencia a pandillas. La enmienda entr\u00f3 en vigor luego de 30 d\u00edas de ser ratificada constitucionalmente en la Asamblea Legislativa [&hellip;]<\/p>\n","protected":false},"author":2,"featured_media":675553,"comment_status":"open","ping_status":"closed","sticky":false,"template":"","format":"standard","meta":{"footnotes":""},"categories":[24,29],"tags":[5693,3869],"class_list":["post-675552","post","type-post","status-publish","format-standard","has-post-thumbnail","hentry","category-justicia-y-derecho","category-policiasucesos","tag-cadena-perpetua","tag-el-salvador"],"_links":{"self":[{"href":"https:\/\/diariodominicano.com\/index.php?rest_route=\/wp\/v2\/posts\/675552","targetHints":{"allow":["GET"]}}],"collection":[{"href":"https:\/\/diariodominicano.com\/index.php?rest_route=\/wp\/v2\/posts"}],"about":[{"href":"https:\/\/diariodominicano.com\/index.php?rest_route=\/wp\/v2\/types\/post"}],"author":[{"embeddable":true,"href":"https:\/\/diariodominicano.com\/index.php?rest_route=\/wp\/v2\/users\/2"}],"replies":[{"embeddable":true,"href":"https:\/\/diariodominicano.com\/index.php?rest_route=%2Fwp%2Fv2%2Fcomments&post=675552"}],"version-history":[{"count":1,"href":"https:\/\/diariodominicano.com\/index.php?rest_route=\/wp\/v2\/posts\/675552\/revisions"}],"predecessor-version":[{"id":675554,"href":"https:\/\/diariodominicano.com\/index.php?rest_route=\/wp\/v2\/posts\/675552\/revisions\/675554"}],"wp:featuredmedia":[{"embeddable":true,"href":"https:\/\/diariodominicano.com\/index.php?rest_route=\/wp\/v2\/media\/675553"}],"wp:attachment":[{"href":"https:\/\/diariodominicano.com\/index.php?rest_route=%2Fwp%2Fv2%2Fmedia&parent=675552"}],"wp:term":[{"taxonomy":"category","embeddable":true,"href":"https:\/\/diariodominicano.com\/index.php?rest_route=%2Fwp%2Fv2%2Fcategories&post=675552"},{"taxonomy":"post_tag","embeddable":true,"href":"https:\/\/diariodominicano.com\/index.php?rest_route=%2Fwp%2Fv2%2Ftags&post=675552"}],"curies":[{"name":"wp","href":"https:\/\/api.w.org\/{rel}","templated":true}]}}