{"id":675549,"date":"2026-04-27T10:23:01","date_gmt":"2026-04-27T14:23:01","guid":{"rendered":"https:\/\/diariodominicano.com\/?p=675549"},"modified":"2026-04-27T10:23:06","modified_gmt":"2026-04-27T14:23:06","slug":"iran-defendera-sus-intereses-en-negociaciones-con-eeuu-dice-teheran","status":"publish","type":"post","link":"https:\/\/diariodominicano.com\/?p=675549","title":{"rendered":"Ir\u00e1n defender\u00e1 sus intereses en negociaciones con EEUU, dice Teher\u00e1n"},"content":{"rendered":"\n<p>Teher\u00e1n, 27 abr (Prensa Latina) El ministro de Asuntos Exteriores de Ir\u00e1n, Abbas Araghchi, afirm\u00f3 hoy que su pa\u00eds debe salvaguardar los intereses nacionales en las pr\u00f3ximas negociaciones con Estados Unidos, previstas bajo mediaci\u00f3n de Pakist\u00e1n.<\/p>\n\n\n\n<ul class=\"wp-block-list\">\n<li><a href=\"https:\/\/www.prensa-latina.cu\/2026\/04\/27\/\"><time>abril 27, 2026 | 03:58<\/time><\/a><\/li>\n<\/ul>\n\n\n\n<ul class=\"wp-block-list\">\n<li><a href=\"https:\/\/www.prensa-latina.cu\/2026\/04\/27\/iran-defendera-sus-intereses-en-negociaciones-con-eeuu-dice-teheran\/#\"><\/a><\/li>\n\n\n\n<li><a href=\"https:\/\/www.prensa-latina.cu\/2026\/04\/27\/iran-defendera-sus-intereses-en-negociaciones-con-eeuu-dice-teheran\/#\"><\/a><\/li>\n\n\n\n<li><a href=\"https:\/\/www.prensa-latina.cu\/2026\/04\/27\/iran-defendera-sus-intereses-en-negociaciones-con-eeuu-dice-teheran\/#\"><\/a><\/li>\n\n\n\n<li><a href=\"https:\/\/www.prensa-latina.cu\/2026\/04\/27\/iran-defendera-sus-intereses-en-negociaciones-con-eeuu-dice-teheran\/#\"><\/a><\/li>\n<\/ul>\n\n\n\n<p>En declaraciones a la televisi\u00f3n estatal iran\u00ed, en el contexto de su visita a San Petersburgo, el jefe de la diplomacia persa subray\u00f3 la necesidad de garantizar los derechos del pueblo iran\u00ed y proteger los intereses del pa\u00eds en cualquier proceso negociador.<\/p>\n\n\n\n<p>Araghchi se\u00f1al\u00f3 que sus conversaciones en Rusia buscan intensificar las consultas con Mosc\u00fa sobre asuntos regionales e internacionales, adem\u00e1s de fortalecer las relaciones bilaterales.<\/p>\n\n\n\n<p>Indic\u00f3 que las reuniones con autoridades rusas permitieron examinar los \u00faltimos acontecimientos relacionados con la guerra y evaluar la situaci\u00f3n actual, al tiempo que destac\u00f3 la importancia de la coordinaci\u00f3n entre ambos pa\u00edses.<\/p>\n\n\n\n<p>En referencia a su visita previa a Islamabad, Araghchi calific\u00f3 de fruct\u00edferas las consultas sostenidas con autoridades pakistan\u00edes, centradas en los acontecimientos recientes y en las condiciones necesarias para reactivar el di\u00e1logo entre Teher\u00e1n y Washington.<\/p>\n\n\n\n<p>Las declaraciones ocurren en medio de los esfuerzos para reanudar negociaciones tras la guerra iniciada el 28 de febrero entre Estados Unidos e Israel contra Ir\u00e1n, conflicto que deriv\u00f3 en ataques iran\u00edes contra objetivos israel\u00edes e intereses estadounidenses en la regi\u00f3n.<\/p>\n\n\n\n<p>El 8 de abril, Washington y Teher\u00e1n anunciaron un alto el fuego temporal mediado por Pakist\u00e1n, seguido de una ronda de conversaciones celebrada el 11 de abril en Islamabad que concluy\u00f3 sin acuerdo.<\/p>\n\n\n\n<p>Posteriormente, el 21 de abril, el presidente estadounidense Donald Trump anunci\u00f3 una pr\u00f3rroga de la tregua, a solicitud de mediadores pakistan\u00edes, mientras se espera una propuesta iran\u00ed para continuar las negociaciones.<\/p>\n\n\n\n<p>ro\/fm<\/p>\n\n\n\n<ul class=\"wp-block-list\">\n<li>#<a href=\"https:\/\/www.prensa-latina.cu\/etiqueta\/eeuu\/\">eeuu<\/a>\u00a0#<a href=\"https:\/\/www.prensa-latina.cu\/etiqueta\/negociaciones\/\">negociaciones<\/a><\/li>\n<\/ul>\n","protected":false},"excerpt":{"rendered":"<p>Teher\u00e1n, 27 abr (Prensa Latina) El ministro de Asuntos Exteriores de Ir\u00e1n, Abbas Araghchi, afirm\u00f3 hoy que su pa\u00eds debe salvaguardar los intereses nacionales en las pr\u00f3ximas negociaciones con Estados Unidos, previstas bajo mediaci\u00f3n de Pakist\u00e1n. En declaraciones a la televisi\u00f3n estatal iran\u00ed, en el contexto de su visita a San Petersburgo, el jefe de [&hellip;]<\/p>\n","protected":false},"author":2,"featured_media":675550,"comment_status":"open","ping_status":"closed","sticky":false,"template":"","format":"standard","meta":{"footnotes":""},"categories":[23],"tags":[2908,5090],"class_list":["post-675549","post","type-post","status-publish","format-standard","has-post-thumbnail","hentry","category-internacional","tag-iran","tag-teheran"],"_links":{"self":[{"href":"https:\/\/diariodominicano.com\/index.php?rest_route=\/wp\/v2\/posts\/675549","targetHints":{"allow":["GET"]}}],"collection":[{"href":"https:\/\/diariodominicano.com\/index.php?rest_route=\/wp\/v2\/posts"}],"about":[{"href":"https:\/\/diariodominicano.com\/index.php?rest_route=\/wp\/v2\/types\/post"}],"author":[{"embeddable":true,"href":"https:\/\/diariodominicano.com\/index.php?rest_route=\/wp\/v2\/users\/2"}],"replies":[{"embeddable":true,"href":"https:\/\/diariodominicano.com\/index.php?rest_route=%2Fwp%2Fv2%2Fcomments&post=675549"}],"version-history":[{"count":1,"href":"https:\/\/diariodominicano.com\/index.php?rest_route=\/wp\/v2\/posts\/675549\/revisions"}],"predecessor-version":[{"id":675551,"href":"https:\/\/diariodominicano.com\/index.php?rest_route=\/wp\/v2\/posts\/675549\/revisions\/675551"}],"wp:featuredmedia":[{"embeddable":true,"href":"https:\/\/diariodominicano.com\/index.php?rest_route=\/wp\/v2\/media\/675550"}],"wp:attachment":[{"href":"https:\/\/diariodominicano.com\/index.php?rest_route=%2Fwp%2Fv2%2Fmedia&parent=675549"}],"wp:term":[{"taxonomy":"category","embeddable":true,"href":"https:\/\/diariodominicano.com\/index.php?rest_route=%2Fwp%2Fv2%2Fcategories&post=675549"},{"taxonomy":"post_tag","embeddable":true,"href":"https:\/\/diariodominicano.com\/index.php?rest_route=%2Fwp%2Fv2%2Ftags&post=675549"}],"curies":[{"name":"wp","href":"https:\/\/api.w.org\/{rel}","templated":true}]}}