{"id":675539,"date":"2026-04-27T10:02:25","date_gmt":"2026-04-27T14:02:25","guid":{"rendered":"https:\/\/diariodominicano.com\/?p=675539"},"modified":"2026-04-27T10:13:17","modified_gmt":"2026-04-27T14:13:17","slug":"enterate-ny-144","status":"publish","type":"post","link":"https:\/\/diariodominicano.com\/?p=675539","title":{"rendered":"Ent\u00e9rate NY"},"content":{"rendered":"\n<p><strong>PERIODISMO INFORMATIVO Y CR\u00cdTICO AL SERVICIO DE LA COMUNIDAD<\/strong><\/p>\n\n\n\n<p><strong>Por Ram\u00f3n Mercedes<\/strong><\/p>\n\n\n\n<p><strong>\u25baAs\u00ed es:<\/strong>\u00a0<\/p>\n\n\n\n<p>\u201cLos hombres p\u00fablicos a veces quisi\u00e9ramos que siempre se dijera solo las cosas buenas, pero si la prensa actuara as\u00ed, estar\u00eda incumpliendo con su responsabilidad\u201d. \u201cLos periodistas tienen el deber sagrado de llevar la informaci\u00f3n para que el pueblo se forje su opini\u00f3n\u201d\u00a0<strong>(Eligio J\u00e1quez-c\u00f3nsul en NY. Abril 2021).<\/strong><\/p>\n\n\n\n<figure class=\"wp-block-image size-full\"><img loading=\"lazy\" decoding=\"async\" width=\"375\" height=\"359\" src=\"https:\/\/diariodominicano.com\/wp-content\/uploads\/2026\/04\/Parrafo-2.-\u25baAdvertida-la-estratagema-en-PRM-NY.jpg\" alt=\"\" class=\"wp-image-675542\" srcset=\"https:\/\/diariodominicano.com\/wp-content\/uploads\/2026\/04\/Parrafo-2.-\u25baAdvertida-la-estratagema-en-PRM-NY.jpg 375w, https:\/\/diariodominicano.com\/wp-content\/uploads\/2026\/04\/Parrafo-2.-\u25baAdvertida-la-estratagema-en-PRM-NY-300x287.jpg 300w\" sizes=\"auto, (max-width: 375px) 100vw, 375px\" \/><\/figure>\n\n\n\n<p><strong>\u25baAdvertida la estratagema en PRM-NY:<\/strong><\/p>\n\n\n\n<p>\u00a0En la columna del pasado lunes 13, advertimos de la estratagema en el PRM-NY. \u201cHay 7 candidatos a la presidencia y 9 a la secretar\u00eda general. A la semana siguiente, subieron a 26 y 29 los aspirantes, porque hay dos candidatos que han inscrito al vapor militantes, primos, amigos y familiares en ambas posiciones, para que luego declinen a su favor y presentarse como &#8216;Tarz\u00e1n&#8217; ante la Comisi\u00f3n Nacional de Consensos (CNC), creada para trabajar con las seccionales del exterior. \u00a1Uff! Dicen que ya se cumpli\u00f3 la estratagema (enga\u00f1o hecho con astucia para conseguir algo). El pasado fin de semana declinaron un paquet\u00f3n de los llamados precandidatos a favor de Luis Ducasse (presidencia), expresidente de la seccional y actual gestor comercial y cultural del Centro de Exportaciones e Importaciones de la RD en NY (decreto 227-21); adem\u00e1s, coordinador de Yayo Lovat\u00f3n. Asimismo, otro paquet\u00f3n a favor de la vicec\u00f3nsul Isaura Nivar (secretar\u00eda general), esposa de Neftal\u00ed Fuerte, coordinador de \u201cpap\u00e1\u201d y Carolina Mej\u00eda. Se cre\u00f3 una subcomisi\u00f3n encabezada por el propio Fuerte, como secretario del partido en el exterior. Juez y parte, diiicen. Ya se est\u00e1 vendiendo el &#8216;binomio del consenso y la unidad&#8217;, &#8216;lo que quiere la base en los nuevayores&#8217;. \u00bfImposici\u00f3n? \u00a1Huum! Est\u00e1 circulando el art\u00edculo period\u00edstico: \u00bfConsenso o asalto a la seccional del PRM-NY? Compa\u00f1eros cantan en los diferentes condados\u00a0<strong>=<\/strong>\u00a0<a href=\"https:\/\/www.youtube.com\/watch?v=ifS99okCSzo&amp;list=RDifS99okCSzo&amp;start_radio=1\" target=\"_blank\" rel=\"noreferrer noopener\">https:\/\/www.youtube.com\/watch?v=ifS99okCSzo&amp;list=RDifS99okCSzo&amp;start_radio=1<\/a><\/p>\n\n\n\n<figure class=\"wp-block-image size-full\"><img loading=\"lazy\" decoding=\"async\" width=\"514\" height=\"571\" src=\"https:\/\/diariodominicano.com\/wp-content\/uploads\/2026\/04\/Parrafo-3.-La-nueva-cedula-1.jpg\" alt=\"\" class=\"wp-image-675543\" srcset=\"https:\/\/diariodominicano.com\/wp-content\/uploads\/2026\/04\/Parrafo-3.-La-nueva-cedula-1.jpg 514w, https:\/\/diariodominicano.com\/wp-content\/uploads\/2026\/04\/Parrafo-3.-La-nueva-cedula-1-270x300.jpg 270w\" sizes=\"auto, (max-width: 514px) 100vw, 514px\" \/><\/figure>\n\n\n\n<p><strong>\u25baLa nueva c\u00e9dula:<\/strong>\u00a0<\/p>\n\n\n\n<p>La entidad Prensa &amp; Comunidad Hispana (PreCoHis), dirigida por el autor de esta columna, con su lema \u00abluchando por el inter\u00e9s colectivo hispano en EE. UU.\u00bb, inicia la campa\u00f1a haciendo un llamado a los distintos sectores de la comunidad dominicana en el exterior, para que sus familiares, amigos y allegados se preparen y obtengan la nueva c\u00e9dula de identidad y electoral, que entregar\u00e1 la JCE a partir del pr\u00f3ximo 20 de mayo en el exterior. \u00a1Su c\u00e9dula es usted, porque su identidad es \u00fanica! El nuevo documento incorpora avances significativos y altos est\u00e1ndares de seguridad, evitando as\u00ed la suplantaci\u00f3n de identidad por terceros, para cometer actos delictivos. Para obtenerla, visita:\u00a0<a href=\"https:\/\/citas.jce.gob.do\/\" target=\"_blank\" rel=\"noreferrer noopener\">https:\/\/citas.jce.gob.do\/<\/a>\u00a0En el mes de tu cumplea\u00f1os, puedes acudir sin cita al local de la JCE. Si es la primera vez que la solicitas, puedes visitar cualquier centro de cedulaci\u00f3n, sin importar la fecha de nacimiento. Si ya posees la certificaci\u00f3n de c\u00e9dula, puedes programar su cita de manera sencilla.<\/p>\n\n\n\n<figure class=\"wp-block-image size-full\"><img loading=\"lazy\" decoding=\"async\" width=\"446\" height=\"445\" src=\"https:\/\/diariodominicano.com\/wp-content\/uploads\/2026\/04\/Parrafo-4.-Problemas-en-FP-NY.jpg\" alt=\"\" class=\"wp-image-675544\" srcset=\"https:\/\/diariodominicano.com\/wp-content\/uploads\/2026\/04\/Parrafo-4.-Problemas-en-FP-NY.jpg 446w, https:\/\/diariodominicano.com\/wp-content\/uploads\/2026\/04\/Parrafo-4.-Problemas-en-FP-NY-300x300.jpg 300w, https:\/\/diariodominicano.com\/wp-content\/uploads\/2026\/04\/Parrafo-4.-Problemas-en-FP-NY-150x150.jpg 150w, https:\/\/diariodominicano.com\/wp-content\/uploads\/2026\/04\/Parrafo-4.-Problemas-en-FP-NY-88x88.jpg 88w\" sizes=\"auto, (max-width: 446px) 100vw, 446px\" \/><\/figure>\n\n\n\n<p><strong>\u25ba\u00bfProblemas en FP-NY?:<\/strong><\/p>\n\n\n\n<p>\u00a0Todo indica que s\u00ed, debido a la designaci\u00f3n de Odell A. Suero como secretario general en NY, por lo conflictivo que es al interior de la entidad. Ha creado y mantiene conflicto con la mayor\u00eda de los altos dirigentes y muchos de la base; hay un descontento generalizado, diiicen. Incluso, el valorado y reconocido dirigente en Long Island, V\u00edctor Acosta, presidente del partido all\u00ed, public\u00f3 la semana pasada en su Facebook: \u201cBueno, se\u00f1ores, se escucha un run run de renuncias masivas de la FP-NY, entre otras cosas.\u201d Luego borr\u00f3 su publicaci\u00f3n. Muchos \u201cleoncitos\u201d (del Comit\u00e9 Central -CC-, dirigentes y de base) en la Gran Manzana, diiicen que, con Suero, la unidad no estar\u00e1 garantizada, ni la coordinaci\u00f3n partidaria, ni la consolidaci\u00f3n ni la efectividad en el trabajo pol\u00edtico; \u00e9l impondr\u00e1 el \u201cyo\u00edsmo\u201d, diiicen. Se autoproclam\u00f3 vocero de la FP en NY y todo el exterior. \u00a1Uff! Actualmente es miembro del CC. Parece que se le har\u00e1 cuesta arriba coordinar con los \u201cleoncitos\u201d en El Bronx, Manhattan, Brooklyn, Queens y Long Island, cada uno con din\u00e1micas y corrientes propias. \u00a1Ah! Dicen que tuvo un respaldo por delante y por detr\u00e1s ante el Comit\u00e9 Pol\u00edtico en RD. \u00a1Huumm!<\/p>\n\n\n\n<figure class=\"wp-block-image size-full\"><img loading=\"lazy\" decoding=\"async\" width=\"660\" height=\"480\" src=\"https:\/\/diariodominicano.com\/wp-content\/uploads\/2026\/04\/Parrafo-5.-Aumento-excesivo-del-gasto-publico-en-RD.jpg\" alt=\"\" class=\"wp-image-675545\" srcset=\"https:\/\/diariodominicano.com\/wp-content\/uploads\/2026\/04\/Parrafo-5.-Aumento-excesivo-del-gasto-publico-en-RD.jpg 660w, https:\/\/diariodominicano.com\/wp-content\/uploads\/2026\/04\/Parrafo-5.-Aumento-excesivo-del-gasto-publico-en-RD-300x218.jpg 300w\" sizes=\"auto, (max-width: 660px) 100vw, 660px\" \/><\/figure>\n\n\n\n<p><strong>\u25ba\u00bfAumento excesivo del gasto p\u00fablico en RD?:<\/strong><\/p>\n\n\n\n<p>\u00a0Hablaban, discut\u00edan, se interrump\u00edan e incluso medio se ofend\u00edan algunos cuando no les daban chance al bla, bla, bla para exponer sus \u201cbrillantes\u201d opiniones sobre el gasto p\u00fablico en RD, luego de leer, el pasado fin de semana, en un prestigioso medio dominicano: \u201cGobierno Central eleva gasto en salarios y beneficios a m\u00e1s de RD$361 mil millones en 2025\u201d. \u00a1Ay, ay, ay! Economistas como Andy Dauhajre (alto nivel), Juan Ariel Jim\u00e9nez (experto en pol\u00edticas p\u00fablicas) y Mag\u00edn D\u00edaz (experto fiscal) se pod\u00edan unir al grupo de \u201csabi\u00f3logos\u201d y \u201copin\u00f3logos\u201d que \u201cporfiaban\u201d en Broadway con la calle 179, en el Alto Manhattan.\u00a0<strong>Veamos:<\/strong>\u00a0<strong>1-<\/strong>\u00a0El gasto total ascendi\u00f3 en RD$361,092 millones en 2025, frente a RD$338,157 millones en 2024, un aumento de RD$22,935 millones, de acuerdo con el Estado de Recaudaci\u00f3n e Inversi\u00f3n de las Rentas, publicado por Industria y Comercio.\u00a0<strong>2-<\/strong>\u00a0El mayor peso del gasto se concentra en los sueldos fijos, por RD$240,854 millones, por encima de los RD$226,931 millones de 2024.\u00a0<strong>3-<\/strong>\u00a0A esto se suman los sueldos temporeros, que subieron a RD$21,184 millones, desde RD$17,335 millones en 2024.\u00a0<strong>4-<\/strong>\u00a0Las dietas y gastos disminuyeron, de RD$2,008 millones en 2024, a RD$744 millones en 2025.<\/p>\n\n\n\n<p><strong>\u25baTruena por alimentos a empleados en RD:<\/strong>\u00a0<\/p>\n\n\n\n<p>La senadora del PRM por Puerto Plata, Ginette Bournigal, critic\u00f3 el pasado fin de semana al gobierno por gastar m\u00e1s de RD$1,152 millones en desayunos, almuerzos y cenas para empleados p\u00fablicos, entre enero de 2024 y abril de 2026. Calific\u00f3 como \u201cnecesario y urgente\u201d racionalizar este tipo de erogaciones, que incluyen contrataciones recurrentes. \u00a1Uff! Diiicen que Leonel y Danilo tienen raz\u00f3n al manifestar: \u201cLos sacrificios econ\u00f3micos los debe asumir el Gobierno\u201d. \u201cLa econom\u00eda dominicana no puede resistir el nivel del gasto p\u00fablico actual\u201d.<\/p>\n\n\n\n<figure class=\"wp-block-image size-full\"><img loading=\"lazy\" decoding=\"async\" width=\"678\" height=\"424\" src=\"https:\/\/diariodominicano.com\/wp-content\/uploads\/2026\/04\/Parrafo-7.-A-la-clase-politica-RD-NY-ciega-sorda-y-muda-1.jpg\" alt=\"\" class=\"wp-image-675546\" srcset=\"https:\/\/diariodominicano.com\/wp-content\/uploads\/2026\/04\/Parrafo-7.-A-la-clase-politica-RD-NY-ciega-sorda-y-muda-1.jpg 678w, https:\/\/diariodominicano.com\/wp-content\/uploads\/2026\/04\/Parrafo-7.-A-la-clase-politica-RD-NY-ciega-sorda-y-muda-1-300x188.jpg 300w\" sizes=\"auto, (max-width: 678px) 100vw, 678px\" \/><\/figure>\n\n\n\n<p><strong>\u25baA la clase pol\u00edtica RD-NY, ciega, sorda y muda:<\/strong><\/p>\n\n\n\n<p>\u00a0M\u00faltiples cartas nos han enviado dominicanos residentes en los cinco condados. No agregamos las de Yonkers, Nueva Jersey, Pensilvania ni Connecticut, entre otros lugares. Ni quito ni pongo: recientes reportajes publicados por el colega periodista Johnny Trinidad en el peri\u00f3dico AlMomento, sobre la comunidad dominicana en NYC, no tienen desperdicio. Tanto pol\u00edticos, comunitarios, profesionales, empresarios, periodistas, comerciantes y ciudadanos comunes deber\u00edan tomar carta, sin p\u00e9rdida de tiempo, a favor de sus connacionales en la urbe, y no seguir haci\u00e9ndose los ciegos, sordos y mudos, como Balaguer. S\u00ed, ciegos, sordos y mudos, como Balaguer.\u00a0<strong>Veamos:\u00a01.<\/strong>\u00a0Diputados de ultramar: siete curules sin pueblo.\u00a0<strong>2.<\/strong>\u00a0Desuni\u00f3n: la principal retranca de los dominicanos en NY.\u00a0<strong>3.<\/strong>\u00a0Crecimiento y transformaci\u00f3n de la comunidad dominicana en NY.\u00a04.\u00a0Desfile dominicano en El Bronx: \u00bfnegocio y figureo?\u00a0<strong>5.<\/strong>\u00a0Los altos precios de la canasta b\u00e1sica ahogan a familias en NY y RD.\u00a0<strong>6.<\/strong>\u00a0Lo que deber\u00eda hacer el INDEX y no hace, o hace a medias.\u00a0<strong>7.<\/strong>\u00a0Alianza Dominicana: una entelequia.\u00a0<strong>8.<\/strong>\u00a0Gobierno RD, PRM-NY y los reconocimientos: \u00bfm\u00e9rito o militancia?\u00a0<strong>9.<\/strong>\u00a0Desde 2020, los dominicanos en la ciudad de NY son cada vez menos.\u00a0<strong>10.<\/strong>\u00a0Fichar deportados: \u00bfseguridad o doble castigo?\u00a0<strong>11.<\/strong>\u00a0Dominicanos deportados \u00abpor cualquier caball\u00e1\u00bb y sin pensi\u00f3n.\u00a0<strong>12.<\/strong>\u00a0Disminuye la poblaci\u00f3n dominicana en Nueva York.\u00a0<strong>13.<\/strong>\u00a0Dominicanos que han puesto el nombre de RD en alto en NY.\u00a0<strong>14.<\/strong>\u00a0El \u201cconsenso\u201d del PRM en NY: cuando la base vota, pero no elige.\u00a0<strong>15.<\/strong>\u00a0N\u00f3mina del Consulado RD en NY: salarios, reforma y transparencia.<\/p>\n\n\n\n<p><strong>\u25baLos 7 diputados del PRM en el exterior:<\/strong>\u00a0<\/p>\n\n\n\n<p>Diiicen en sus misivas que los 7 diputados del PRM en el exterior\u00a0=\u00a0Allantes, Bultos y Movimientos (ABM), no han sido capaces de presentar un solo proyecto de ley que beneficie a sus connacionales en ultramar (resoluciones y resoluciones solo para cumplir requisitos, las cuales se quedan engavetadas). Muchos reconocimientos y apariciones en fotos en los medios durante actividades. Gran trabajo legislativo. \u00a1Uff! Dicen que el n\u00famero 7, en numerolog\u00eda, se considera un n\u00famero de protecci\u00f3n, fortuna y el cierre de ciclos para la renovaci\u00f3n. \u00a1Ay, ay, ay! Un ciudadano en Broadway vocifer\u00f3: \u201cLa comunidad dominicana en el exterior no ha tenido suerte con sus pol\u00edticos. Hu\u00e9rfana siempre\u201d. Otro contest\u00f3: \u201cLos diputados en el exterior son como la auyama\u201d. Entre sus beneficios:\u00a0<strong>1)<\/strong>\u00a0RD$320 mil de sueldo;\u00a0<strong>2)<\/strong>\u00a0Cofrecito para \u201casistencia social\u201d de RD$87 mil mensuales;\u00a0<strong>3)<\/strong>\u00a0RD$35 mil para gastos de representaci\u00f3n;\u00a0<strong>4)<\/strong>\u00a0Dieta: RD$45 mil;\u00a0<strong>5)<\/strong>\u00a0RD$20 mil de combustible;\u00a0<strong>6)<\/strong>\u00a0Dos exoneraciones por cada per\u00edodo (Porsches, Ferraris, Lamborghinis, Rolls-Royce, McLaren, Aston Martin, entre otras marcas); hospedaje en hoteles;\u00a0<strong>7)<\/strong>\u00a0Seguros de salud internacional;\u00a0<strong>8)<\/strong>\u00a0Empleados asignados: Asistente $35,200; chofer $49,500; mensajero $27,500; secretaria $33,000;\u00a0<strong>9)<\/strong>\u00a0Bonos especiales para Navidad, Reyes y D\u00eda de las Madres;\u00a0<strong>10)<\/strong>\u00a0\u00abPer saecula saeculorum\u00bb\u00a0<strong>=<\/strong>\u00a0\u201cPor los siglos de los siglos\u201d.<\/p>\n\n\n\n<p><strong>\u25baEmbajada EUA en RD:<\/strong>\u00a0<\/p>\n\n\n\n<p>Cinco a\u00f1os se exige para transmitir ciudadan\u00eda a hijos nacidos en el extranjero, y unos de sus padres deber\u00e1 ser ciudadano-USA. Para solicitar un pasaporte estadounidense o un Informe Consular de Nacimiento en el Extranjero (CRBA), los padres deben presentar todos los documentos originales requeridos durante la cita consular, los cuales ser\u00e1n devueltos tras la entrevista. La ausencia de documentaci\u00f3n puede generar retrasos o la necesidad de reprogramar el proceso, advirti\u00f3 la misi\u00f3n diplom\u00e1tica. Los oficiales consulares tambi\u00e9n pueden requerir pruebas adicionales, incluida la posibilidad de un examen de ADN para confirmar el v\u00ednculo biol\u00f3gico.<\/p>\n\n\n\n<figure class=\"wp-block-image size-full\"><img loading=\"lazy\" decoding=\"async\" width=\"556\" height=\"490\" src=\"https:\/\/diariodominicano.com\/wp-content\/uploads\/2026\/04\/Parrafo-10.-Un-valor-dominicano-en-NY-.jpg\" alt=\"\" class=\"wp-image-675547\" srcset=\"https:\/\/diariodominicano.com\/wp-content\/uploads\/2026\/04\/Parrafo-10.-Un-valor-dominicano-en-NY-.jpg 556w, https:\/\/diariodominicano.com\/wp-content\/uploads\/2026\/04\/Parrafo-10.-Un-valor-dominicano-en-NY--300x264.jpg 300w\" sizes=\"auto, (max-width: 556px) 100vw, 556px\" \/><\/figure>\n\n\n\n<p><strong>\u25baUn valor dominicano en NY:<\/strong><\/p>\n\n\n\n<p>\u00a0La dominicana Mary King lleg\u00f3 a NYC con apenas tres a\u00f1os, termin\u00f3 la escuela secundaria y luego se licenci\u00f3 en econom\u00eda en la Universidad Binghamton de NY. Regres\u00f3 a NYC para trabajar con organizaciones sin fines de lucro cuyo objetivo era el servicio social. Entendi\u00f3 que su vocaci\u00f3n era ayudar, especialmente a los m\u00e1s vulnerables. Ingres\u00f3 al NYPD y se gradu\u00f3 en 2005. Empez\u00f3 a entender que ser polic\u00eda, mujer y latina le daba la identidad y ventaja para abordar, con mayor cercan\u00eda, reportes muy dolorosos, como los de violencia dom\u00e9stica, en su propio idioma y cultura. \u201cFue muy emocionante poder ayudar a cientos de personas que llegaban a la comisar\u00eda, arrastrando grandes tragedias personales, agresiones y abusos. Para m\u00ed, esa fue una satisfacci\u00f3n inmensa: ser un puente de justicia para miles de v\u00edctimas, poniendo en alto la bandera tricolor, dice. Si usted la ve caminar por ah\u00ed, como lo hace de costumbre, d\u00edgale: \u00abMary, usted es un valor dominicano en NY\u00bb.<\/p>\n\n\n\n<p><strong>\u25baServicio comunitario:<\/strong>&nbsp;Para buscar ayuda legal a tiempo, visite =&nbsp;<a href=\"https:\/\/www.lsc.gov\/\" rel=\"noreferrer noopener\" target=\"_blank\">https:\/\/www.lsc.gov\/<\/a><\/p>\n\n\n\n<p><strong>\u25baCultura General:<\/strong><\/p>\n\n\n\n<p>\u00a0La competencia dentro de una amistad, a veces, se esconde en peque\u00f1os comentarios o en reacciones fr\u00edas. \u00bfC\u00f3mo reconocer? Se\u00f1ales m\u00e1s comunes de que un amigo podr\u00eda estar compitiendo con usted de forma pasiva, sin que lo conozca, seg\u00fan la psic\u00f3loga Sing:\u00a0<strong>1-<\/strong>\u00a0Su amigo constantemente minimiza sus logros o cambia el tema cuando compartes algo positivo; por ejemplo: \u201ceso es facil\u00edsimo, yo lo hubiese hecho m\u00e1s r\u00e1pido\u201d.\u00a0<strong>2-<\/strong>\u00a0Le responde de manera ambigua, con poca o ninguna alegr\u00eda ante sus \u00e9xitos.\u00a03-\u00a0Realiza comparaciones de manera frecuente al momento de compartir alguna experiencia.\u00a0<strong>4-<\/strong>\u00a0Le imita constantemente al mismo tiempo que le hace cr\u00edticas, incluso cuando lo que compartes es algo positivo. El refr\u00e1n pueblerino, dice: \u201cPor delante pelan el diente y por detr\u00e1s meten el cuchillo\u201d.<\/p>\n\n\n\n<p><strong>\u25baSalud:<\/strong>\u00a0<\/p>\n\n\n\n<p>Los s\u00edntomas de pulmones enfermos incluyen tos persistente (seca o con flema\/sangre), dificultad para respirar (disnea), sibilancias o silbidos al respirar, fatiga cr\u00f3nica, dolor en el pecho, p\u00e9rdida de peso inexplicada e infecciones respiratorias frecuentes. Es vital buscar atenci\u00f3n m\u00e9dica.<\/p>\n\n\n\n<p><strong>\u25baCita:<\/strong><\/p>\n\n\n\n<p>\u00a0\u201cNo hay enemigo peor que el que trae rostro de amigo\u201d\u00a0=\u00a0Juan Ruiz de Alarc\u00f3n, escritor mexicano, dramaturgo y abogado.\u00a0<\/p>\n\n\n\n<p><strong>\u25baD\u00f3lar y Euro hasta este domingo 26:<\/strong>\u00a0<\/p>\n\n\n\n<p>Compra del d\u00f3lar\u00a0=\u00a0$58.51 y venta\u00a0=\u00a0$60.80; Compra euro\u00a0=\u00a0$68.28 y venta\u00a0=\u00a0$72.61<\/p>\n\n\n\n<p><strong>\u25baCombustibles no subir\u00e1n de precios:\u00a0<\/strong><\/p>\n\n\n\n<p>Del 25 al 01 de mayo: Gasolina Premium\u00a0=\u00a0$314.10\u00a0Regular\u00a0=\u00a0$294.50. Gasoil Optimo\u00a0=\u00a0$266.10 Regular\u00a0=\u00a0$246.80<\/p>\n\n\n\n<p><strong>\u25baCilindros de 100 libras&nbsp;=<\/strong>&nbsp;$3,429.95. De 50 libras&nbsp;=&nbsp;$1,714.98. De 25 libras&nbsp;=&nbsp;$857.49. De 15 libras&nbsp;=&nbsp;$514.49. Gas licuado&nbsp;=&nbsp;$137.20 y Gas natural&nbsp;=&nbsp;$43.97.<\/p>\n\n\n\n<p><strong>\u25baPara comunicarse con nosotros:<\/strong>&nbsp;<a href=\"mailto:santodomingoaldia@yahoo.com\" rel=\"noreferrer noopener\" target=\"_blank\">santodomingoaldia@yahoo.com<\/a><\/p>\n","protected":false},"excerpt":{"rendered":"<p>PERIODISMO INFORMATIVO Y CR\u00cdTICO AL SERVICIO DE LA COMUNIDAD Por Ram\u00f3n Mercedes \u25baAs\u00ed es:\u00a0 \u201cLos hombres p\u00fablicos a veces quisi\u00e9ramos que siempre se dijera solo las cosas buenas, pero si la prensa actuara as\u00ed, estar\u00eda incumpliendo con su responsabilidad\u201d. \u201cLos periodistas tienen el deber sagrado de llevar la informaci\u00f3n para que el pueblo se forje [&hellip;]<\/p>\n","protected":false},"author":2,"featured_media":404115,"comment_status":"open","ping_status":"closed","sticky":false,"template":"","format":"standard","meta":{"footnotes":""},"categories":[36,19,16,22,27],"tags":[205,181],"class_list":["post-675539","post","type-post","status-publish","format-standard","has-post-thumbnail","hentry","category-hombresmujeresycosas","category-mi-voz","category-opiniones","category-politica","category-portada","tag-enterate-ny","tag-ramon-mercedes"],"_links":{"self":[{"href":"https:\/\/diariodominicano.com\/index.php?rest_route=\/wp\/v2\/posts\/675539","targetHints":{"allow":["GET"]}}],"collection":[{"href":"https:\/\/diariodominicano.com\/index.php?rest_route=\/wp\/v2\/posts"}],"about":[{"href":"https:\/\/diariodominicano.com\/index.php?rest_route=\/wp\/v2\/types\/post"}],"author":[{"embeddable":true,"href":"https:\/\/diariodominicano.com\/index.php?rest_route=\/wp\/v2\/users\/2"}],"replies":[{"embeddable":true,"href":"https:\/\/diariodominicano.com\/index.php?rest_route=%2Fwp%2Fv2%2Fcomments&post=675539"}],"version-history":[{"count":2,"href":"https:\/\/diariodominicano.com\/index.php?rest_route=\/wp\/v2\/posts\/675539\/revisions"}],"predecessor-version":[{"id":675548,"href":"https:\/\/diariodominicano.com\/index.php?rest_route=\/wp\/v2\/posts\/675539\/revisions\/675548"}],"wp:featuredmedia":[{"embeddable":true,"href":"https:\/\/diariodominicano.com\/index.php?rest_route=\/wp\/v2\/media\/404115"}],"wp:attachment":[{"href":"https:\/\/diariodominicano.com\/index.php?rest_route=%2Fwp%2Fv2%2Fmedia&parent=675539"}],"wp:term":[{"taxonomy":"category","embeddable":true,"href":"https:\/\/diariodominicano.com\/index.php?rest_route=%2Fwp%2Fv2%2Fcategories&post=675539"},{"taxonomy":"post_tag","embeddable":true,"href":"https:\/\/diariodominicano.com\/index.php?rest_route=%2Fwp%2Fv2%2Ftags&post=675539"}],"curies":[{"name":"wp","href":"https:\/\/api.w.org\/{rel}","templated":true}]}}