{"id":675531,"date":"2026-04-27T02:33:10","date_gmt":"2026-04-27T06:33:10","guid":{"rendered":"https:\/\/diariodominicano.com\/?p=675531"},"modified":"2026-04-27T02:33:16","modified_gmt":"2026-04-27T06:33:16","slug":"abinader-inaugura-carretera-mata-bonita-los-memisos-de-13-8-kilometros-en-las-gordas-nagua","status":"publish","type":"post","link":"https:\/\/diariodominicano.com\/?p=675531","title":{"rendered":"Abinader inaugura carretera Mata Bonita\u2013Los Memisos de 13.8 kil\u00f3metros en Las Gordas, Nagua"},"content":{"rendered":"\n<h3 class=\"wp-block-heading\">Administrador de Egehid, Rafael Salazar, dice que la obra responde a la visi\u00f3n del presidente Abinader de llevar soluciones a las comunidades.<\/h3>\n\n\n\n<p>26 de Abril 2026 <\/p>\n\n\n\n<p>r:<\/p>\n\n\n\n<figure class=\"wp-block-image\"><img decoding=\"async\" src=\"https:\/\/platform-cdn.sharethis.com\/img\/facebook.svg\" alt=\"facebook sharing button\"\/><\/figure>\n\n\n\n<figure class=\"wp-block-image\"><img decoding=\"async\" src=\"https:\/\/platform-cdn.sharethis.com\/img\/sharethis.svg\" alt=\"sharethis sharing button\"\/><\/figure>\n\n\n\n<p>Mar\u00eda Trinidad S\u00e1nchez.\u2013&nbsp;<strong>El presidente Luis Abinader<\/strong>&nbsp;inaugur\u00f3 este domingo la&nbsp;<strong>carretera Mata Bonita\u2013Los Memisos<\/strong>, de 13.8 kil\u00f3metros de longitud, en el distrito municipal de&nbsp;<strong>Las Gordas<\/strong>, municipio de&nbsp;<strong>Nagua<\/strong>, construida por la Empresa de Generaci\u00f3n Hidroel\u00e9ctrica Dominicana (Egehid), en respuesta a un&nbsp;<strong>reclamo de m\u00e1s de 50 a\u00f1os<\/strong>&nbsp;de las comunidades de la zona.<\/p>\n\n\n\n<p>La v\u00eda, con una inversi\u00f3n superior a&nbsp;<strong>RD 281 millones<\/strong>, impacta directamente a las comunidades de&nbsp;<strong>Los Memisos, Mata Bonita, Los Guayabitos, Las Catalinas<\/strong>&nbsp;y otras zonas de Las Gordas, adem\u00e1s de garantizar el&nbsp;<strong>acceso<\/strong>&nbsp;seguro de equipos y maquinarias a la&nbsp;<strong>Central Hidroel\u00e9ctrica Rosa Julia de la Cruz (Boba).<\/strong><\/p>\n\n\n\n<p>Los trabajos incluyeron la construcci\u00f3n de contenes, canaletas, badenes, alcantarillas, un puente bad\u00e9n, gaviones, protecci\u00f3n de taludes, base triturada, imprimaci\u00f3n, hormig\u00f3n asf\u00e1ltico caliente, asfaltado, as\u00ed como se\u00f1alizaci\u00f3n vertical y horizontal.<\/p>\n\n\n\n<p>En el acto, el administrador de Egehid,&nbsp;<strong>Rafael Salazar<\/strong>, destac\u00f3 que la obra responde a una visi\u00f3n del presidente Luis Abinader de impactar directamente a las comunidades con mayores necesidades, priorizando&nbsp;<strong>soluciones&nbsp;<\/strong>que mejoren l<strong>a calidad de vida&nbsp;<\/strong>el acceso a<strong>&nbsp;la salud y a la educaci\u00f3n,&nbsp;<\/strong>adem\u00e1s del<strong>&nbsp;desarrollo productivo<\/strong>.<\/p>\n\n\n\n<figure class=\"wp-block-image\"><img decoding=\"async\" src=\"https:\/\/www.presidencia.gob.do\/sites\/default\/files\/inline-images\/1001569851.jpg\" alt=\"\"\/><\/figure>\n\n\n\n<p>Se\u00f1al\u00f3 que ha sido muy edificante trabajar junto con una&nbsp;<strong>comunidad integrada y comprometida<\/strong>, resaltando que esta carretera permite a los ciudadanos movilizarse con mayor rapidez ante&nbsp;<strong>emergencias<\/strong>, facilita el acceso de los&nbsp;<strong>estudiantes<\/strong>&nbsp;a sus centros educativos y mejora las condiciones para la&nbsp;<strong>producci\u00f3n agr\u00edcola<\/strong>. Asimismo, explic\u00f3 que la v\u00eda, de unos&nbsp;<strong>13.8 kil\u00f3metros<\/strong>, incluy\u00f3 accesos integrados y fue ampliada incorporando&nbsp;<strong>elementos adicionales solicitados por la comunidad<\/strong>, seg\u00fan la orientaci\u00f3n del mandatario de aprovechar al m\u00e1ximo los recursos para elevar el&nbsp;<strong>bienestar de la gente.<\/strong><\/p>\n\n\n\n<p>Salazar tambi\u00e9n&nbsp;<strong>llam\u00f3 a las autoridades y comunitarios a preservar la obra<\/strong>, evitando intervenciones inadecuadas y garantizando su mantenimiento, al tiempo que valor\u00f3 como una bendici\u00f3n para la zona contar con una infraestructura de esta calidad, fruto del&nbsp;<strong>compromiso del Gobierno de cumplir con las demandas sociales y promover el desarrollo sostenible<\/strong>.<em>&nbsp;\u201cEs una bendici\u00f3n para ustedes tener esta obra de calidad y un honor para nosotros y para el presidente poder cumplir con lo que exige la comunidad, con el bienestar de la gente, con la salud de la gente y con el buen vivir de la gente\u201d.<\/em><\/p>\n\n\n\n<figure class=\"wp-block-image\"><img decoding=\"async\" src=\"https:\/\/www.presidencia.gob.do\/sites\/default\/files\/inline-images\/1001569848.jpg\" alt=\"\"\/><\/figure>\n\n\n\n<p><strong>Un Gobierno que cumple lo que promete y que ha transformado la provincia<\/strong><\/p>\n\n\n\n<p>Asimismo, la gobernadora de Mar\u00eda Trinidad S\u00e1nchez,&nbsp;<strong>Mirna L\u00f3pez Polanco<\/strong>, destac\u00f3 el&nbsp;<strong>liderazgo del presidente Abinader<\/strong>, al afirmar que se trata de un Gobierno que cumple lo que promete y que ha transformado la provincia a trav\u00e9s de una&nbsp;<strong>amplia inversi\u00f3n en infraestructura vial<\/strong>. En ese sentido, resalt\u00f3 la construcci\u00f3n de&nbsp;<strong>m\u00e1s de 200 kil\u00f3metros de carreteras<\/strong>&nbsp;durante la actual gesti\u00f3n, incluyendo la v\u00eda inaugurada de unos 13 kil\u00f3metros que conecta comunidades como Los Memisos, Mata Bonita y zonas del Bajo Yuna, as\u00ed como tramos como Arroyo Al Medio\u2013R\u00edo Agua (13.5 km), Boba\u2013Juncal (7 km), San Rafael\u2013Copeyito (12 km) y diversas rutas en R\u00edo San Juan, Sabaneta y Nagua.<\/p>\n\n\n\n<p>Adem\u00e1s,&nbsp;<strong>en representaci\u00f3n de los comunitarios, Santo Burgos<\/strong>&nbsp;expres\u00f3 su profundo agradecimiento al presidente Abinader por hacer realidad&nbsp;<strong>una obra largamente esperada<\/strong>&nbsp;por m\u00e1s de 50 a\u00f1os, destacando que su gesti\u00f3n ha cumplido con la palabra empe\u00f1ada y ha llevado&nbsp;<strong>bienestar, desarrollo y dignidad<\/strong>&nbsp;a comunidades que por d\u00e9cadas enfrentaron dificultades de acceso. Resalt\u00f3 que esta carretera no solo facilita la movilidad y la producci\u00f3n agr\u00edcola, sino que tambi\u00e9n representa&nbsp;<strong>vida, salud y seguridad&nbsp;<\/strong>para los residentes, a la vez que valor\u00f3 el&nbsp;<strong>compromiso del mandatario<\/strong>&nbsp;con ejecutar&nbsp;<strong>soluciones concretas<\/strong>&nbsp;y rodearse de funcionarios que trabajan en beneficio de la gente.<\/p>\n\n\n\n<p><strong>Liderazgo del presidente Abinader en medio de grandes desaf\u00edos<\/strong><\/p>\n\n\n\n<p>El p\u00e1rroco&nbsp;<strong>Luis Mar\u00eda Ram\u00f3n,<\/strong>&nbsp;durante su invocaci\u00f3n, se\u00f1al\u00f3 que en seis a\u00f1os de gesti\u00f3n&nbsp;<strong>el mandatario ha gobernado en tiempos de grandes desaf\u00edos<\/strong>, demostrando su liderazgo en medio de crisis. Indic\u00f3 que el pa\u00eds ha superado situaciones complejas, como problemas de seguridad y el impacto de factores internacionales, logrando avanzar y mantenerse en funcionamiento.<\/p>\n\n\n\n<p>Resalt\u00f3, adem\u00e1s, que el presidente Abinader ha marcado<strong>&nbsp;una l\u00ednea clara frente a la corrupci\u00f3n<\/strong>, al se\u00f1alar que ha demostrado con hechos que \u201ctiene muchos amigos, pero no c\u00f3mplices\u201d, actuando sin titubeos ante irregularidades, sin negociar impunidad y dando ejemplo de integridad en la gesti\u00f3n p\u00fablica.<\/p>\n\n\n\n<figure class=\"wp-block-image\"><img decoding=\"async\" src=\"https:\/\/www.presidencia.gob.do\/sites\/default\/files\/inline-images\/1001569908.jpg\" alt=\"\"\/><\/figure>\n\n\n\n<p>Asimismo, destac\u00f3 que actualmente se registra&nbsp;<strong>una de las tasas de homicidios m\u00e1s bajas en la historia<\/strong>, junto a importantes&nbsp;<strong>avances<\/strong>&nbsp;en \u00e1reas como&nbsp;<strong>salud, infraestructura y servicios b\u00e1sicos<\/strong>. Tambi\u00e9n resalt\u00f3 la&nbsp;<strong>firmeza del presidente<\/strong>&nbsp;ante situaciones que han puesto a prueba la&nbsp;<strong>soberan\u00eda nacional,<\/strong>&nbsp;subrayando que ha actuado con determinaci\u00f3n y responsabilidad, sin comprometer los intereses del pa\u00eds ni perder el sentido humano.<em>&nbsp;\u201cEso es firmeza con dignidad y coraje sin prepotencia\u201d,<\/em>&nbsp;expres\u00f3.<\/p>\n\n\n\n<p>En ese sentido,&nbsp;<strong>valor\u00f3 los logros alcanzados,&nbsp;<\/strong>entre ellos la reducci\u00f3n de enfermedades, la construcci\u00f3n de hospitales y centros de atenci\u00f3n primaria, as\u00ed como la llegada de servicios como agua, energ\u00eda y v\u00edas a&nbsp;<strong>comunidades que por a\u00f1os permanecieron olvidadas.<\/strong><\/p>\n\n\n\n<p>Finalmente, elev\u00f3 una oraci\u00f3n para que Dios bendiga la obra inaugurada en las comunidades de Los Memisos, La Laguna y Mata Bonita, as\u00ed como a todos los que hicieron posible su ejecuci\u00f3n, pidiendo que esta sirva de ejemplo para las futuras generaciones y reafirme la construcci\u00f3n de&nbsp;<strong>una Rep\u00fablica Dominicana basada en la integridad, el di\u00e1logo y decisiones que favorezcan al pueblo<\/strong>.<\/p>\n\n\n\n<p>Esta infraestructura vial forma parte del&nbsp;<strong>Programa de Responsabilidad Social de Egehid<\/strong>, orientado a impulsar obras que contribuyan al desarrollo integral de las&nbsp;<strong>comunidades donde operan los complejos hidroel\u00e9ctricos.<\/strong><\/p>\n\n\n\n<p>Estuvieron presentes el senador de Mar\u00eda Trinidad S\u00e1nchez,&nbsp;<strong>Alexis Victoria Yeb<\/strong>; el gerente general del Banco de Desarrollo y Exportaciones (Bandex),&nbsp;<strong>Catalino Correa Hiciano<\/strong>; el director de la Direcci\u00f3n de Infraestructura Escolar,&nbsp;<strong>Roberto Herrera<\/strong>; el alcalde del municipio de Nagua,&nbsp;<strong>Junior Peralta&nbsp;<\/strong>y del distrito municipal Las Gordas,&nbsp;<strong>Julio C\u00e9sar de la Cruz<\/strong>; as\u00ed como los diputados&nbsp;<strong>Jes\u00fas Stalyn V\u00e1zquez y Jorge Cavoli.<\/strong><\/p>\n\n\n\n<p>Con informaci\u00f3n de la Presidencia de la Rep\u00fablica.<\/p>\n","protected":false},"excerpt":{"rendered":"<p>Administrador de Egehid, Rafael Salazar, dice que la obra responde a la visi\u00f3n del presidente Abinader de llevar soluciones a las comunidades. 26 de Abril 2026 r: Mar\u00eda Trinidad S\u00e1nchez.\u2013&nbsp;El presidente Luis Abinader&nbsp;inaugur\u00f3 este domingo la&nbsp;carretera Mata Bonita\u2013Los Memisos, de 13.8 kil\u00f3metros de longitud, en el distrito municipal de&nbsp;Las Gordas, municipio de&nbsp;Nagua, construida por la [&hellip;]<\/p>\n","protected":false},"author":28,"featured_media":675532,"comment_status":"open","ping_status":"closed","sticky":false,"template":"","format":"standard","meta":{"footnotes":""},"categories":[36,20],"tags":[4105,5690],"class_list":["post-675531","post","type-post","status-publish","format-standard","has-post-thumbnail","hentry","category-hombresmujeresycosas","category-dominicana-hoy","tag-abinader","tag-carretera-mata-bonita-los-memisos"],"_links":{"self":[{"href":"https:\/\/diariodominicano.com\/index.php?rest_route=\/wp\/v2\/posts\/675531","targetHints":{"allow":["GET"]}}],"collection":[{"href":"https:\/\/diariodominicano.com\/index.php?rest_route=\/wp\/v2\/posts"}],"about":[{"href":"https:\/\/diariodominicano.com\/index.php?rest_route=\/wp\/v2\/types\/post"}],"author":[{"embeddable":true,"href":"https:\/\/diariodominicano.com\/index.php?rest_route=\/wp\/v2\/users\/28"}],"replies":[{"embeddable":true,"href":"https:\/\/diariodominicano.com\/index.php?rest_route=%2Fwp%2Fv2%2Fcomments&post=675531"}],"version-history":[{"count":1,"href":"https:\/\/diariodominicano.com\/index.php?rest_route=\/wp\/v2\/posts\/675531\/revisions"}],"predecessor-version":[{"id":675533,"href":"https:\/\/diariodominicano.com\/index.php?rest_route=\/wp\/v2\/posts\/675531\/revisions\/675533"}],"wp:featuredmedia":[{"embeddable":true,"href":"https:\/\/diariodominicano.com\/index.php?rest_route=\/wp\/v2\/media\/675532"}],"wp:attachment":[{"href":"https:\/\/diariodominicano.com\/index.php?rest_route=%2Fwp%2Fv2%2Fmedia&parent=675531"}],"wp:term":[{"taxonomy":"category","embeddable":true,"href":"https:\/\/diariodominicano.com\/index.php?rest_route=%2Fwp%2Fv2%2Fcategories&post=675531"},{"taxonomy":"post_tag","embeddable":true,"href":"https:\/\/diariodominicano.com\/index.php?rest_route=%2Fwp%2Fv2%2Ftags&post=675531"}],"curies":[{"name":"wp","href":"https:\/\/api.w.org\/{rel}","templated":true}]}}