{"id":675528,"date":"2026-04-27T02:27:09","date_gmt":"2026-04-27T06:27:09","guid":{"rendered":"https:\/\/diariodominicano.com\/?p=675528"},"modified":"2026-04-27T02:27:19","modified_gmt":"2026-04-27T06:27:19","slug":"presidente-abinader-inaugura-nuevo-liceo-en-copeyito-rio-san-juan","status":"publish","type":"post","link":"https:\/\/diariodominicano.com\/?p=675528","title":{"rendered":"Presidente Abinader inaugura nuevo  liceo en Copeyito, R\u00edo San Juan"},"content":{"rendered":"\n<h3 class=\"wp-block-heading\">De manera simult\u00e1nea, ministro de Educaci\u00f3n Luis Miguel De Camps, inaugura Escuela Primaria Raquel de la Rosa Fa\u00f1a<\/h3>\n\n\n\n<p>26 de Abril 2026 <\/p>\n\n\n\n<figure class=\"wp-block-image\"><img decoding=\"async\" src=\"https:\/\/platform-cdn.sharethis.com\/img\/facebook.svg\" alt=\"facebook sharing button\"\/><\/figure>\n\n\n\n<figure class=\"wp-block-image\"><img decoding=\"async\" src=\"https:\/\/platform-cdn.sharethis.com\/img\/sharethis.svg\" alt=\"sharethis sharing button\"\/><\/figure>\n\n\n\n<p>R\u00edo San Juan, RD.- En beneficio de\u00a0<strong>m\u00e1s de 280 estudiantes de Copeyito<\/strong>, el presidente Luis Abinader\u00a0<strong>inaugur\u00f3 el liceo<\/strong>\u00a0que lleva el mismo nombre y que hab\u00eda sido deseado con ansias por esta comunidad durante\u00a0<strong>m\u00e1s de una d\u00e9cada.<\/strong><\/p>\n\n\n\n<p>A partir de ahora, estudiantes, maestros y personal administrativo podr\u00e1n desempe\u00f1ar sus responsabilidades diarias en&nbsp;<strong>espacios f\u00edsicos adecuados<\/strong>&nbsp;para el aprendizaje y la ense\u00f1anza, el crecimiento y un futuro promisorio.<\/p>\n\n\n\n<p>Ubicado en R\u00edo San Juan, provincia Mar\u00eda Trinidad S\u00e1nchez, el Liceo Copeyito refuerza el sistema educativo p\u00fablico nacional con seis aulas, laboratorio de inform\u00e1tica, laboratorio de ciencias, sala de enfermer\u00eda, sal\u00f3n de profesores, cancha mixta, entre otros.<\/p>\n\n\n\n<p><strong>Roberto Herrera<\/strong>, director de Infraestructura Escolar, destac\u00f3 que este centro educativo de nivel medio fue concluido a trav\u00e9s del&nbsp;<strong>Plan \u201cAulas 24\/7-365\u201d<\/strong>, puesto en marcha por el Ministerio de Educaci\u00f3n para retomar&nbsp;<strong>obras abandonadas<\/strong>, as\u00ed como ampliar y fortalecer la infraestructura escolar, con especial atenci\u00f3n en&nbsp;<strong>comunidades<\/strong>&nbsp;que requieren respuestas concretas.<\/p>\n\n\n\n<p>Previo a estas palabras, el<strong>&nbsp;p\u00e1rroco Ram\u00f3n Andr\u00e9s Hern\u00e1ndez<\/strong>, valor\u00f3 como positiva la gesti\u00f3n de Gobierno del presidente Abinader, destacando que se ha trabajado&nbsp;<strong>en favor del bien com\u00fan y el desarrollo del pa\u00eds.<\/strong><\/p>\n\n\n\n<p><strong>Inaugura escuela en R\u00edo San Juan<\/strong><\/p>\n\n\n\n<p>De manera simult\u00e1nea, en representaci\u00f3n del presidente Luis Abinader, el ministro de Educaci\u00f3n,&nbsp;<strong>Luis Miguel De Camps<\/strong>, realiz\u00f3 la inauguraci\u00f3n de la&nbsp;<strong>Escuela Primaria Raquel de la Rosa Fa\u00f1a<\/strong>, en la comunidad&nbsp;<strong>El Ed\u00e9n<\/strong>, R\u00edo San Juan,&nbsp;<strong>tambi\u00e9n esperada por los lugare\u00f1os durante 14 a\u00f1os.<\/strong><\/p>\n\n\n\n<p>Al igual que el Liceo Copeyito, la terminaci\u00f3n del plantel educativo, iniciado en 2012,<strong>&nbsp;se realiz\u00f3 a trav\u00e9s del Plan \u201cAulas 24\/7-365\u201d,<\/strong>&nbsp;que instituy\u00f3 el mandatario.<\/p>\n\n\n\n<p>En la escuela, que impactar\u00e1 a&nbsp;<strong>m\u00e1s de 400 alumnos<\/strong>, se hizo una inversi\u00f3n de&nbsp;<strong>RD 96,349,342<\/strong>&nbsp;en sus 17 aulas, biblioteca, cancha deportiva, plaza c\u00edvica y sal\u00f3n multiusos.<\/p>\n\n\n\n<p>En las palabras centrales, De Camps dijo que la entrega del plantel escolar responde a la necesidad de acompa\u00f1ar a los estudiantes en&nbsp;<strong>un espacio en el cual se construyen las bases para el futuro<\/strong>, donde&nbsp;<em>\u00abse despertar\u00e1n vocaciones, se comenzar\u00e1n a construir los proyectos de vida de cientos y cientos de ni\u00f1as y de ni\u00f1os de esta comunidad\u00bb.<\/em><\/p>\n\n\n\n<figure class=\"wp-block-image\"><img decoding=\"async\" src=\"https:\/\/www.presidencia.gob.do\/sites\/default\/files\/inline-images\/1001570158.jpg\" alt=\"\"\/><\/figure>\n\n\n\n<p>Llam\u00f3 a las familias de R\u00edo San Juan a hacerse parte de la vida de la escuela acompa\u00f1ando el proceso educativo y a los estudiantes para&nbsp;<strong>llenar las aulas con sus sue\u00f1os, con disciplina y compromiso.<\/strong><\/p>\n\n\n\n<p>En nombre de los estudiantes,&nbsp;<strong>Lismary Mart\u00ednez Caraballo<\/strong>, de cuarto grado, agradeci\u00f3 por la obra y la apuesta del presidente Luis Abinader por ellos, al garantizarle el&nbsp;<strong>derecho a la educaci\u00f3n,&nbsp;<\/strong>lo que los llevar\u00e1 a alcanzar la meta de ser profesionales para&nbsp;<strong>su progreso y el servicio el pa\u00eds.<\/strong><\/p>\n\n\n\n<figure class=\"wp-block-image\"><img decoding=\"async\" src=\"https:\/\/www.presidencia.gob.do\/sites\/default\/files\/inline-images\/1001570149_1.jpg\" alt=\"\"\/><\/figure>\n\n\n\n<p>En el acto participaron la gobernadora&nbsp;<strong>Mar\u00eda L\u00f3pez<\/strong>; el senador&nbsp;<strong>Alexis Victoria Yeb<\/strong>; el director de Instituto Nacional de Bienestar Estudiantil&nbsp;<strong>(Inabie)<\/strong>, &nbsp;del Sistema Nacional de Transporte Estudiantil&nbsp;<strong>(Trae),<\/strong>&nbsp;<strong>Luis Felipe Cartagena,<\/strong>&nbsp;y de Desarrollo de la Comunidad,&nbsp;<strong>Modesto Guzm\u00e1n<\/strong>; tambi\u00e9n el director general del Bandex,&nbsp;<strong>Catalino Correa.<\/strong><\/p>\n\n\n\n<p>Con informaci\u00f3n de la Presidencia de la Rep\u00fablica.<\/p>\n","protected":false},"excerpt":{"rendered":"<p>De manera simult\u00e1nea, ministro de Educaci\u00f3n Luis Miguel De Camps, inaugura Escuela Primaria Raquel de la Rosa Fa\u00f1a 26 de Abril 2026 R\u00edo San Juan, RD.- En beneficio de\u00a0m\u00e1s de 280 estudiantes de Copeyito, el presidente Luis Abinader\u00a0inaugur\u00f3 el liceo\u00a0que lleva el mismo nombre y que hab\u00eda sido deseado con ansias por esta comunidad durante\u00a0m\u00e1s [&hellip;]<\/p>\n","protected":false},"author":28,"featured_media":675529,"comment_status":"open","ping_status":"closed","sticky":false,"template":"","format":"standard","meta":{"footnotes":""},"categories":[20,27],"tags":[4105,5688,5689],"class_list":["post-675528","post","type-post","status-publish","format-standard","has-post-thumbnail","hentry","category-dominicana-hoy","category-portada","tag-abinader","tag-liceo-en-copeyito","tag-rio-san-juan"],"_links":{"self":[{"href":"https:\/\/diariodominicano.com\/index.php?rest_route=\/wp\/v2\/posts\/675528","targetHints":{"allow":["GET"]}}],"collection":[{"href":"https:\/\/diariodominicano.com\/index.php?rest_route=\/wp\/v2\/posts"}],"about":[{"href":"https:\/\/diariodominicano.com\/index.php?rest_route=\/wp\/v2\/types\/post"}],"author":[{"embeddable":true,"href":"https:\/\/diariodominicano.com\/index.php?rest_route=\/wp\/v2\/users\/28"}],"replies":[{"embeddable":true,"href":"https:\/\/diariodominicano.com\/index.php?rest_route=%2Fwp%2Fv2%2Fcomments&post=675528"}],"version-history":[{"count":1,"href":"https:\/\/diariodominicano.com\/index.php?rest_route=\/wp\/v2\/posts\/675528\/revisions"}],"predecessor-version":[{"id":675530,"href":"https:\/\/diariodominicano.com\/index.php?rest_route=\/wp\/v2\/posts\/675528\/revisions\/675530"}],"wp:featuredmedia":[{"embeddable":true,"href":"https:\/\/diariodominicano.com\/index.php?rest_route=\/wp\/v2\/media\/675529"}],"wp:attachment":[{"href":"https:\/\/diariodominicano.com\/index.php?rest_route=%2Fwp%2Fv2%2Fmedia&parent=675528"}],"wp:term":[{"taxonomy":"category","embeddable":true,"href":"https:\/\/diariodominicano.com\/index.php?rest_route=%2Fwp%2Fv2%2Fcategories&post=675528"},{"taxonomy":"post_tag","embeddable":true,"href":"https:\/\/diariodominicano.com\/index.php?rest_route=%2Fwp%2Fv2%2Ftags&post=675528"}],"curies":[{"name":"wp","href":"https:\/\/api.w.org\/{rel}","templated":true}]}}