{"id":675496,"date":"2026-04-27T01:38:59","date_gmt":"2026-04-27T05:38:59","guid":{"rendered":"https:\/\/diariodominicano.com\/?p=675496"},"modified":"2026-04-27T01:39:04","modified_gmt":"2026-04-27T05:39:04","slug":"asesinan-a-ministro-de-defensa-de-mali-en-medio-de-ataques-coordinados-en-diversas-ciudades-reportan-fuentes","status":"publish","type":"post","link":"https:\/\/diariodominicano.com\/?p=675496","title":{"rendered":"Asesinan a ministro de Defensa de Mali en medio de ataques coordinados en diversas ciudades, reportan fuentes"},"content":{"rendered":"\n<p><em>spanish.news.cn<\/em>|<em>&nbsp;2026-04-26 22:08:30<\/em>|<\/p>\n\n\n\n<p>BAMAKO, 26 abr (Xinhua) &#8212; El ministro de Defensa de Mali, Sadio Camara, fue asesinado durante un ataque contra su residencia en la localidad de Kati, cerca de la capital maliense de Bamako, el cual fue perpetrado por grupos terroristas armados, dijeron este domingo a Xinhua algunas fuentes.<\/p>\n\n\n\n<p>Las fuentes, que pidieron el anonimato, indicaron que grupos terroristas armados lanzaron ataques coordinados contra varias ciudades en todo el pa\u00eds el s\u00e1bado, con un saldo de 16 personas heridas. La residencia de Camara en Kati tambi\u00e9n fue blanco de ataques, a causa de los cuales murieron el ministro y su segunda esposa.<\/p>\n\n\n\n<p>En un comunicado emitido el s\u00e1bado por la noche, el Gobierno dijo que los ataques estuvieron dirigidos contra diversos sitios, entre ellos las ciudades de guarnici\u00f3n Kati, Sevare, Gao y Kidal, as\u00ed como la capital del pa\u00eds.<\/p>\n\n\n\n<p>Los heridos, incluidos civiles y personal militar, fueron trasladados a instalaciones m\u00e9dicas, se\u00f1al\u00f3 el comunicado, y agreg\u00f3 que los da\u00f1os materiales fueron limitados.<\/p>\n\n\n\n<p>Hasta este domingo por la ma\u00f1ana, el Gobierno no hab\u00eda emitido ninguna declaraci\u00f3n oficial que confirmara la muerte del ministro.<\/p>\n\n\n\n<p>El Estado Mayor General de las Fuerzas Armadas de Mali indic\u00f3 hoy que contin\u00faan las operaciones de b\u00fasqueda de grupos terroristas armados en Kidal, Kati y otras partes del pa\u00eds luego de los ataques del s\u00e1bado.<\/p>\n\n\n\n<p>En otro comunicado, el ej\u00e9rcito mencion\u00f3 que los ataques tuvieron el objetivo de perturbar el sistema de defensa del pa\u00eds y de propagar el temor y el caos.<\/p>\n\n\n\n<p>A nivel nacional se elevaron los niveles de alerta, se impusieron toques de queda, se intensificaron los patrullajes a gran escala y se reforzaron los puestos de control para fortalecer la vigilancia ante las amenazas a la seguridad, a\u00f1adi\u00f3.<\/p>\n\n\n\n<p>El Estado Mayor General reafirm\u00f3 que las Fuerzas Armadas de Mali mantienen su compromiso de defender la integridad territorial del pa\u00eds y de garantizar la seguridad nacional.<\/p>\n\n\n\n<p>Tambi\u00e9n exhort\u00f3 a la ciudadan\u00eda a permanecer vigilante y a reportar ante las autoridades correspondientes cualquier actividad sospechosa.<\/p>\n","protected":false},"excerpt":{"rendered":"<p>spanish.news.cn|&nbsp;2026-04-26 22:08:30| BAMAKO, 26 abr (Xinhua) &#8212; El ministro de Defensa de Mali, Sadio Camara, fue asesinado durante un ataque contra su residencia en la localidad de Kati, cerca de la capital maliense de Bamako, el cual fue perpetrado por grupos terroristas armados, dijeron este domingo a Xinhua algunas fuentes. Las fuentes, que pidieron el [&hellip;]<\/p>\n","protected":false},"author":28,"featured_media":0,"comment_status":"open","ping_status":"closed","sticky":false,"template":"","format":"standard","meta":{"footnotes":""},"categories":[23],"tags":[5682],"class_list":["post-675496","post","type-post","status-publish","format-standard","hentry","category-internacional","tag-sadio-camara"],"_links":{"self":[{"href":"https:\/\/diariodominicano.com\/index.php?rest_route=\/wp\/v2\/posts\/675496","targetHints":{"allow":["GET"]}}],"collection":[{"href":"https:\/\/diariodominicano.com\/index.php?rest_route=\/wp\/v2\/posts"}],"about":[{"href":"https:\/\/diariodominicano.com\/index.php?rest_route=\/wp\/v2\/types\/post"}],"author":[{"embeddable":true,"href":"https:\/\/diariodominicano.com\/index.php?rest_route=\/wp\/v2\/users\/28"}],"replies":[{"embeddable":true,"href":"https:\/\/diariodominicano.com\/index.php?rest_route=%2Fwp%2Fv2%2Fcomments&post=675496"}],"version-history":[{"count":1,"href":"https:\/\/diariodominicano.com\/index.php?rest_route=\/wp\/v2\/posts\/675496\/revisions"}],"predecessor-version":[{"id":675497,"href":"https:\/\/diariodominicano.com\/index.php?rest_route=\/wp\/v2\/posts\/675496\/revisions\/675497"}],"wp:attachment":[{"href":"https:\/\/diariodominicano.com\/index.php?rest_route=%2Fwp%2Fv2%2Fmedia&parent=675496"}],"wp:term":[{"taxonomy":"category","embeddable":true,"href":"https:\/\/diariodominicano.com\/index.php?rest_route=%2Fwp%2Fv2%2Fcategories&post=675496"},{"taxonomy":"post_tag","embeddable":true,"href":"https:\/\/diariodominicano.com\/index.php?rest_route=%2Fwp%2Fv2%2Ftags&post=675496"}],"curies":[{"name":"wp","href":"https:\/\/api.w.org\/{rel}","templated":true}]}}