{"id":675492,"date":"2026-04-27T01:33:30","date_gmt":"2026-04-27T05:33:30","guid":{"rendered":"https:\/\/diariodominicano.com\/?p=675492"},"modified":"2026-04-27T01:34:17","modified_gmt":"2026-04-27T05:34:17","slug":"trump-dice-que-eeuu-ya-no-enviara-delegaciones-para-conversar-con-iran","status":"publish","type":"post","link":"https:\/\/diariodominicano.com\/?p=675492","title":{"rendered":"Trump dice que EEUU ya no enviar\u00e1 delegaciones para conversar con Ir\u00e1n"},"content":{"rendered":"\n<p><em>spanish.news.cn<\/em>|<em>&nbsp;2026-04-27 01:21:00<\/em>|<\/p>\n\n\n\n<p>WASHINGTON, 26 abr (Xinhua) &#8212; El presidente de Estados Unidos, Donald Trump, dijo hoy domingo que ya no enviar\u00e1 delegaciones para conversar con Ir\u00e1n.<\/p>\n\n\n\n<p><\/p>\n\n\n\n<p>\u00abSi ellos (los iran\u00edes) quieren hablar, pueden venir o nos pueden llamar\u00bb, coment\u00f3 Trump a Fox News.<\/p>\n\n\n\n<p>\u00abSi ellos quieren, podemos conversar. Sin embargo, no enviaremos a gente que viaje 18 horas para reunirse\u00bb, a\u00f1adi\u00f3.<\/p>\n\n\n\n<p>Trump expres\u00f3 que tiene un gran respeto hacia Pakist\u00e1n, pa\u00eds que ha organizado las conversaciones entre Estados Unidos e Ir\u00e1n en Islamabad, y que Pakist\u00e1n permanecer\u00e1 involucrado.<\/p>\n\n\n\n<p>Trump reiter\u00f3 que Ir\u00e1n no puede tener armas nucleares. \u00abAs\u00ed que, si ellos quieren, nos pueden llamar. Pero, de nuevo, ellos saben lo que debe incluir el acuerdo. Muy simple: ellos no pueden poseer un arma nuclear. De lo contrario, no hay raz\u00f3n para reunirnos\u00bb, afirm\u00f3 el presidente estadounidense.<\/p>\n\n\n\n<p>El presidente de Ir\u00e1n, Masoud Pezeshkian, dijo que la presi\u00f3n de Estados Unidos y sus acciones hostiles est\u00e1n socavando la confianza y han hecho m\u00e1s complicado el progreso hacia la reanudaci\u00f3n de las conversaciones, de acuerdo con un comunicado emitido por su oficina la ma\u00f1ana de hoy domingo.<\/p>\n\n\n\n<p>Washington no puede buscar negociar mientras incrementa la presi\u00f3n sobre Ir\u00e1n, a\u00f1adi\u00f3, y expres\u00f3 que tales acciones \u00abperturban la atm\u00f3sfera necesaria\u00bb para la diplomacia.<\/p>\n\n\n\n<p><a href=\"https:\/\/www.facebook.com\/sharer\/sharer.php?u=https:\/\/spanish.xinhuanet.com\/20260427\/668cca49f92d4c3f9219e06d89c7b6c5\/c.html\" target=\"_blank\" rel=\"noreferrer noopener\"><\/a>&nbsp;<a href=\"https:\/\/twitter.com\/intent\/tweet?text=Trump%20dice%20que%20EEUU%20ya%20no%20enviar%C3%A1%20delegaciones%20para%20conversar%20con%20Ir%C3%A1n&amp;url=https:\/\/spanish.xinhuanet.com\/20260427\/668cca49f92d4c3f9219e06d89c7b6c5\/c.html\" target=\"_blank\" rel=\"noreferrer noopener\"><\/a>&nbsp;<a target=\"_blank\" href=\"https:\/\/service.weibo.com\/share\/share.php?title=Trump%20dice%20que%20EEUU%20ya%20no%20enviar%C3%A1%20delegaciones%20para%20conversar%20con%20Ir%C3%A1n&amp;url=https:\/\/spanish.xinhuanet.com\/20260427\/668cca49f92d4c3f9219e06d89c7b6c5\/c.html\" rel=\"noreferrer noopener\"><\/a>&nbsp;<a><\/a><\/p>\n\n\n\n<figure class=\"wp-block-image\"><img decoding=\"async\" src=\"https:\/\/imgs.news.cn\/res\/xhwimg\/spanish\/20170522\/img\/jc-xfa.png\" alt=\"\"\/><\/figure>\n","protected":false},"excerpt":{"rendered":"<p>spanish.news.cn|&nbsp;2026-04-27 01:21:00| WASHINGTON, 26 abr (Xinhua) &#8212; El presidente de Estados Unidos, Donald Trump, dijo hoy domingo que ya no enviar\u00e1 delegaciones para conversar con Ir\u00e1n. \u00abSi ellos (los iran\u00edes) quieren hablar, pueden venir o nos pueden llamar\u00bb, coment\u00f3 Trump a Fox News. \u00abSi ellos quieren, podemos conversar. Sin embargo, no enviaremos a gente que [&hellip;]<\/p>\n","protected":false},"author":28,"featured_media":672127,"comment_status":"open","ping_status":"closed","sticky":false,"template":"","format":"standard","meta":{"footnotes":""},"categories":[23,27],"tags":[5004],"class_list":["post-675492","post","type-post","status-publish","format-standard","has-post-thumbnail","hentry","category-internacional","category-portada","tag-trump"],"_links":{"self":[{"href":"https:\/\/diariodominicano.com\/index.php?rest_route=\/wp\/v2\/posts\/675492","targetHints":{"allow":["GET"]}}],"collection":[{"href":"https:\/\/diariodominicano.com\/index.php?rest_route=\/wp\/v2\/posts"}],"about":[{"href":"https:\/\/diariodominicano.com\/index.php?rest_route=\/wp\/v2\/types\/post"}],"author":[{"embeddable":true,"href":"https:\/\/diariodominicano.com\/index.php?rest_route=\/wp\/v2\/users\/28"}],"replies":[{"embeddable":true,"href":"https:\/\/diariodominicano.com\/index.php?rest_route=%2Fwp%2Fv2%2Fcomments&post=675492"}],"version-history":[{"count":2,"href":"https:\/\/diariodominicano.com\/index.php?rest_route=\/wp\/v2\/posts\/675492\/revisions"}],"predecessor-version":[{"id":675495,"href":"https:\/\/diariodominicano.com\/index.php?rest_route=\/wp\/v2\/posts\/675492\/revisions\/675495"}],"wp:featuredmedia":[{"embeddable":true,"href":"https:\/\/diariodominicano.com\/index.php?rest_route=\/wp\/v2\/media\/672127"}],"wp:attachment":[{"href":"https:\/\/diariodominicano.com\/index.php?rest_route=%2Fwp%2Fv2%2Fmedia&parent=675492"}],"wp:term":[{"taxonomy":"category","embeddable":true,"href":"https:\/\/diariodominicano.com\/index.php?rest_route=%2Fwp%2Fv2%2Fcategories&post=675492"},{"taxonomy":"post_tag","embeddable":true,"href":"https:\/\/diariodominicano.com\/index.php?rest_route=%2Fwp%2Fv2%2Ftags&post=675492"}],"curies":[{"name":"wp","href":"https:\/\/api.w.org\/{rel}","templated":true}]}}