{"id":675485,"date":"2026-04-27T01:23:10","date_gmt":"2026-04-27T05:23:10","guid":{"rendered":"https:\/\/diariodominicano.com\/?p=675485"},"modified":"2026-04-27T01:23:16","modified_gmt":"2026-04-27T05:23:16","slug":"bielorrusia-conmemora-40-aniversario-de-desastre-de-chernobil","status":"publish","type":"post","link":"https:\/\/diariodominicano.com\/?p=675485","title":{"rendered":"Bielorrusia conmemora 40\u00b0 aniversario de desastre de Chern\u00f3bil"},"content":{"rendered":"\n<p><em>spanish.news.cn<\/em>|<em>&nbsp;2026-04-27 06:13:15<\/em>|<\/p>\n\n\n\n<p>MINSK, 26 abr (Xinhua) &#8212; Bielorrusia observ\u00f3 hoy domingo el 40\u00b0 aniversario del desastre nuclear de Chern\u00f3bil con actos conmemorativos en todo el pa\u00eds.<\/p>\n\n\n\n<p>Los residentes de Minsk se reunieron en el monumento de Chern\u00f3bil para rendir homenaje a las v\u00edctimas y a los h\u00e9roes que sacrificaron su vida en las operaciones de limpieza.<\/p>\n\n\n\n<p>El Ministerio de Relaciones Exteriores de Bielorrusia expres\u00f3 la disposici\u00f3n del pa\u00eds para el di\u00e1logo internacional sobre el manejo de las consecuencias actuales del desastre de Chern\u00f3bil, y destac\u00f3 su compromiso con los esfuerzos colectivos de gesti\u00f3n del desastre y protecci\u00f3n de la salud.<\/p>\n\n\n\n<p>El 26 de abril de 1986, el reactor n\u00famero 4 de la central nuclear de Chern\u00f3bil en la exrep\u00fablica sovi\u00e9tica de Ucrania explot\u00f3 y liber\u00f3 m\u00e1s de ocho toneladas de material altamente radiactivo. Bielorrusia, una exrep\u00fablica sovi\u00e9tica en ese momento, tambi\u00e9n sufri\u00f3 las peores consecuencias de la lluvia radiactiva.<\/p>\n\n\n\n<p>Desde que ocurri\u00f3 la tragedia, Bielorrusia ha desarrollado un importante conocimiento de gesti\u00f3n del efecto de tales desastres tecnol\u00f3gicos, ha implementado seis programas estatales de recuperaci\u00f3n y ha creado una red de m\u00e1s de 500 laboratorios de control de radiaci\u00f3n, seg\u00fan informes.<\/p>\n\n\n\n<p>Bielorrusia ha realizado importantes avances en la reducci\u00f3n de las zonas contaminadas y en el restablecimiento de la normalidad en la calidad de vida en m\u00e1s de 1.657 asentamientos en las \u00faltimas cuatro d\u00e9cadas.<\/p>\n","protected":false},"excerpt":{"rendered":"<p>spanish.news.cn|&nbsp;2026-04-27 06:13:15| MINSK, 26 abr (Xinhua) &#8212; Bielorrusia observ\u00f3 hoy domingo el 40\u00b0 aniversario del desastre nuclear de Chern\u00f3bil con actos conmemorativos en todo el pa\u00eds. Los residentes de Minsk se reunieron en el monumento de Chern\u00f3bil para rendir homenaje a las v\u00edctimas y a los h\u00e9roes que sacrificaron su vida en las operaciones de [&hellip;]<\/p>\n","protected":false},"author":28,"featured_media":0,"comment_status":"open","ping_status":"closed","sticky":false,"template":"","format":"standard","meta":{"footnotes":""},"categories":[26,23],"tags":[],"class_list":["post-675485","post","type-post","status-publish","format-standard","hentry","category-efemerides","category-internacional"],"_links":{"self":[{"href":"https:\/\/diariodominicano.com\/index.php?rest_route=\/wp\/v2\/posts\/675485","targetHints":{"allow":["GET"]}}],"collection":[{"href":"https:\/\/diariodominicano.com\/index.php?rest_route=\/wp\/v2\/posts"}],"about":[{"href":"https:\/\/diariodominicano.com\/index.php?rest_route=\/wp\/v2\/types\/post"}],"author":[{"embeddable":true,"href":"https:\/\/diariodominicano.com\/index.php?rest_route=\/wp\/v2\/users\/28"}],"replies":[{"embeddable":true,"href":"https:\/\/diariodominicano.com\/index.php?rest_route=%2Fwp%2Fv2%2Fcomments&post=675485"}],"version-history":[{"count":1,"href":"https:\/\/diariodominicano.com\/index.php?rest_route=\/wp\/v2\/posts\/675485\/revisions"}],"predecessor-version":[{"id":675486,"href":"https:\/\/diariodominicano.com\/index.php?rest_route=\/wp\/v2\/posts\/675485\/revisions\/675486"}],"wp:attachment":[{"href":"https:\/\/diariodominicano.com\/index.php?rest_route=%2Fwp%2Fv2%2Fmedia&parent=675485"}],"wp:term":[{"taxonomy":"category","embeddable":true,"href":"https:\/\/diariodominicano.com\/index.php?rest_route=%2Fwp%2Fv2%2Fcategories&post=675485"},{"taxonomy":"post_tag","embeddable":true,"href":"https:\/\/diariodominicano.com\/index.php?rest_route=%2Fwp%2Fv2%2Ftags&post=675485"}],"curies":[{"name":"wp","href":"https:\/\/api.w.org\/{rel}","templated":true}]}}